{"id":130713,"date":"2024-05-23T01:14:22","date_gmt":"2024-05-23T04:14:22","guid":{"rendered":"https:\/\/www.elsindical.com.ar\/notas\/?p=130713"},"modified":"2024-05-23T01:14:26","modified_gmt":"2024-05-23T04:14:26","slug":"el-kilo-de-pan-aumenta-a-2-400-en-la-provincia","status":"publish","type":"post","link":"https:\/\/www.elsindical.com.ar\/notas\/el-kilo-de-pan-aumenta-a-2-400-en-la-provincia\/","title":{"rendered":"El kilo de pan aumenta a $2.400 en la Provincia"},"content":{"rendered":"\n<figure class=\"wp-block-image size-full\"><a href=\"https:\/\/www.elsindical.com.ar\/notas\/var\/www\/html\/notas\/wp-content\/uploads\/2022\/03\/pan-panaderia.jpg\"><img loading=\"lazy\" decoding=\"async\" width=\"900\" height=\"506\" src=\"https:\/\/www.elsindical.com.ar\/notas\/var\/www\/html\/notas\/wp-content\/uploads\/2022\/03\/pan-panaderia.jpg\" alt=\"\" class=\"wp-image-112521\" srcset=\"https:\/\/www.elsindical.com.ar\/notas\/var\/www\/html\/notas\/wp-content\/uploads\/2022\/03\/pan-panaderia.jpg 900w, https:\/\/www.elsindical.com.ar\/notas\/var\/www\/html\/notas\/wp-content\/uploads\/2022\/03\/pan-panaderia-300x169.jpg 300w, https:\/\/www.elsindical.com.ar\/notas\/var\/www\/html\/notas\/wp-content\/uploads\/2022\/03\/pan-panaderia-768x432.jpg 768w, https:\/\/www.elsindical.com.ar\/notas\/var\/www\/html\/notas\/wp-content\/uploads\/2022\/03\/pan-panaderia-500x281.jpg 500w, https:\/\/www.elsindical.com.ar\/notas\/var\/www\/html\/notas\/wp-content\/uploads\/2022\/03\/pan-panaderia-460x260.jpg 460w\" sizes=\"auto, (max-width: 900px) 100vw, 900px\" \/><\/a><\/figure>\n\n\n\n<p>El kilo de pan aumentar\u00e1 a partir del pr\u00f3ximo lunes en varios distritos de la provincia de Buenos Aires.<\/p>\n\n\n\n<p><strong>El precio del kilo de pan aumentar\u00e1 a valores entre $ 2.200 y $ 2.400 en la provincia de Buenos Aires<\/strong>\u00a0a partir de la semana pr\u00f3xima.<\/p>\n\n\n\n<p>\u201cNos vemos en la obligaci\u00f3n de sacar una nueva lista de precios a nivel provincial, a partir del lunes 27, que establece que el precio sugerido del kilo de pan ser\u00e1 de<strong> 2.200 pesos, y 2.400 <\/strong>en la zonas c\u00e9ntricas\u201d, se\u00f1al\u00f3 Mart\u00edn Pinto, presidente del Centro de Industriales Panaderos de Merlo.<\/p>\n\n\n\n<p><strong>El alza obedece a los aumentos en materia de tarifas de los servicios p\u00fablicos, las materias primas, los alquileres y las paritarias.<\/strong><\/p>\n\n\n\n<p>\u201c<strong>Debemos tomar esta dr\u00e1stica resoluci\u00f3n para parar un poco con los cierres de panader\u00edas<\/strong>, intentar que no se sigan fundiendo los colegas y que no nos quedemos sin fuente de trabajo\u201d, precis\u00f3.<\/p>\n\n\n\n<p>Alunos de los centros de panaderos que adoptaron la medida, adem\u00e1s del mencionado de Merlo, son los de Marcos Paz, Las Heras, Moreno, General Rodr\u00edguez, San Miguel, Jos\u00e9 C. Paz, Malvinas Argentinas, Quilmes, Florencio Varela, San Pedro, Lobos y Navarro, entre otros.<\/p>\n","protected":false},"excerpt":{"rendered":"<p>El kilo de pan aumentar\u00e1 a partir del pr\u00f3ximo lunes en varios distritos de la provincia de Buenos Aires. El precio del kilo de pan aumentar\u00e1 a valores entre $ 2.200 y $ 2.400 en la provincia de Buenos Aires\u00a0a partir de la semana pr\u00f3xima. \u201cNos vemos en la obligaci\u00f3n de sacar una nueva lista&hellip;<\/p>\n","protected":false},"author":1,"featured_media":112521,"comment_status":"open","ping_status":"open","sticky":false,"template":"","format":"standard","meta":{"footnotes":""},"categories":[9],"tags":[42978,2450,16210,25273,4741,1466],"class_list":["post-130713","post","type-post","status-publish","format-standard","has-post-thumbnail","hentry","category-economia","tag-aumento-de-precio","tag-diario-el-sindical","tag-pan","tag-panaderias","tag-precio","tag-provincia-de-buenos-aires"],"_links":{"self":[{"href":"https:\/\/www.elsindical.com.ar\/notas\/wp-json\/wp\/v2\/posts\/130713","targetHints":{"allow":["GET"]}}],"collection":[{"href":"https:\/\/www.elsindical.com.ar\/notas\/wp-json\/wp\/v2\/posts"}],"about":[{"href":"https:\/\/www.elsindical.com.ar\/notas\/wp-json\/wp\/v2\/types\/post"}],"author":[{"embeddable":true,"href":"https:\/\/www.elsindical.com.ar\/notas\/wp-json\/wp\/v2\/users\/1"}],"replies":[{"embeddable":true,"href":"https:\/\/www.elsindical.com.ar\/notas\/wp-json\/wp\/v2\/comments?post=130713"}],"version-history":[{"count":1,"href":"https:\/\/www.elsindical.com.ar\/notas\/wp-json\/wp\/v2\/posts\/130713\/revisions"}],"predecessor-version":[{"id":130714,"href":"https:\/\/www.elsindical.com.ar\/notas\/wp-json\/wp\/v2\/posts\/130713\/revisions\/130714"}],"wp:featuredmedia":[{"embeddable":true,"href":"https:\/\/www.elsindical.com.ar\/notas\/wp-json\/wp\/v2\/media\/112521"}],"wp:attachment":[{"href":"https:\/\/www.elsindical.com.ar\/notas\/wp-json\/wp\/v2\/media?parent=130713"}],"wp:term":[{"taxonomy":"category","embeddable":true,"href":"https:\/\/www.elsindical.com.ar\/notas\/wp-json\/wp\/v2\/categories?post=130713"},{"taxonomy":"post_tag","embeddable":true,"href":"https:\/\/www.elsindical.com.ar\/notas\/wp-json\/wp\/v2\/tags?post=130713"}],"curies":[{"name":"wp","href":"https:\/\/api.w.org\/{rel}","templated":true}]}}