{"id":130710,"date":"2024-05-23T01:06:40","date_gmt":"2024-05-23T04:06:40","guid":{"rendered":"https:\/\/www.elsindical.com.ar\/notas\/?p=130710"},"modified":"2024-05-23T01:06:44","modified_gmt":"2024-05-23T04:06:44","slug":"el-presidente-milei-en-el-luna-park-canto-bailo-arremetio-contra-el-estado-y-critico-el-aborto","status":"publish","type":"post","link":"https:\/\/www.elsindical.com.ar\/notas\/el-presidente-milei-en-el-luna-park-canto-bailo-arremetio-contra-el-estado-y-critico-el-aborto\/","title":{"rendered":"El presidente Milei en el Luna Park: Cant\u00f3, bail\u00f3, arremeti\u00f3 contra el Estado y critic\u00f3 el aborto"},"content":{"rendered":"<div class=\"wp-block-image\">\n<figure class=\"aligncenter size-large\"><a href=\"https:\/\/www.elsindical.com.ar\/notas\/var\/www\/html\/notas\/wp-content\/uploads\/2024\/05\/Milei-luna-park.jpg\"><img loading=\"lazy\" decoding=\"async\" width=\"1024\" height=\"576\" src=\"https:\/\/www.elsindical.com.ar\/notas\/var\/www\/html\/notas\/wp-content\/uploads\/2024\/05\/Milei-luna-park-1024x576.jpg\" alt=\"\" class=\"wp-image-130711\" srcset=\"https:\/\/www.elsindical.com.ar\/notas\/var\/www\/html\/notas\/wp-content\/uploads\/2024\/05\/Milei-luna-park-1024x576.jpg 1024w, https:\/\/www.elsindical.com.ar\/notas\/var\/www\/html\/notas\/wp-content\/uploads\/2024\/05\/Milei-luna-park-300x169.jpg 300w, https:\/\/www.elsindical.com.ar\/notas\/var\/www\/html\/notas\/wp-content\/uploads\/2024\/05\/Milei-luna-park-768x432.jpg 768w, https:\/\/www.elsindical.com.ar\/notas\/var\/www\/html\/notas\/wp-content\/uploads\/2024\/05\/Milei-luna-park-500x281.jpg 500w, https:\/\/www.elsindical.com.ar\/notas\/var\/www\/html\/notas\/wp-content\/uploads\/2024\/05\/Milei-luna-park-460x260.jpg 460w, https:\/\/www.elsindical.com.ar\/notas\/var\/www\/html\/notas\/wp-content\/uploads\/2024\/05\/Milei-luna-park.jpg 1280w\" sizes=\"auto, (max-width: 1024px) 100vw, 1024px\" \/><\/a><\/figure>\n<\/div>\n\n\n<p>El presidente Javier Milei present\u00f3 esta noche su \u00faltimo libro con un show en el Luna Park que comenz\u00f3 con <strong>\u00e9l mismo cantando una versi\u00f3n modificada de la canci\u00f3n \u201cPanic show\u201d de La Renga. <\/strong>El mandatario nacional sali\u00f3 al escenario a las 21:15 horas junto a \u201cLa banda liberal\u201d, integrada entre otros por el diputado nacional de La Libertad Avanza (LLA), Alberto Benegas Lynch, su hermano Joaqu\u00edn Benegas Lynch y Marcelo Ducl\u00f3s.<\/p>\n\n\n\n<p>En la letra adaptada, Milei se\u00f1al\u00f3: \u201c<strong>Toda la casta es de mi apetito\u201d, haciendo referencia a su cl\u00e1sica consigna contra la clase pol\u00edtica tradicional. <\/strong>Aunque se esperaba que interpretara otros temas, el presidente solo enton\u00f3 el hit de La Renga, que es un cl\u00e1sico para \u00e9l desde el principio de sus campa\u00f1as electorales.<\/p>\n\n\n\n<p>Tras terminar de cantar, se quit\u00f3 el saco y qued\u00f3 vestido de traje para explicar los principales lineamientos de su libro.<\/p>\n\n\n\n<p>\u201cHay que <strong>darle las gracias a la Feria del Libro, que con el boicot nos regal\u00f3 est\u00e1 fiesta.<\/strong> Parece que ibas a necesitar m\u00e1s de diez salas Jos\u00e9 Hern\u00e1ndez para recibir esto\u201d, expres\u00f3 Milei en referencia a la pol\u00e9mica por su presencia en la Feria del Libro.<\/p>\n\n\n\n<p><strong>\u201cEl problema no es la gente, el problema son los pol\u00edticos\u201d, afirm\u00f3 Milei<\/strong>, y agreg\u00f3 que \u201cla agenda del aborto es una agenda absolutamente asesina\u201d.<\/p>\n\n\n\n<p>\u201cSi la poblaci\u00f3n se extend\u00eda, entonces los salarios reales se destru\u00edan y la gente se mor\u00eda de hambre. \u00bfY c\u00f3mo se le ocurri\u00f3 a Malthus corregir esto?<strong> Con control de natalidad, cuya versi\u00f3n moderna son los aborteros\u201d, cuestion\u00f3 Milei.<\/strong><\/p>\n\n\n\n<p>Durante su discurso, el presidente volvi\u00f3 a referirse de forma ir\u00f3nica a la crisis diplom\u00e1tica con Espa\u00f1a y afirm\u00f3 que la canciller Diana Mondino iba a pedirle \u201choras extras\u201d.<strong> \u201cEl problema es malo cuando el estado est\u00e1 en el medio, por lo tanto el problema sigue siendo el maldito Estado<\/strong>\u201c, se\u00f1al\u00f3.<\/p>\n\n\n\n<p>El mandatario tambi\u00e9n apunt\u00f3 contra<strong> \u201cesos enemigos que, de repente, tratan de voltear a este gobierno porque quieren que sigan el socialismo y la miseria\u201d, <\/strong>en referencia al Foro de San Pablo y ahora Grupo Puebla.<\/p>\n\n\n\n<p>\u201cDetr\u00e1s del socialismo se esconde la envidia, el odio, el resentimiento, el trato desigual ante la ley, la violencia y el asesinato. <strong>Es la econom\u00eda de los fracasados\u201d<\/strong>, concluy\u00f3 Milei con duros t\u00e9rminos contra el modelo econ\u00f3mico opuesto al que propone.<\/p>\n\n\n\n<p><strong>\u201cCon Federico Sturzenegger, decidimos que vamos a hacer 4 mil reformas estructurales y cuando termine esto van 3 mil m\u00e1s\u201d<\/strong>, anunci\u00f3 sobre su plan econ\u00f3mico. \u201cApuntamos a hacer el pa\u00eds con mayor libertad econ\u00f3mica en el mundo. Ahora empez\u00f3 a entrar en las andadas Irlanda, pero de ser el pa\u00eds m\u00e1s miserable en 35 a\u00f1os pas\u00f3 a tener PBI per c\u00e1pita mayor que EEUU\u201d, agreg\u00f3.<\/p>\n\n\n\n<p>En la primera fila del evento estuvieron la hermana del mandatario y secretaria general de la Presidencia, Karina Milei; la vicepresidenta Victoria Villarruel; los ministros del Interior, Guillermo Francos; de Econom\u00eda, Luis \u201cToto\u201d Caputo; de Seguridad, Patricia Bullrich; de Capital Humano, Sandra Pettovello; el secretario de Turismo, Ambiente y Deportes, Daniel Scioli; y el diputado oficialista Jos\u00e9 Luis Espert.<\/p>\n\n\n\n<p>Tambi\u00e9n se ubicaron en ese lugar principal la actriz Amalia \u201cYuyito\u201d Gonz\u00e1lez; el presidente de la C\u00e1mara de Diputados, Mart\u00edn Menem; los diputados Hern\u00e1n Lombardi, Diego Santilli y Alberto Benegas Lynch; el jefe del bloque de diputados nacionales del PRO, Cristian Ritondo, y los influencers libertarios I\u00f1aki Guti\u00e9rrez y Eugenia Rol\u00f3n. En lugares expectantes adem\u00e1s estuvieron el vocero presidencial, Manuel Adorni; el secretario de Comunicaci\u00f3n, Eduardo Serenellini; y la diputada nacional Lilia Lemoine, entre otros.<\/p>\n","protected":false},"excerpt":{"rendered":"<p>El presidente Javier Milei present\u00f3 esta noche su \u00faltimo libro con un show en el Luna Park que comenz\u00f3 con \u00e9l mismo cantando una versi\u00f3n modificada de la canci\u00f3n \u201cPanic show\u201d de La Renga. El mandatario nacional sali\u00f3 al escenario a las 21:15 horas junto a \u201cLa banda liberal\u201d, integrada entre otros por el diputado&hellip;<\/p>\n","protected":false},"author":1,"featured_media":130711,"comment_status":"open","ping_status":"open","sticky":false,"template":"","format":"standard","meta":{"footnotes":""},"categories":[13],"tags":[4899,2450,849,28812,40628,635,22025],"class_list":["post-130710","post","type-post","status-publish","format-standard","has-post-thumbnail","hentry","category-politica","tag-aborto","tag-diario-el-sindical","tag-estado","tag-javier-milei","tag-lla","tag-luna-park","tag-politica"],"_links":{"self":[{"href":"https:\/\/www.elsindical.com.ar\/notas\/wp-json\/wp\/v2\/posts\/130710","targetHints":{"allow":["GET"]}}],"collection":[{"href":"https:\/\/www.elsindical.com.ar\/notas\/wp-json\/wp\/v2\/posts"}],"about":[{"href":"https:\/\/www.elsindical.com.ar\/notas\/wp-json\/wp\/v2\/types\/post"}],"author":[{"embeddable":true,"href":"https:\/\/www.elsindical.com.ar\/notas\/wp-json\/wp\/v2\/users\/1"}],"replies":[{"embeddable":true,"href":"https:\/\/www.elsindical.com.ar\/notas\/wp-json\/wp\/v2\/comments?post=130710"}],"version-history":[{"count":1,"href":"https:\/\/www.elsindical.com.ar\/notas\/wp-json\/wp\/v2\/posts\/130710\/revisions"}],"predecessor-version":[{"id":130712,"href":"https:\/\/www.elsindical.com.ar\/notas\/wp-json\/wp\/v2\/posts\/130710\/revisions\/130712"}],"wp:featuredmedia":[{"embeddable":true,"href":"https:\/\/www.elsindical.com.ar\/notas\/wp-json\/wp\/v2\/media\/130711"}],"wp:attachment":[{"href":"https:\/\/www.elsindical.com.ar\/notas\/wp-json\/wp\/v2\/media?parent=130710"}],"wp:term":[{"taxonomy":"category","embeddable":true,"href":"https:\/\/www.elsindical.com.ar\/notas\/wp-json\/wp\/v2\/categories?post=130710"},{"taxonomy":"post_tag","embeddable":true,"href":"https:\/\/www.elsindical.com.ar\/notas\/wp-json\/wp\/v2\/tags?post=130710"}],"curies":[{"name":"wp","href":"https:\/\/api.w.org\/{rel}","templated":true}]}}