{"id":130706,"date":"2024-05-23T00:11:56","date_gmt":"2024-05-23T03:11:56","guid":{"rendered":"https:\/\/www.elsindical.com.ar\/notas\/?p=130706"},"modified":"2024-05-23T00:27:45","modified_gmt":"2024-05-23T03:27:45","slug":"los-libertarios-llegaron-en-varios-micros-al-luna-park-para-el-show-de-javier-milei","status":"publish","type":"post","link":"https:\/\/www.elsindical.com.ar\/notas\/los-libertarios-llegaron-en-varios-micros-al-luna-park-para-el-show-de-javier-milei\/","title":{"rendered":"Los libertarios llegaron en varios micros al Luna Park para el show de Javier Milei"},"content":{"rendered":"<div class=\"wp-block-image\">\n<figure class=\"aligncenter size-full is-resized\"><a href=\"https:\/\/www.elsindical.com.ar\/notas\/var\/www\/html\/notas\/wp-content\/uploads\/2024\/05\/Milei-micros-Luna-Park.jpg\"><img loading=\"lazy\" decoding=\"async\" width=\"600\" height=\"489\" src=\"https:\/\/www.elsindical.com.ar\/notas\/var\/www\/html\/notas\/wp-content\/uploads\/2024\/05\/Milei-micros-Luna-Park.jpg\" alt=\"\" class=\"wp-image-130707\" style=\"width:730px;height:auto\" srcset=\"https:\/\/www.elsindical.com.ar\/notas\/var\/www\/html\/notas\/wp-content\/uploads\/2024\/05\/Milei-micros-Luna-Park.jpg 600w, https:\/\/www.elsindical.com.ar\/notas\/var\/www\/html\/notas\/wp-content\/uploads\/2024\/05\/Milei-micros-Luna-Park-300x245.jpg 300w, https:\/\/www.elsindical.com.ar\/notas\/var\/www\/html\/notas\/wp-content\/uploads\/2024\/05\/Milei-micros-Luna-Park-368x300.jpg 368w\" sizes=\"auto, (max-width: 600px) 100vw, 600px\" \/><\/a><\/figure>\n<\/div>\n\n\n<p>Pese a autoproclamarse como \u00abla nueva pol\u00edtica\u00bb, los militantes libertarios arribaron al m\u00edtico estadio en varios escolares.<\/p>\n\n\n\n<p>El presidente <strong>Javier Milei<\/strong> se prepara para cantar en un estadio <strong>Luna Park<\/strong> colmado de libertarios, los que aparentemente no llegaron masivamente de forma espont\u00e1nea y por sus medios, sino que lo hicieron en gran medida en micros.<\/p>\n\n\n\n<p>Si bien la normal pr\u00e1ctica de organizarse y trasladarse en escolares hacia actos, como realizan otros espacios, siempre fue algo estigmatizado por parte de los libertarios, al menos en esta ocasi\u00f3n la pusieron en pr\u00e1ctica.<\/p>\n\n\n\n<p>Como mostraron en C5N y tambi\u00e9n se volvi\u00f3 viral en las redes sociales, en las inmediaciones del m\u00edtico estadio se pudieron ver decenas de micros escolares estacionados.<\/p>\n\n\n\n<figure class=\"wp-block-embed is-type-video is-provider-youtube wp-block-embed-youtube wp-embed-aspect-16-9 wp-has-aspect-ratio\"><div class=\"wp-block-embed__wrapper\">\n<iframe loading=\"lazy\" title=\"Libertarios en micros al Luna Park\" width=\"700\" height=\"394\" src=\"https:\/\/www.youtube.com\/embed\/ZheL-6p7Xjs?feature=oembed\" frameborder=\"0\" allow=\"accelerometer; autoplay; clipboard-write; encrypted-media; gyroscope; picture-in-picture; web-share\" referrerpolicy=\"strict-origin-when-cross-origin\" allowfullscreen><\/iframe>\n<\/div><\/figure>\n\n\n\n<p><strong>Fuentes: Minuto 1 y C5N<\/strong><\/p>\n","protected":false},"excerpt":{"rendered":"<p>Pese a autoproclamarse como \u00abla nueva pol\u00edtica\u00bb, los militantes libertarios arribaron al m\u00edtico estadio en varios escolares. El presidente Javier Milei se prepara para cantar en un estadio Luna Park colmado de libertarios, los que aparentemente no llegaron masivamente de forma espont\u00e1nea y por sus medios, sino que lo hicieron en gran medida en micros.&hellip;<\/p>\n","protected":false},"author":1,"featured_media":130707,"comment_status":"open","ping_status":"open","sticky":false,"template":"","format":"standard","meta":{"footnotes":""},"categories":[13],"tags":[678,2450,28812,35169,2941,635,1721,42977,42976,41617],"class_list":["post-130706","post","type-post","status-publish","format-standard","has-post-thumbnail","hentry","category-politica","tag-acto","tag-diario-el-sindical","tag-javier-milei","tag-libertarios","tag-libro","tag-luna-park","tag-micros","tag-micros-escolares","tag-oresentacion","tag-populismo"],"_links":{"self":[{"href":"https:\/\/www.elsindical.com.ar\/notas\/wp-json\/wp\/v2\/posts\/130706","targetHints":{"allow":["GET"]}}],"collection":[{"href":"https:\/\/www.elsindical.com.ar\/notas\/wp-json\/wp\/v2\/posts"}],"about":[{"href":"https:\/\/www.elsindical.com.ar\/notas\/wp-json\/wp\/v2\/types\/post"}],"author":[{"embeddable":true,"href":"https:\/\/www.elsindical.com.ar\/notas\/wp-json\/wp\/v2\/users\/1"}],"replies":[{"embeddable":true,"href":"https:\/\/www.elsindical.com.ar\/notas\/wp-json\/wp\/v2\/comments?post=130706"}],"version-history":[{"count":2,"href":"https:\/\/www.elsindical.com.ar\/notas\/wp-json\/wp\/v2\/posts\/130706\/revisions"}],"predecessor-version":[{"id":130709,"href":"https:\/\/www.elsindical.com.ar\/notas\/wp-json\/wp\/v2\/posts\/130706\/revisions\/130709"}],"wp:featuredmedia":[{"embeddable":true,"href":"https:\/\/www.elsindical.com.ar\/notas\/wp-json\/wp\/v2\/media\/130707"}],"wp:attachment":[{"href":"https:\/\/www.elsindical.com.ar\/notas\/wp-json\/wp\/v2\/media?parent=130706"}],"wp:term":[{"taxonomy":"category","embeddable":true,"href":"https:\/\/www.elsindical.com.ar\/notas\/wp-json\/wp\/v2\/categories?post=130706"},{"taxonomy":"post_tag","embeddable":true,"href":"https:\/\/www.elsindical.com.ar\/notas\/wp-json\/wp\/v2\/tags?post=130706"}],"curies":[{"name":"wp","href":"https:\/\/api.w.org\/{rel}","templated":true}]}}