{"id":130697,"date":"2024-05-22T12:31:09","date_gmt":"2024-05-22T15:31:09","guid":{"rendered":"https:\/\/www.elsindical.com.ar\/notas\/?p=130697"},"modified":"2024-05-22T12:31:15","modified_gmt":"2024-05-22T15:31:15","slug":"espana-irlanda-y-noruega-reconoceran-a-palestina-como-estado-el-proximo-28-de-mayo","status":"publish","type":"post","link":"https:\/\/www.elsindical.com.ar\/notas\/espana-irlanda-y-noruega-reconoceran-a-palestina-como-estado-el-proximo-28-de-mayo\/","title":{"rendered":"Espa\u00f1a, Irlanda y Noruega reconocer\u00e1n a Palestina como Estado el pr\u00f3ximo 28 de mayo"},"content":{"rendered":"\n<figure class=\"wp-block-image size-large\"><a href=\"https:\/\/www.elsindical.com.ar\/notas\/var\/www\/html\/notas\/wp-content\/uploads\/2024\/05\/banderas-de-Palestina-en-Europa.jpg\"><img loading=\"lazy\" decoding=\"async\" width=\"1024\" height=\"553\" src=\"https:\/\/www.elsindical.com.ar\/notas\/var\/www\/html\/notas\/wp-content\/uploads\/2024\/05\/banderas-de-Palestina-en-Europa-1024x553.jpg\" alt=\"\" class=\"wp-image-130698\" srcset=\"https:\/\/www.elsindical.com.ar\/notas\/var\/www\/html\/notas\/wp-content\/uploads\/2024\/05\/banderas-de-Palestina-en-Europa-1024x553.jpg 1024w, https:\/\/www.elsindical.com.ar\/notas\/var\/www\/html\/notas\/wp-content\/uploads\/2024\/05\/banderas-de-Palestina-en-Europa-300x162.jpg 300w, https:\/\/www.elsindical.com.ar\/notas\/var\/www\/html\/notas\/wp-content\/uploads\/2024\/05\/banderas-de-Palestina-en-Europa-768x415.jpg 768w, https:\/\/www.elsindical.com.ar\/notas\/var\/www\/html\/notas\/wp-content\/uploads\/2024\/05\/banderas-de-Palestina-en-Europa-500x270.jpg 500w, https:\/\/www.elsindical.com.ar\/notas\/var\/www\/html\/notas\/wp-content\/uploads\/2024\/05\/banderas-de-Palestina-en-Europa.jpg 1200w\" sizes=\"auto, (max-width: 1024px) 100vw, 1024px\" \/><\/a><\/figure>\n\n\n\n<p class=\"wp-block-paragraph\">En busca de una soluci\u00f3n de dos Estados de la guerra en la Franja de Gaza, las autoridades de los tres pa\u00edses oficializaron la decisi\u00f3n y esperan que se acoplen m\u00e1s pa\u00edses.<\/p>\n\n\n\n<p class=\"wp-block-paragraph\">Este mi\u00e9rcoles se conoci\u00f3 que <strong>Espa\u00f1a,\u00a0Irlanda y Noruega llevar\u00e1n adelante una acci\u00f3n colectiva para reconocer a Palestina como Estado<\/strong> el pr\u00f3ximo martes 28 de mayo. El objetivo de la misma es alcanzar una \u00abpaz permanente\u00bb entre israel\u00edes y palestinos en medio de <strong>la guerra en Franja de Gaza<\/strong>.<\/p>\n\n\n\n<p class=\"wp-block-paragraph\">Seg\u00fan lo que expres\u00f3 <strong>Simon Harris<\/strong>, primer ministro irland\u00e9s, se trata de <strong>un \u00abd\u00eda hist\u00f3rico para Irlanda y Palestina\u00bb<\/strong>. Adem\u00e1s, el mandatario se\u00f1al\u00f3 que cree posible que se sumen m\u00e1s pa\u00edses en las pr\u00f3ximas semanas con el objetivo de hacer \u00ablo correcto\u00bb.<\/p>\n\n\n\n<p class=\"wp-block-paragraph\">Ante los cuestionamientos por parte de Israel, aclar\u00f3 que&nbsp;\u00abal pueblo de Israel, le digo que <strong>Irlanda reconoce al Estado de Israel y condena los actos salvajes cometidos por Ham\u00e1s en octubre<\/strong>\u00ab.&nbsp;<\/p>\n\n\n\n<p class=\"wp-block-paragraph\">Por su parte, <strong>Pedro S\u00e1nchez<\/strong>, presidente del Gobierno espa\u00f1ol, indic\u00f3 que <strong>la decisi\u00f3n de Espa\u00f1a es apoyada por la coalici\u00f3n oficialista<\/strong>, adem\u00e1s de que cuentan con el apoyo mayoritario de los ciudadanos espa\u00f1oles. Tras ratificar su convencimiento de que <strong>la \u00fanica soluci\u00f3n posible para el conflicto en Oriente Medio es la coexistencia de dos Estados<\/strong>, Israel y Palestina, subray\u00f3 que Espa\u00f1a va a hacer ese reconocimiento por tres razones: por la paz, por la justicia y por coherencia.<\/p>\n\n\n\n<p class=\"wp-block-paragraph\">\u00abEs lo correcto\u00bb, insisti\u00f3 antes de informar de que ha dado cuenta de esta decisi\u00f3n tanto al rey, <strong>Felipe VI<\/strong>, como al secretario general de la ONU, <strong>Antonio Guterres<\/strong>; y a los presidentes del Consejo y la Comisi\u00f3n europeos,<strong> Charles Michel<\/strong> y <strong>Ursula von der Leyen<\/strong>, respectivamente.<\/p>\n\n\n\n<h2 class=\"wp-block-heading\">Decisi\u00f3n de Israel<\/h2>\n\n\n\n<p class=\"wp-block-paragraph\">El ministro israel\u00ed de Exteriores,<strong> Israel Katz<\/strong>, inform\u00f3 despu\u00e9s del anuncio hecho tambi\u00e9n por <strong>Noruega<\/strong> que llamaba a consultas a sus embajadores en Dubl\u00edn y Oslo, y <strong>advirti\u00f3 a Espa\u00f1a de las \u00abconsecuencias graves\u00bb que tendr\u00eda seguir por el mismo camino<\/strong>, justo antes de que el jefe del Gobierno espa\u00f1ol, <strong>Pedro S\u00e1nchez<\/strong>, anunciara tambi\u00e9n que reconocer\u00e1 a palestina como Estado el 28 de mayo.<\/p>\n\n\n\n<p class=\"wp-block-paragraph\">\u00ab<strong>Irlanda y Noruega tienen la intenci\u00f3n de enviar un mensaje a los palestinos y al mundo entero hoy<\/strong>: el terrorismo merece la pena\u00bb, escribi\u00f3 Kantz en un comunicado, en el que, en un tono similar al adoptado en estos \u00faltimos meses de guerra en Gaza, dijo que reconocer a Palestina <strong>equivaldr\u00eda a \u00abrecompensar a Ham\u00e1s\u00bb<\/strong>.<\/p>\n","protected":false},"excerpt":{"rendered":"<p>En busca de una soluci\u00f3n de dos Estados de la guerra en la Franja de Gaza, las autoridades de los tres pa\u00edses oficializaron la decisi\u00f3n y esperan que se acoplen m\u00e1s pa\u00edses. Este mi\u00e9rcoles se conoci\u00f3 que Espa\u00f1a,\u00a0Irlanda y Noruega llevar\u00e1n adelante una acci\u00f3n colectiva para reconocer a Palestina como Estado el pr\u00f3ximo martes 28&hellip;<\/p>\n","protected":false},"author":1,"featured_media":130698,"comment_status":"open","ping_status":"open","sticky":false,"template":"","format":"standard","meta":{"footnotes":""},"categories":[18],"tags":[2450,267,41723,18777,17910,17787,3533],"class_list":["post-130697","post","type-post","status-publish","format-standard","has-post-thumbnail","hentry","category-internacionales","tag-diario-el-sindical","tag-espana","tag-franja-de-gaza","tag-internacionales-2","tag-irlanda","tag-noruega","tag-palestina"],"_links":{"self":[{"href":"https:\/\/www.elsindical.com.ar\/notas\/wp-json\/wp\/v2\/posts\/130697","targetHints":{"allow":["GET"]}}],"collection":[{"href":"https:\/\/www.elsindical.com.ar\/notas\/wp-json\/wp\/v2\/posts"}],"about":[{"href":"https:\/\/www.elsindical.com.ar\/notas\/wp-json\/wp\/v2\/types\/post"}],"author":[{"embeddable":true,"href":"https:\/\/www.elsindical.com.ar\/notas\/wp-json\/wp\/v2\/users\/1"}],"replies":[{"embeddable":true,"href":"https:\/\/www.elsindical.com.ar\/notas\/wp-json\/wp\/v2\/comments?post=130697"}],"version-history":[{"count":1,"href":"https:\/\/www.elsindical.com.ar\/notas\/wp-json\/wp\/v2\/posts\/130697\/revisions"}],"predecessor-version":[{"id":130699,"href":"https:\/\/www.elsindical.com.ar\/notas\/wp-json\/wp\/v2\/posts\/130697\/revisions\/130699"}],"wp:featuredmedia":[{"embeddable":true,"href":"https:\/\/www.elsindical.com.ar\/notas\/wp-json\/wp\/v2\/media\/130698"}],"wp:attachment":[{"href":"https:\/\/www.elsindical.com.ar\/notas\/wp-json\/wp\/v2\/media?parent=130697"}],"wp:term":[{"taxonomy":"category","embeddable":true,"href":"https:\/\/www.elsindical.com.ar\/notas\/wp-json\/wp\/v2\/categories?post=130697"},{"taxonomy":"post_tag","embeddable":true,"href":"https:\/\/www.elsindical.com.ar\/notas\/wp-json\/wp\/v2\/tags?post=130697"}],"curies":[{"name":"wp","href":"https:\/\/api.w.org\/{rel}","templated":true}]}}