{"id":130691,"date":"2024-05-22T12:16:03","date_gmt":"2024-05-22T15:16:03","guid":{"rendered":"https:\/\/www.elsindical.com.ar\/notas\/?p=130691"},"modified":"2024-05-22T12:16:10","modified_gmt":"2024-05-22T15:16:10","slug":"la-propuesta-salarial-para-la-asociacion-judicial-bonaerense-aumento-del-75","status":"publish","type":"post","link":"https:\/\/www.elsindical.com.ar\/notas\/la-propuesta-salarial-para-la-asociacion-judicial-bonaerense-aumento-del-75\/","title":{"rendered":"La propuesta salarial para la Asociaci\u00f3n Judicial Bonaerense: aumento del 7,5%"},"content":{"rendered":"\n<figure class=\"wp-block-image size-large\"><a href=\"https:\/\/www.elsindical.com.ar\/notas\/var\/www\/html\/notas\/wp-content\/uploads\/2024\/05\/paritarias-AJB.jpg\"><img loading=\"lazy\" decoding=\"async\" width=\"1024\" height=\"576\" src=\"https:\/\/www.elsindical.com.ar\/notas\/var\/www\/html\/notas\/wp-content\/uploads\/2024\/05\/paritarias-AJB-1024x576.jpg\" alt=\"\" class=\"wp-image-130692\" srcset=\"https:\/\/www.elsindical.com.ar\/notas\/var\/www\/html\/notas\/wp-content\/uploads\/2024\/05\/paritarias-AJB-1024x576.jpg 1024w, https:\/\/www.elsindical.com.ar\/notas\/var\/www\/html\/notas\/wp-content\/uploads\/2024\/05\/paritarias-AJB-300x169.jpg 300w, https:\/\/www.elsindical.com.ar\/notas\/var\/www\/html\/notas\/wp-content\/uploads\/2024\/05\/paritarias-AJB-768x432.jpg 768w, https:\/\/www.elsindical.com.ar\/notas\/var\/www\/html\/notas\/wp-content\/uploads\/2024\/05\/paritarias-AJB-500x281.jpg 500w, https:\/\/www.elsindical.com.ar\/notas\/var\/www\/html\/notas\/wp-content\/uploads\/2024\/05\/paritarias-AJB-460x260.jpg 460w, https:\/\/www.elsindical.com.ar\/notas\/var\/www\/html\/notas\/wp-content\/uploads\/2024\/05\/paritarias-AJB.jpg 1200w\" sizes=\"auto, (max-width: 1024px) 100vw, 1024px\" \/><\/a><\/figure>\n\n\n\n<p>La Asociaci\u00f3n Judicial Bonaerense analiza la propuesta: un aumento del 7,5%. A partir del segundo semestre, se toma junio como referencia.<\/p>\n\n\n\n<p><strong>Los trabajadores judiciales de la provincia de Buenos Aires (Asociaci\u00f3n Judicial Bonaerense) recibieron la misma oferta que los docentes y estatales: un aumento del 7,5 por ciento en mayo. <\/strong>Adem\u00e1s, en el segundo semestre se tomar\u00e1 como referencia para la negociaci\u00f3n el mes de junio.<\/p>\n\n\n\n<p>La Mesa T\u00e9cnica Salarial entre el Gobierno, la AJB y representantes de la Corte, se realiz\u00f3 ayer en el Ministerio de Trabajo bonaerense. \u201cEl Ejecutivo propuso un nuevo incremento a los b\u00e1sicos del 7,5%\u201d, inform\u00f3 el gremio.<\/p>\n\n\n\n<p>Adem\u00e1s, indicaron que <strong>el incremento ser\u00e1 extensivo a jubilados y pensionados<\/strong> que, de ser aceptado, se liquidar\u00e1 con los haberes de junio con el correspondiente retroactivo a mayo.<\/p>\n\n\n\n<p>A su vez, desde el Ejecutivo informaron un <strong>incremento en igual porcentaje en las asignaciones familiares<\/strong>. Los topes m\u00e1ximos de ingreso para la percepci\u00f3n de las mismas quedar\u00e1n en $929.692 de manera individual y $1.859.384 para el grupo familiar.<\/p>\n\n\n\n<p>La AJB indic\u00f3 que el Ejecutivo inform\u00f3 que se mantendr\u00e1 la instancia mensual de negociaci\u00f3n, por lo cual se realizar\u00e1 la reapertura de la paritaria en junio. <strong>\u201cA partir del segundo semestre se modificar\u00e1 la base de c\u00e1lculo de futuros aumentos tomando como referencia los salarios del mes de junio\u201d<\/strong>, precisaron.<\/p>\n\n\n\n<p>Estaba previsto que este mi\u00e9rcoles se realicen asambleas presenciales en las 20 departamentales, que tambi\u00e9n analizar\u00e1n la adhesi\u00f3n a la jornada nacional de lucha de la Federaci\u00f3n Judicial Argentina (ma\u00f1ana) y la participaci\u00f3n en la movilizaci\u00f3n al Congreso convocada por las centrales sindicales en la fecha de tratamiento de la Ley Bases.<\/p>\n","protected":false},"excerpt":{"rendered":"<p>La Asociaci\u00f3n Judicial Bonaerense analiza la propuesta: un aumento del 7,5%. A partir del segundo semestre, se toma junio como referencia. Los trabajadores judiciales de la provincia de Buenos Aires (Asociaci\u00f3n Judicial Bonaerense) recibieron la misma oferta que los docentes y estatales: un aumento del 7,5 por ciento en mayo. Adem\u00e1s, en el segundo semestre&hellip;<\/p>\n","protected":false},"author":1,"featured_media":130692,"comment_status":"open","ping_status":"open","sticky":false,"template":"","format":"standard","meta":{"footnotes":""},"categories":[16],"tags":[4626,2450,2557,2107],"class_list":["post-130691","post","type-post","status-publish","format-standard","has-post-thumbnail","hentry","category-gremiales","tag-ajb","tag-diario-el-sindical","tag-gobierno-de-la-provincia-de-buenos-aires","tag-paritarias"],"_links":{"self":[{"href":"https:\/\/www.elsindical.com.ar\/notas\/wp-json\/wp\/v2\/posts\/130691","targetHints":{"allow":["GET"]}}],"collection":[{"href":"https:\/\/www.elsindical.com.ar\/notas\/wp-json\/wp\/v2\/posts"}],"about":[{"href":"https:\/\/www.elsindical.com.ar\/notas\/wp-json\/wp\/v2\/types\/post"}],"author":[{"embeddable":true,"href":"https:\/\/www.elsindical.com.ar\/notas\/wp-json\/wp\/v2\/users\/1"}],"replies":[{"embeddable":true,"href":"https:\/\/www.elsindical.com.ar\/notas\/wp-json\/wp\/v2\/comments?post=130691"}],"version-history":[{"count":1,"href":"https:\/\/www.elsindical.com.ar\/notas\/wp-json\/wp\/v2\/posts\/130691\/revisions"}],"predecessor-version":[{"id":130693,"href":"https:\/\/www.elsindical.com.ar\/notas\/wp-json\/wp\/v2\/posts\/130691\/revisions\/130693"}],"wp:featuredmedia":[{"embeddable":true,"href":"https:\/\/www.elsindical.com.ar\/notas\/wp-json\/wp\/v2\/media\/130692"}],"wp:attachment":[{"href":"https:\/\/www.elsindical.com.ar\/notas\/wp-json\/wp\/v2\/media?parent=130691"}],"wp:term":[{"taxonomy":"category","embeddable":true,"href":"https:\/\/www.elsindical.com.ar\/notas\/wp-json\/wp\/v2\/categories?post=130691"},{"taxonomy":"post_tag","embeddable":true,"href":"https:\/\/www.elsindical.com.ar\/notas\/wp-json\/wp\/v2\/tags?post=130691"}],"curies":[{"name":"wp","href":"https:\/\/api.w.org\/{rel}","templated":true}]}}