{"id":130657,"date":"2024-05-20T11:59:04","date_gmt":"2024-05-20T14:59:04","guid":{"rendered":"https:\/\/www.elsindical.com.ar\/notas\/?p=130657"},"modified":"2024-05-20T11:59:10","modified_gmt":"2024-05-20T14:59:10","slug":"tren-roca-demoras-por-desperfecto-tecnico","status":"publish","type":"post","link":"https:\/\/www.elsindical.com.ar\/notas\/tren-roca-demoras-por-desperfecto-tecnico\/","title":{"rendered":"Tren Roca: Demoras por desperfecto t\u00e9cnico"},"content":{"rendered":"<div class=\"wp-block-image\">\n<figure class=\"aligncenter size-full\"><a href=\"https:\/\/www.elsindical.com.ar\/notas\/var\/www\/html\/notas\/wp-content\/uploads\/2024\/05\/Tren-Roca-demoras.jpg\"><img loading=\"lazy\" decoding=\"async\" width=\"700\" height=\"394\" src=\"https:\/\/www.elsindical.com.ar\/notas\/var\/www\/html\/notas\/wp-content\/uploads\/2024\/05\/Tren-Roca-demoras.jpg\" alt=\"\" class=\"wp-image-130658\" srcset=\"https:\/\/www.elsindical.com.ar\/notas\/var\/www\/html\/notas\/wp-content\/uploads\/2024\/05\/Tren-Roca-demoras.jpg 700w, https:\/\/www.elsindical.com.ar\/notas\/var\/www\/html\/notas\/wp-content\/uploads\/2024\/05\/Tren-Roca-demoras-300x169.jpg 300w, https:\/\/www.elsindical.com.ar\/notas\/var\/www\/html\/notas\/wp-content\/uploads\/2024\/05\/Tren-Roca-demoras-500x281.jpg 500w, https:\/\/www.elsindical.com.ar\/notas\/var\/www\/html\/notas\/wp-content\/uploads\/2024\/05\/Tren-Roca-demoras-460x260.jpg 460w\" sizes=\"auto, (max-width: 700px) 100vw, 700px\" \/><\/a><\/figure>\n<\/div>\n\n\n<p>Sufri\u00f3 un desperfecto y la gente estuvo m\u00e1s de media hora encerrada en los vagones. El personal del SAME trabaja en el lugar.<\/p>\n\n\n\n<p>Una formaci\u00f3n del <strong>tren Roca que llegaba desde La Plata a Constituci\u00f3n sufri\u00f3 una falla t\u00e9cnica <\/strong>y los pasajeros tuvieron que bajarse y <strong>caminar por las v\u00edas.<\/strong> El personal del SAME trabaja en la zona y debieron trasladar a cuatro personasl al Hospital Argerich.<\/p>\n\n\n\n<p>-ePubs Advertisement-<\/p>\n\n\n\n<p>Pasadas las 9:00 de este lunes, el tren se detuvo a 200 metros de la <strong>estaci\u00f3n Kosteki y Santill\u00e1n,<\/strong> en la localidad bonaerense de <strong>Avellaneda<\/strong>. <\/p>\n\n\n\n<p>\u201cDespu\u00e9s de m\u00e1s de media hora que estuvimos demorados, abrieron dos puertas de los vagones delanteros y<strong> tuvimos que saltar m\u00e1s de un metro y medio para bajarnos<\/strong>, con lo que eso implica para la gente mayor\u201d, precis\u00f3.<\/p>\n\n\n\n<p>Fue entonces cuando las personas comenz\u00f3 a bajar de la formaci\u00f3n. \u201cTuvimos que salir caminando por las v\u00edas, con el riesgo que eso conlleva\u201d, remarc\u00f3 el pasajero y sum\u00f3: \u201cA pesar de que tienen controlada la situaci\u00f3n, uno tiene miedo, el tren segu\u00eda sobre las v\u00edas\u201d.<\/p>\n\n\n\n<p>Desde Constituci\u00f3n, el personal del SAME se dirigi\u00f3 hasta Avellaneda caminando a trav\u00e9s del and\u00e9n 7 para asistir a las personas que estaban descompuestas. Por el momento, <strong>los servicios del Tren Roca permanecen interrumpidos y hay servicio limitado en los ramales de Quilmes &#8211; La Plata y Quilmes &#8211; Bosque. <\/strong>El personal se encuentra trabajando en el lugar para normalizar la frecuencia que ya se encuentra recortada desde hace unas semanas por reformas.<\/p>\n\n\n\n<p>Desde Trenes Argentinos informaron a <em>Clar\u00edn <\/em>que el incidente se produjo por<strong> la rotura de un pant\u00f3grafo, <\/strong>que es el arco que lleva el tren en la parte superior y que tiene contacto con las catenarias el\u00e9ctricas para darle energ\u00eda a la formaci\u00f3n. \u201cEl pant\u00f3grafo cay\u00f3 sobre la v\u00eda 3, ocup\u00f3 parte de las v\u00edas y los trenes tuvieron que entrar con una sola, lo que gener\u00f3 demoras\u201d, especificaron y aclararon que el tren ya fue movido del lugar.<\/p>\n\n\n\n<p>El desperfecto coincide con el <strong>recorte de servicio<\/strong>que padece desde hace dos semanas la l\u00ednea que recorre el sur de la provincia. Es que, desde entonces, se est\u00e1n realizando obras de reparaci\u00f3n del arco 21 del viaducto Barracas, lo que gener\u00f3 una importante<strong> reducci\u00f3n en la frecuencia.<\/strong><\/p>\n\n\n\n<p>Mientras se llevan adelante estos trabajos, considerados de car\u00e1cter urgente, se implement\u00f3 un <strong>sistema especial de colectivos<\/strong> para atender la demanda de los usuarios. Estos servicios especiales estar\u00e1n disponibles hasta que finalice la obra.<\/p>\n\n\n\n<h2 class=\"wp-block-heading\">Nuevos horarios de los servicios especiales<\/h2>\n\n\n\n<p>Desde este viernes 10 de mayo, un nuevo cronograma de horarios est\u00e1 en vigor para los servicios especiales de colectivos que refuerzan el trayecto entre <strong>Constituci\u00f3n <\/strong>y <strong>Temperley <\/strong>en ambos sentidos:<\/p>\n\n\n\n<ul class=\"wp-block-list\">\n<li><strong>De 6:00 a 10:00<\/strong><\/li>\n\n\n\n<li><strong>De 15:30 a 20:00<\/strong><\/li>\n<\/ul>\n\n\n\n<h2 class=\"wp-block-heading\">Costo y formas de pago<\/h2>\n\n\n\n<p>El costo de cada trayecto es de <strong>270 pesos<\/strong> y se abona con la <strong>tarjeta SUBE<\/strong> directamente en el colectivo. En los casos que corresponda, se aplicar\u00e1n los descuentos de la Tarifa Social y\/o el programa Red SUBE.<\/p>\n\n\n\n<h2 class=\"wp-block-heading\">Los usuarios pueden utilizar este servicio en los siguientes puntos:<\/h2>\n\n\n\n<p>\u2022 <strong>Plaza Constituci\u00f3n:<\/strong><\/p>\n\n\n\n<ul class=\"wp-block-list\">\n<li><strong>Hacia Temperley:<\/strong> Av. Gral. Hornos 100<\/li>\n\n\n\n<li><strong>Descenso en Plaza Constituci\u00f3n:<\/strong> Bernardo de Irigoyen y Brasil<\/li>\n<\/ul>\n\n\n\n<p>\u2022 <strong>Lan\u00fas:<\/strong><\/p>\n\n\n\n<ul class=\"wp-block-list\">\n<li><strong>Hacia Plaza Constituci\u00f3n:<\/strong> 20 de Octubre y Av. Hip\u00f3lito Yrigoyen<\/li>\n\n\n\n<li><strong>Hacia Temperley:<\/strong> Av. 25 de Mayo y Av. Hip\u00f3lito Yrigoyen<\/li>\n<\/ul>\n\n\n\n<p>\u2022 <strong>Banfield:<\/strong><\/p>\n\n\n\n<ul class=\"wp-block-list\">\n<li><strong>Hacia Plaza Constituci\u00f3n:<\/strong> Av. Alsina entre Cochabamba y Maip\u00fa<\/li>\n\n\n\n<li><strong>Hacia Temperley:<\/strong> Av. Alsina entre Maip\u00fa y Talcahuano<\/li>\n<\/ul>\n\n\n\n<p>\u2022 <strong>Lomas de Zamora:<\/strong><\/p>\n\n\n\n<ul class=\"wp-block-list\">\n<li><strong>Hacia Plaza Constituci\u00f3n:<\/strong> Balcarce y Av. Alsina<\/li>\n\n\n\n<li><strong>Hacia Temperley:<\/strong> Sarand\u00ed y Av. Alsina<\/li>\n<\/ul>\n\n\n\n<p><strong>Temperley:<\/strong><\/p>\n\n\n\n<ul class=\"wp-block-list\">\n<li><strong>Hacia Plaza Constituci\u00f3n:<\/strong> Sta. Mar\u00eda de Oro y Cangallo.<\/li>\n<\/ul>\n","protected":false},"excerpt":{"rendered":"<p>Sufri\u00f3 un desperfecto y la gente estuvo m\u00e1s de media hora encerrada en los vagones. El personal del SAME trabaja en el lugar. Una formaci\u00f3n del tren Roca que llegaba desde La Plata a Constituci\u00f3n sufri\u00f3 una falla t\u00e9cnica y los pasajeros tuvieron que bajarse y caminar por las v\u00edas. El personal del SAME trabaja&hellip;<\/p>\n","protected":false},"author":1,"featured_media":130658,"comment_status":"open","ping_status":"open","sticky":false,"template":"","format":"standard","meta":{"footnotes":""},"categories":[25],"tags":[2496,2450,402,2499,22091],"class_list":["post-130657","post","type-post","status-publish","format-standard","has-post-thumbnail","hentry","category-sociedad","tag-demoras","tag-diario-el-sindical","tag-pasajeros","tag-same","tag-tren-roca"],"_links":{"self":[{"href":"https:\/\/www.elsindical.com.ar\/notas\/wp-json\/wp\/v2\/posts\/130657","targetHints":{"allow":["GET"]}}],"collection":[{"href":"https:\/\/www.elsindical.com.ar\/notas\/wp-json\/wp\/v2\/posts"}],"about":[{"href":"https:\/\/www.elsindical.com.ar\/notas\/wp-json\/wp\/v2\/types\/post"}],"author":[{"embeddable":true,"href":"https:\/\/www.elsindical.com.ar\/notas\/wp-json\/wp\/v2\/users\/1"}],"replies":[{"embeddable":true,"href":"https:\/\/www.elsindical.com.ar\/notas\/wp-json\/wp\/v2\/comments?post=130657"}],"version-history":[{"count":1,"href":"https:\/\/www.elsindical.com.ar\/notas\/wp-json\/wp\/v2\/posts\/130657\/revisions"}],"predecessor-version":[{"id":130659,"href":"https:\/\/www.elsindical.com.ar\/notas\/wp-json\/wp\/v2\/posts\/130657\/revisions\/130659"}],"wp:featuredmedia":[{"embeddable":true,"href":"https:\/\/www.elsindical.com.ar\/notas\/wp-json\/wp\/v2\/media\/130658"}],"wp:attachment":[{"href":"https:\/\/www.elsindical.com.ar\/notas\/wp-json\/wp\/v2\/media?parent=130657"}],"wp:term":[{"taxonomy":"category","embeddable":true,"href":"https:\/\/www.elsindical.com.ar\/notas\/wp-json\/wp\/v2\/categories?post=130657"},{"taxonomy":"post_tag","embeddable":true,"href":"https:\/\/www.elsindical.com.ar\/notas\/wp-json\/wp\/v2\/tags?post=130657"}],"curies":[{"name":"wp","href":"https:\/\/api.w.org\/{rel}","templated":true}]}}