{"id":130654,"date":"2024-05-20T11:49:56","date_gmt":"2024-05-20T14:49:56","guid":{"rendered":"https:\/\/www.elsindical.com.ar\/notas\/?p=130654"},"modified":"2024-05-20T11:50:03","modified_gmt":"2024-05-20T14:50:03","slug":"para-la-administracion-de-milei-el-gobierno-de-espana-debe-pedir-disculpas","status":"publish","type":"post","link":"https:\/\/www.elsindical.com.ar\/notas\/para-la-administracion-de-milei-el-gobierno-de-espana-debe-pedir-disculpas\/","title":{"rendered":"Para la administraci\u00f3n de Milei, el gobierno de Espa\u00f1a debe pedir disculpas"},"content":{"rendered":"<div class=\"wp-block-image\">\n<figure class=\"aligncenter size-full\"><a href=\"https:\/\/www.elsindical.com.ar\/notas\/var\/www\/html\/notas\/wp-content\/uploads\/2024\/05\/Milei-el-camino-del-libertario.jpg\"><img loading=\"lazy\" decoding=\"async\" width=\"700\" height=\"394\" src=\"https:\/\/www.elsindical.com.ar\/notas\/var\/www\/html\/notas\/wp-content\/uploads\/2024\/05\/Milei-el-camino-del-libertario.jpg\" alt=\"\" class=\"wp-image-130655\" srcset=\"https:\/\/www.elsindical.com.ar\/notas\/var\/www\/html\/notas\/wp-content\/uploads\/2024\/05\/Milei-el-camino-del-libertario.jpg 700w, https:\/\/www.elsindical.com.ar\/notas\/var\/www\/html\/notas\/wp-content\/uploads\/2024\/05\/Milei-el-camino-del-libertario-300x169.jpg 300w, https:\/\/www.elsindical.com.ar\/notas\/var\/www\/html\/notas\/wp-content\/uploads\/2024\/05\/Milei-el-camino-del-libertario-500x281.jpg 500w, https:\/\/www.elsindical.com.ar\/notas\/var\/www\/html\/notas\/wp-content\/uploads\/2024\/05\/Milei-el-camino-del-libertario-460x260.jpg 460w\" sizes=\"auto, (max-width: 700px) 100vw, 700px\" \/><\/a><\/figure>\n<\/div>\n\n\n<p>As\u00ed lo asegur\u00f3 el vocero Manuel Adorni, luego de que Javier Milei acusara de \u00abcorrupta\u00bb a la esposa de Pedro S\u00e1nchez.<\/p>\n\n\n\n<p>Tras las fuertes cr\u00edticas del presidente&nbsp;<strong>Javier Milei<\/strong>&nbsp;contra su par espa\u00f1ol,&nbsp;Pedro S\u00e1nchez, <strong>desde el Gobierno nacional&nbsp;descartan la posibilidad de un conflicto diplom\u00e1tico con Espa\u00f1a&nbsp;y se niega a pedir disculpas.&nbsp;<\/strong><\/p>\n\n\n\n<p><strong>\u201cDisculpas no va a haber porque no hay de qu\u00e9 disculparse. Apelamos a que el gobierno de Espa\u00f1a nos pida disculpas\u201d,<\/strong>&nbsp;expres\u00f3 el vocero presidencial,&nbsp;Manuel Adorni,&nbsp;en una entrevista a<em>&nbsp;Metro 95.1.<\/em><\/p>\n\n\n\n<p>A pesar de que <strong>la embajada espa\u00f1ola en Argentina&nbsp;llamara a consultas a Mar\u00eda Jes\u00fas Alonso Jim\u00e9nez<\/strong>, el funcionario nacional aclar\u00f3:&nbsp;\u201cJam\u00e1s se nos ha cruzado por la cabeza romper relaciones diplom\u00e1ticas con Espa\u00f1a\u201d.<\/p>\n\n\n\n<p>Luego de la presencia de Milei en Europa Viva 2024, el acto de Vox, la oposici\u00f3n espa\u00f1ola, y sus acusaciones de corrupci\u00f3n contra\u00a0Bego\u00f1a G\u00f3mez, esposa de S\u00e1nchez, el conflicto ya abierto con la naci\u00f3n espa\u00f1ola sum\u00f3 un nuevo cap\u00edtulo.<\/p>\n\n\n\n<figure class=\"wp-block-embed is-type-rich is-provider-twitter wp-block-embed-twitter\"><div class=\"wp-block-embed__wrapper\">\n<blockquote class=\"twitter-tweet\" data-width=\"550\" data-dnt=\"true\"><p lang=\"es\" dir=\"ltr\">Lo trataron de odiador, de negacionista, de \u201cingerir sustancias\u201d, de autoritario, de anti-democr\u00e1tico y de ser gente \u201cmuy mala\u201d. <br><br>Ojal\u00e1 en alg\u00fan momento reflexionen y pidan sinceras disculpas.<br><br>Fin.<\/p>&mdash; Manuel Adorni (@madorni) <a href=\"https:\/\/twitter.com\/madorni\/status\/1792321797662122060?ref_src=twsrc%5Etfw\">May 19, 2024<\/a><\/blockquote><script async src=\"https:\/\/platform.twitter.com\/widgets.js\" charset=\"utf-8\"><\/script>\n<\/div><\/figure>\n","protected":false},"excerpt":{"rendered":"<p>As\u00ed lo asegur\u00f3 el vocero Manuel Adorni, luego de que Javier Milei acusara de \u00abcorrupta\u00bb a la esposa de Pedro S\u00e1nchez. Tras las fuertes cr\u00edticas del presidente&nbsp;Javier Milei&nbsp;contra su par espa\u00f1ol,&nbsp;Pedro S\u00e1nchez, desde el Gobierno nacional&nbsp;descartan la posibilidad de un conflicto diplom\u00e1tico con Espa\u00f1a&nbsp;y se niega a pedir disculpas.&nbsp; \u201cDisculpas no va a haber porque&hellip;<\/p>\n","protected":false},"author":1,"featured_media":130655,"comment_status":"open","ping_status":"open","sticky":false,"template":"","format":"standard","meta":{"footnotes":""},"categories":[13],"tags":[127,2450,267,42963,28812,41770,42964,31513],"class_list":["post-130654","post","type-post","status-publish","format-standard","has-post-thumbnail","hentry","category-politica","tag-argentina","tag-diario-el-sindical","tag-espana","tag-europa-viva-2024","tag-javier-milei","tag-manuel-adorni","tag-maria-jesus-alonso-jimenez","tag-pedro-sanchez"],"_links":{"self":[{"href":"https:\/\/www.elsindical.com.ar\/notas\/wp-json\/wp\/v2\/posts\/130654","targetHints":{"allow":["GET"]}}],"collection":[{"href":"https:\/\/www.elsindical.com.ar\/notas\/wp-json\/wp\/v2\/posts"}],"about":[{"href":"https:\/\/www.elsindical.com.ar\/notas\/wp-json\/wp\/v2\/types\/post"}],"author":[{"embeddable":true,"href":"https:\/\/www.elsindical.com.ar\/notas\/wp-json\/wp\/v2\/users\/1"}],"replies":[{"embeddable":true,"href":"https:\/\/www.elsindical.com.ar\/notas\/wp-json\/wp\/v2\/comments?post=130654"}],"version-history":[{"count":1,"href":"https:\/\/www.elsindical.com.ar\/notas\/wp-json\/wp\/v2\/posts\/130654\/revisions"}],"predecessor-version":[{"id":130656,"href":"https:\/\/www.elsindical.com.ar\/notas\/wp-json\/wp\/v2\/posts\/130654\/revisions\/130656"}],"wp:featuredmedia":[{"embeddable":true,"href":"https:\/\/www.elsindical.com.ar\/notas\/wp-json\/wp\/v2\/media\/130655"}],"wp:attachment":[{"href":"https:\/\/www.elsindical.com.ar\/notas\/wp-json\/wp\/v2\/media?parent=130654"}],"wp:term":[{"taxonomy":"category","embeddable":true,"href":"https:\/\/www.elsindical.com.ar\/notas\/wp-json\/wp\/v2\/categories?post=130654"},{"taxonomy":"post_tag","embeddable":true,"href":"https:\/\/www.elsindical.com.ar\/notas\/wp-json\/wp\/v2\/tags?post=130654"}],"curies":[{"name":"wp","href":"https:\/\/api.w.org\/{rel}","templated":true}]}}