{"id":130564,"date":"2024-05-15T12:02:28","date_gmt":"2024-05-15T15:02:28","guid":{"rendered":"https:\/\/www.elsindical.com.ar\/notas\/?p=130564"},"modified":"2024-05-15T12:02:55","modified_gmt":"2024-05-15T15:02:55","slug":"despidos-masivos-en-una-importante-cadena-de-supermercados","status":"publish","type":"post","link":"https:\/\/www.elsindical.com.ar\/notas\/despidos-masivos-en-una-importante-cadena-de-supermercados\/","title":{"rendered":"Despidos masivos en una importante cadena de supermercados"},"content":{"rendered":"<div class=\"wp-block-image\">\n<figure class=\"aligncenter size-full\"><a href=\"https:\/\/www.elsindical.com.ar\/notas\/var\/www\/html\/notas\/wp-content\/uploads\/2024\/05\/asamblea-en-Chango-Mas.jpg\"><img loading=\"lazy\" decoding=\"async\" width=\"700\" height=\"497\" src=\"https:\/\/www.elsindical.com.ar\/notas\/var\/www\/html\/notas\/wp-content\/uploads\/2024\/05\/asamblea-en-Chango-Mas.jpg\" alt=\"\" class=\"wp-image-130565\" srcset=\"https:\/\/www.elsindical.com.ar\/notas\/var\/www\/html\/notas\/wp-content\/uploads\/2024\/05\/asamblea-en-Chango-Mas.jpg 700w, https:\/\/www.elsindical.com.ar\/notas\/var\/www\/html\/notas\/wp-content\/uploads\/2024\/05\/asamblea-en-Chango-Mas-300x213.jpg 300w, https:\/\/www.elsindical.com.ar\/notas\/var\/www\/html\/notas\/wp-content\/uploads\/2024\/05\/asamblea-en-Chango-Mas-423x300.jpg 423w\" sizes=\"auto, (max-width: 700px) 100vw, 700px\" \/><\/a><\/figure>\n<\/div>\n\n\n<p class=\"wp-block-paragraph\">La cadena de supermercados del grupo De Narv\u00e1ez confirm\u00f3 las cesant\u00edas y las atribuy\u00f3 al contexto econ\u00f3mico de recesi\u00f3n.<\/p>\n\n\n\n<p class=\"wp-block-paragraph\">La cadena de supermercados <strong>ChangoM\u00e1s<\/strong> despidi\u00f3<strong> hoy a por lo menos 152 empleados de 8 sucursales de todo el pa\u00eds.<\/strong> La firma del grupo del empresario <strong>Francisco De Narv\u00e1ez<\/strong> confirm\u00f3 las cesant\u00edas y las atribuy\u00f3 a la situaci\u00f3n econ\u00f3mica general con ca\u00edda de las ventas. En varios de los locales se registraban protestas de trabajadores. La compa\u00f1\u00eda cuenta en la Argentina con 93 sucursales que emplean a unas 8600 personas.<\/p>\n\n\n\n<p class=\"wp-block-paragraph\">Seg\u00fan informa El Destape, las desvinculaciones se dieron a conocer hoy mismo a trav\u00e9s de despidos directos o acuerdos de retiro forzados. En varios locales de la provincia de Buenos Aires se llevaban a cabo protestas de trabajadores en las puertas de acceso con quema de cubiertas y asambleas. En el sindicato de Comercio respondieron inicialmente que ten\u00edan reportes de desvinculaciones que hab\u00edan arrancado en diciembre, aunque no dieron cuenta de las asumidas hoy por la propia compa\u00f1\u00eda.<\/p>\n\n\n\n<p class=\"wp-block-paragraph\">En diciembre el Grupo De Narv\u00e1ez (GDN) anunci\u00f3 la apertura de su primera sucursal propia de S\u00faper Changom\u00e1s, en la localidad de Campana, tras la compra de los activos de Walmart en la Argentina.<\/p>\n\n\n\n<p class=\"wp-block-paragraph\">El grupo que encabeza el empresario nacido en Colombia y nacionalizado argentino adquiri\u00f3 a fines de 2020 la operaci\u00f3n en Argentina de Walmart por un valor estimado en 44 millones de d\u00f3lares con la intenci\u00f3n de invertir en los siguientes tres a\u00f1os unos 120 millones de d\u00f3lares. La operaci\u00f3n incluy\u00f3 entonces 31 hipermercados, 52 tiendas y 8 locales MiChangoM\u00e1s.<\/p>\n","protected":false},"excerpt":{"rendered":"<p>La cadena de supermercados del grupo De Narv\u00e1ez confirm\u00f3 las cesant\u00edas y las atribuy\u00f3 al contexto econ\u00f3mico de recesi\u00f3n. La cadena de supermercados ChangoM\u00e1s despidi\u00f3 hoy a por lo menos 152 empleados de 8 sucursales de todo el pa\u00eds. La firma del grupo del empresario Francisco De Narv\u00e1ez confirm\u00f3 las cesant\u00edas y las atribuy\u00f3 a&hellip;<\/p>\n","protected":false},"author":1,"featured_media":130565,"comment_status":"open","ping_status":"open","sticky":false,"template":"","format":"standard","meta":{"footnotes":""},"categories":[16],"tags":[127,42550,42931,53,2450,22023,3668,42932],"class_list":["post-130564","post","type-post","status-publish","format-standard","has-post-thumbnail","hentry","category-gremiales","tag-argentina","tag-caida-de-ventas","tag-changomas-2","tag-despidos","tag-diario-el-sindical","tag-economia","tag-francisco-de-narvaez","tag-gdn"],"_links":{"self":[{"href":"https:\/\/www.elsindical.com.ar\/notas\/wp-json\/wp\/v2\/posts\/130564","targetHints":{"allow":["GET"]}}],"collection":[{"href":"https:\/\/www.elsindical.com.ar\/notas\/wp-json\/wp\/v2\/posts"}],"about":[{"href":"https:\/\/www.elsindical.com.ar\/notas\/wp-json\/wp\/v2\/types\/post"}],"author":[{"embeddable":true,"href":"https:\/\/www.elsindical.com.ar\/notas\/wp-json\/wp\/v2\/users\/1"}],"replies":[{"embeddable":true,"href":"https:\/\/www.elsindical.com.ar\/notas\/wp-json\/wp\/v2\/comments?post=130564"}],"version-history":[{"count":1,"href":"https:\/\/www.elsindical.com.ar\/notas\/wp-json\/wp\/v2\/posts\/130564\/revisions"}],"predecessor-version":[{"id":130566,"href":"https:\/\/www.elsindical.com.ar\/notas\/wp-json\/wp\/v2\/posts\/130564\/revisions\/130566"}],"wp:featuredmedia":[{"embeddable":true,"href":"https:\/\/www.elsindical.com.ar\/notas\/wp-json\/wp\/v2\/media\/130565"}],"wp:attachment":[{"href":"https:\/\/www.elsindical.com.ar\/notas\/wp-json\/wp\/v2\/media?parent=130564"}],"wp:term":[{"taxonomy":"category","embeddable":true,"href":"https:\/\/www.elsindical.com.ar\/notas\/wp-json\/wp\/v2\/categories?post=130564"},{"taxonomy":"post_tag","embeddable":true,"href":"https:\/\/www.elsindical.com.ar\/notas\/wp-json\/wp\/v2\/tags?post=130564"}],"curies":[{"name":"wp","href":"https:\/\/api.w.org\/{rel}","templated":true}]}}