{"id":130519,"date":"2024-05-12T18:31:44","date_gmt":"2024-05-12T21:31:44","guid":{"rendered":"https:\/\/www.elsindical.com.ar\/notas\/?p=130519"},"modified":"2024-05-12T18:31:51","modified_gmt":"2024-05-12T21:31:51","slug":"santa-fe-tres-policias-se-agarraron-a-las-trompadas-en-la-terminal-de-micros","status":"publish","type":"post","link":"https:\/\/www.elsindical.com.ar\/notas\/santa-fe-tres-policias-se-agarraron-a-las-trompadas-en-la-terminal-de-micros\/","title":{"rendered":"Santa Fe: Tres polic\u00edas se agarraron a las trompadas en la terminal de micros"},"content":{"rendered":"\n<figure class=\"wp-block-image size-large\"><a href=\"https:\/\/www.elsindical.com.ar\/notas\/var\/www\/html\/notas\/wp-content\/uploads\/2024\/05\/policias-de-Santa-Fe-a-las-trompadas.jpg\"><img loading=\"lazy\" decoding=\"async\" width=\"1024\" height=\"553\" src=\"https:\/\/www.elsindical.com.ar\/notas\/var\/www\/html\/notas\/wp-content\/uploads\/2024\/05\/policias-de-Santa-Fe-a-las-trompadas-1024x553.jpg\" alt=\"\" class=\"wp-image-130520\" srcset=\"https:\/\/www.elsindical.com.ar\/notas\/var\/www\/html\/notas\/wp-content\/uploads\/2024\/05\/policias-de-Santa-Fe-a-las-trompadas-1024x553.jpg 1024w, https:\/\/www.elsindical.com.ar\/notas\/var\/www\/html\/notas\/wp-content\/uploads\/2024\/05\/policias-de-Santa-Fe-a-las-trompadas-300x162.jpg 300w, https:\/\/www.elsindical.com.ar\/notas\/var\/www\/html\/notas\/wp-content\/uploads\/2024\/05\/policias-de-Santa-Fe-a-las-trompadas-768x415.jpg 768w, https:\/\/www.elsindical.com.ar\/notas\/var\/www\/html\/notas\/wp-content\/uploads\/2024\/05\/policias-de-Santa-Fe-a-las-trompadas-500x270.jpg 500w, https:\/\/www.elsindical.com.ar\/notas\/var\/www\/html\/notas\/wp-content\/uploads\/2024\/05\/policias-de-Santa-Fe-a-las-trompadas.jpg 1200w\" sizes=\"auto, (max-width: 1024px) 100vw, 1024px\" \/><\/a><\/figure>\n\n\n\n<p>Una mujer de la fuerza santafesina y su ex pareja volv\u00edan de trabajar y comenzaron una discusi\u00f3n, a la que se sum\u00f3 su novio, quien tambi\u00e9n es polic\u00eda.<\/p>\n\n\n\n<p>Un hecho ins\u00f3lito tuvo lugar en la terminal de micros de\u00a0Santa Fe, donde <strong>tres polic\u00edas de esa provincia protagonizaron una pelea de pareja <\/strong>y uno de ellos termin\u00f3 denunciado por <strong>violencia de g\u00e9nero<\/strong>.<\/p>\n\n\n\n<p>El problema tuvo su origen el s\u00e1bado a la madrugada en la capital provincial, cuando dos efectivos rosarinos, un hombre y una mujer, <strong>regresaban de esa ciudad tras prestar servicios<\/strong>.<\/p>\n\n\n\n<p>La agente de 27 a\u00f1os, identificada como G.N. baj\u00f3 de un colectivo y llam\u00f3 por tel\u00e9fono a su novio, J.T., quien tambi\u00e9n es personal de la fuerza, para que <strong>la fuera a buscar a la terminal de \u00d3mnibus General Manuel Belgrano. <\/strong>En el mismo \u00f3mnibus, viajaba otro polic\u00eda, <strong>ex pareja de la joven<\/strong>, identificado como R.P.<\/p>\n\n\n\n<p>Ya en la calle, el hombre&nbsp;<strong>intercept\u00f3 a la mujer en la v\u00eda p\u00fablica <\/strong>y protagoniz\u00f3 una discusi\u00f3n con ella, quien le ped\u00eda que se retirara del lugar. En ese momento, lleg\u00f3 el novio de G.N. y <strong>comenz\u00f3 un cruce verbal con el ex de la joven uniformada.<\/strong><\/p>\n\n\n\n<p>Todo decant\u00f3 en una <strong>pelea a golpes entre los dos hombres<\/strong>, mientras la chica trataba de disuadir la situaci\u00f3n y las personas que pasaban por el lugar no pod\u00edan creer la escena.\u00a0Algunos se burlaban de la situaci\u00f3n y ped\u00edan que nadie separara, mientras otro dec\u00eda<strong> \u00abllamen a la Polic\u00eda\u00bb.<\/strong><\/p>\n\n\n\n<p>Finalmente, lograron separar a los dos efectivos, mientras que enseguida <strong>llegaron otros uniformados de la Seccional primera de Santa Fe<\/strong>, alertados por la situaci\u00f3n.<\/p>\n\n\n\n<p>En el intercambio de pi\u00f1as, la joven de 27 a\u00f1os <strong>recibi\u00f3 golpes en la parte superior de la boca as\u00ed como en el dedo me\u00f1ique derecho<\/strong>, tras lo cual realiz\u00f3 una denuncia por violencia de g\u00e9nero contra R.P., quien luego de los incidentes se retir\u00f3 en un remis.<\/p>\n\n\n\n<p>La fiscal de turno, <strong>Roxana Marcol\u00edn,<\/strong> solicit\u00f3 que los tres efectivos involucrados <strong>entreguen sus armas reglamentarias, chalecos antibalas y los cargadores<\/strong> correspondientes, y sean puestos <strong>a disposici\u00f3n de las Justicia.<\/strong><\/p>\n\n\n\n<figure class=\"wp-block-video\"><video height=\"720\" style=\"aspect-ratio: 720 \/ 720;\" width=\"720\" controls src=\"https:\/\/www.elsindical.com.ar\/notas\/var\/www\/html\/notas\/wp-content\/uploads\/2024\/05\/Pelea-de-policias-en-Santa-Fe.mp4\"><\/video><\/figure>\n","protected":false},"excerpt":{"rendered":"<p>Una mujer de la fuerza santafesina y su ex pareja volv\u00edan de trabajar y comenzaron una discusi\u00f3n, a la que se sum\u00f3 su novio, quien tambi\u00e9n es polic\u00eda. Un hecho ins\u00f3lito tuvo lugar en la terminal de micros de\u00a0Santa Fe, donde tres polic\u00edas de esa provincia protagonizaron una pelea de pareja y uno de ellos&hellip;<\/p>\n","protected":false},"author":1,"featured_media":130520,"comment_status":"open","ping_status":"open","sticky":false,"template":"","format":"standard","meta":{"footnotes":""},"categories":[22],"tags":[2450,42916,118,609,42915,2041],"class_list":["post-130519","post","type-post","status-publish","format-standard","has-post-thumbnail","hentry","category-policiales","tag-diario-el-sindical","tag-fiscal-roxana-marcolin","tag-policias","tag-santa-fe","tag-terminal-de-micros","tag-trompadas"],"_links":{"self":[{"href":"https:\/\/www.elsindical.com.ar\/notas\/wp-json\/wp\/v2\/posts\/130519","targetHints":{"allow":["GET"]}}],"collection":[{"href":"https:\/\/www.elsindical.com.ar\/notas\/wp-json\/wp\/v2\/posts"}],"about":[{"href":"https:\/\/www.elsindical.com.ar\/notas\/wp-json\/wp\/v2\/types\/post"}],"author":[{"embeddable":true,"href":"https:\/\/www.elsindical.com.ar\/notas\/wp-json\/wp\/v2\/users\/1"}],"replies":[{"embeddable":true,"href":"https:\/\/www.elsindical.com.ar\/notas\/wp-json\/wp\/v2\/comments?post=130519"}],"version-history":[{"count":1,"href":"https:\/\/www.elsindical.com.ar\/notas\/wp-json\/wp\/v2\/posts\/130519\/revisions"}],"predecessor-version":[{"id":130522,"href":"https:\/\/www.elsindical.com.ar\/notas\/wp-json\/wp\/v2\/posts\/130519\/revisions\/130522"}],"wp:featuredmedia":[{"embeddable":true,"href":"https:\/\/www.elsindical.com.ar\/notas\/wp-json\/wp\/v2\/media\/130520"}],"wp:attachment":[{"href":"https:\/\/www.elsindical.com.ar\/notas\/wp-json\/wp\/v2\/media?parent=130519"}],"wp:term":[{"taxonomy":"category","embeddable":true,"href":"https:\/\/www.elsindical.com.ar\/notas\/wp-json\/wp\/v2\/categories?post=130519"},{"taxonomy":"post_tag","embeddable":true,"href":"https:\/\/www.elsindical.com.ar\/notas\/wp-json\/wp\/v2\/tags?post=130519"}],"curies":[{"name":"wp","href":"https:\/\/api.w.org\/{rel}","templated":true}]}}