{"id":130513,"date":"2024-05-12T18:00:14","date_gmt":"2024-05-12T21:00:14","guid":{"rendered":"https:\/\/www.elsindical.com.ar\/notas\/?p=130513"},"modified":"2024-05-12T18:00:23","modified_gmt":"2024-05-12T21:00:23","slug":"la-justicia-imputo-a-dos-maquinistas-y-sus-asistentes-por-el-choque-de-trenes-en-palermo","status":"publish","type":"post","link":"https:\/\/www.elsindical.com.ar\/notas\/la-justicia-imputo-a-dos-maquinistas-y-sus-asistentes-por-el-choque-de-trenes-en-palermo\/","title":{"rendered":"La Justicia imput\u00f3 a dos maquinistas y sus asistentes por el choque de trenes en Palermo"},"content":{"rendered":"\n<figure class=\"wp-block-image size-full\"><a href=\"https:\/\/www.elsindical.com.ar\/notas\/var\/www\/html\/notas\/wp-content\/uploads\/2024\/05\/choque-de-trenes-en-Palermo-2024.jpeg\"><img loading=\"lazy\" decoding=\"async\" width=\"880\" height=\"495\" src=\"https:\/\/www.elsindical.com.ar\/notas\/var\/www\/html\/notas\/wp-content\/uploads\/2024\/05\/choque-de-trenes-en-Palermo-2024.jpeg\" alt=\"\" class=\"wp-image-130514\" srcset=\"https:\/\/www.elsindical.com.ar\/notas\/var\/www\/html\/notas\/wp-content\/uploads\/2024\/05\/choque-de-trenes-en-Palermo-2024.jpeg 880w, https:\/\/www.elsindical.com.ar\/notas\/var\/www\/html\/notas\/wp-content\/uploads\/2024\/05\/choque-de-trenes-en-Palermo-2024-300x169.jpeg 300w, https:\/\/www.elsindical.com.ar\/notas\/var\/www\/html\/notas\/wp-content\/uploads\/2024\/05\/choque-de-trenes-en-Palermo-2024-768x432.jpeg 768w, https:\/\/www.elsindical.com.ar\/notas\/var\/www\/html\/notas\/wp-content\/uploads\/2024\/05\/choque-de-trenes-en-Palermo-2024-500x281.jpeg 500w, https:\/\/www.elsindical.com.ar\/notas\/var\/www\/html\/notas\/wp-content\/uploads\/2024\/05\/choque-de-trenes-en-Palermo-2024-460x260.jpeg 460w\" sizes=\"auto, (max-width: 880px) 100vw, 880px\" \/><\/a><\/figure>\n\n\n\n<p>Ambos le habr\u00edan dado \u00abboleto de v\u00eda libre\u00bb al tren de pasajeros que hab\u00eda partido de Retiro, a pesar de que una locomotora y un furg\u00f3n estaban detenidos sobre el puente de Figueroa Alcorta.<\/p>\n\n\n\n<p>El choque de trenes en el viaducto Palermo de la l\u00ednea San Mart\u00edn dej\u00f3 un saldo de al menos\u00a0<br>90 heridos y las autoridades judiciales\u00a0<strong>imputaron a dos maquinistas y sus asistentes, junto a tres auxiliares de la estaci\u00f3n Palermo,\u00a0<\/strong>aunque a\u00fan no se ha determinado responsabilidad directa.<\/p>\n\n\n\n<p>Fuentes policiales revelaron&nbsp;que la hip\u00f3tesis m\u00e1s fuerte recaer\u00eda&nbsp;<strong>en la tarea de los auxiliares y una posible falla de aviso.<\/strong><\/p>\n\n\n\n<p><strong>\u201cUna locomotora con un vag\u00f3n circulaba en sentido a Palermo a baja velocidad. Al tren de pasajeros lo deb\u00edan frenar a la altura de Salguero, pero el auxiliar se lo comi\u00f3 y autoriz\u00f3 el paso\u201d,<\/strong>&nbsp;revel\u00f3 una fuente vinculada al caso.<\/p>\n\n\n\n<p>La investigaci\u00f3n contempla varias hip\u00f3tesis incluyendo una posible \u201cfalla humana\u201d.&nbsp;<\/p>\n\n\n\n<p>Tambi\u00e9n se est\u00e1n explorando fallos mec\u00e1nicos o el\u00e9ctricos, adem\u00e1s del impacto de un sistema de se\u00f1alizaci\u00f3n debilitado por el robo reciente de cables.<\/p>\n\n\n\n<p><strong>La Junta de Seguridad del Transporte (JST) ha sido convocada para proporcionar informes t\u00e9cnicos y realizar peritajes, especialmente en lo que respecta a la visibilidad en el \u00e1rea del incidente.&nbsp;<\/strong><\/p>\n\n\n\n<p>Justamente, el juez federa<strong>l Juli\u00e1n Ercolini\u00a0<\/strong>y la fiscal\u00a0<strong>Alejandra M\u00e1ngano<\/strong>, quien subroga a\u00a0<strong>Carlos R\u00edvolo<\/strong> porque est\u00e1 de viaje, pidieron un informe a la JST y, adem\u00e1s, ordenaron una serie de peritajes.<\/p>\n\n\n\n<p><strong>La hip\u00f3tesis de la falla humana se centrar\u00eda en dos auxiliares de la estaci\u00f3n Palermo que le habr\u00edan dado \u201cboleto de v\u00eda libre\u201d al tren de pasajeros que hab\u00eda partido de Retiro a las 10:20 a pesar de que una locomotora y un furg\u00f3n estaban detenidos sobre el puente de Figueroa Alcorta.<\/strong><\/p>\n\n\n\n<p>Los trenes y vagones afectados han sido retirados para inspecci\u00f3n y mientras tanto, el servicio de trenes fue reemplazado temporalmente por un sistema de control manual y \u00f3rdenes radiales, debido a los da\u00f1os en el sistema de se\u00f1alizaci\u00f3n habitual. Hay un servicio reducido entre las estaciones Villa del Parque y Pilar.&nbsp;<\/p>\n\n\n\n<p><strong>Este incidente se enmarca en un contexto de desinversi\u00f3n en el sistema ferroviario local, comparado en el art\u00edculo con un accidente similar ocurrido en 2021.&nbsp;<\/strong><\/p>\n\n\n\n<p>De acuerdo al resultado de la investigaci\u00f3n, el caso podr\u00eda ser clasificado como&nbsp;<strong>estrago culposo o doloso agravado por las lesiones leves reportadas.<\/strong><\/p>\n","protected":false},"excerpt":{"rendered":"<p>Ambos le habr\u00edan dado \u00abboleto de v\u00eda libre\u00bb al tren de pasajeros que hab\u00eda partido de Retiro, a pesar de que una locomotora y un furg\u00f3n estaban detenidos sobre el puente de Figueroa Alcorta. El choque de trenes en el viaducto Palermo de la l\u00ednea San Mart\u00edn dej\u00f3 un saldo de al menos\u00a090 heridos y&hellip;<\/p>\n","protected":false},"author":1,"featured_media":130514,"comment_status":"open","ping_status":"open","sticky":false,"template":"","format":"standard","meta":{"footnotes":""},"categories":[20],"tags":[42889,2450,42914,42913,8582,41,18117,1337],"class_list":["post-130513","post","type-post","status-publish","format-standard","has-post-thumbnail","hentry","category-judiciales","tag-choque-de-trenes","tag-diario-el-sindical","tag-fiscal-federal-alejandra-mangano","tag-jst","tag-juez-federal-julian-ercolini","tag-justicia","tag-linea-san-martin","tag-palermo"],"_links":{"self":[{"href":"https:\/\/www.elsindical.com.ar\/notas\/wp-json\/wp\/v2\/posts\/130513","targetHints":{"allow":["GET"]}}],"collection":[{"href":"https:\/\/www.elsindical.com.ar\/notas\/wp-json\/wp\/v2\/posts"}],"about":[{"href":"https:\/\/www.elsindical.com.ar\/notas\/wp-json\/wp\/v2\/types\/post"}],"author":[{"embeddable":true,"href":"https:\/\/www.elsindical.com.ar\/notas\/wp-json\/wp\/v2\/users\/1"}],"replies":[{"embeddable":true,"href":"https:\/\/www.elsindical.com.ar\/notas\/wp-json\/wp\/v2\/comments?post=130513"}],"version-history":[{"count":1,"href":"https:\/\/www.elsindical.com.ar\/notas\/wp-json\/wp\/v2\/posts\/130513\/revisions"}],"predecessor-version":[{"id":130515,"href":"https:\/\/www.elsindical.com.ar\/notas\/wp-json\/wp\/v2\/posts\/130513\/revisions\/130515"}],"wp:featuredmedia":[{"embeddable":true,"href":"https:\/\/www.elsindical.com.ar\/notas\/wp-json\/wp\/v2\/media\/130514"}],"wp:attachment":[{"href":"https:\/\/www.elsindical.com.ar\/notas\/wp-json\/wp\/v2\/media?parent=130513"}],"wp:term":[{"taxonomy":"category","embeddable":true,"href":"https:\/\/www.elsindical.com.ar\/notas\/wp-json\/wp\/v2\/categories?post=130513"},{"taxonomy":"post_tag","embeddable":true,"href":"https:\/\/www.elsindical.com.ar\/notas\/wp-json\/wp\/v2\/tags?post=130513"}],"curies":[{"name":"wp","href":"https:\/\/api.w.org\/{rel}","templated":true}]}}