{"id":130501,"date":"2024-05-11T20:34:17","date_gmt":"2024-05-11T23:34:17","guid":{"rendered":"https:\/\/www.elsindical.com.ar\/notas\/?p=130501"},"modified":"2024-05-11T20:34:24","modified_gmt":"2024-05-11T23:34:24","slug":"la-provincia-advierte-sobre-un-panorama-desolador-en-materia-economica","status":"publish","type":"post","link":"https:\/\/www.elsindical.com.ar\/notas\/la-provincia-advierte-sobre-un-panorama-desolador-en-materia-economica\/","title":{"rendered":"La Provincia advierte sobre un \u201cpanorama desolador\u201d en materia econ\u00f3mica"},"content":{"rendered":"\n<figure class=\"wp-block-image size-large\"><a href=\"https:\/\/www.elsindical.com.ar\/notas\/var\/www\/html\/notas\/wp-content\/uploads\/2024\/05\/industria-generico.jpg\"><img loading=\"lazy\" decoding=\"async\" width=\"1024\" height=\"690\" src=\"https:\/\/www.elsindical.com.ar\/notas\/var\/www\/html\/notas\/wp-content\/uploads\/2024\/05\/industria-generico-1024x690.jpg\" alt=\"\" class=\"wp-image-130502\" srcset=\"https:\/\/www.elsindical.com.ar\/notas\/var\/www\/html\/notas\/wp-content\/uploads\/2024\/05\/industria-generico-1024x690.jpg 1024w, https:\/\/www.elsindical.com.ar\/notas\/var\/www\/html\/notas\/wp-content\/uploads\/2024\/05\/industria-generico-300x202.jpg 300w, https:\/\/www.elsindical.com.ar\/notas\/var\/www\/html\/notas\/wp-content\/uploads\/2024\/05\/industria-generico-768x517.jpg 768w, https:\/\/www.elsindical.com.ar\/notas\/var\/www\/html\/notas\/wp-content\/uploads\/2024\/05\/industria-generico-445x300.jpg 445w, https:\/\/www.elsindical.com.ar\/notas\/var\/www\/html\/notas\/wp-content\/uploads\/2024\/05\/industria-generico.jpg 1280w\" sizes=\"auto, (max-width: 1024px) 100vw, 1024px\" \/><\/a><\/figure>\n\n\n\n<p>El ministro de Econom\u00eda bonaerense, Pablo L\u00f3pez, hizo un an\u00e1lisis de la situaci\u00f3n cr\u00edtica en materia econ\u00f3mica.<\/p>\n\n\n\n<p>El ministro de Econom\u00eda de la provincia de Buenos Aires,<strong> Pablo L\u00f3pez, advirti\u00f3 sobre un panorama \u201cdesolador\u201d en materia econ\u00f3mica, consumo e inversi\u00f3n<\/strong>, e inst\u00f3 al Gobierno de Javier Milei a \u201ccorregir\u201d la pol\u00edtica econ\u00f3mica.<\/p>\n\n\n\n<p><strong>\u201cLos pilares de la econom\u00eda nacional est\u00e1n cayendo con tasas de dos d\u00edgitos: salarios, consumo, inversi\u00f3n y producci\u00f3n\u201d<\/strong>, asegur\u00f3 el funcionario bonaerense.<\/p>\n\n\n\n<p>Y apunt\u00f3: <strong>\u201cA medida que se actualizan los datos, el panorama es m\u00e1s desolador.<\/strong> A 5 meses de su asunci\u00f3n, el Gobierno Nacional debe corregir urgentemente la pol\u00edtica econ\u00f3mica\u201d.<\/p>\n\n\n\n<p>Acompa\u00f1\u00f3 la reflexi\u00f3n con un gr\u00e1fico que da cuenta de los datos negativos del primer trimestre del a\u00f1o. Detalla que la <strong>ca\u00edda de los salarios registrados <\/strong>es del 17,17 por ciento, mientras que las <strong>ventas en supermercados<\/strong> cayeron un 12,7.<\/p>\n\n\n\n<p>Asimismo, se\u00f1ala que las <strong>ventas minoristas<\/strong> cayeron un 18,4 por ciento, de acuerdo a los datos difundidos por la Confederaci\u00f3n Argentina de la Mediana Empresa (CAME), la baja del 14,8 por ciento es para la <strong>producci\u00f3n<\/strong> nacional.<\/p>\n\n\n\n<p>Detalla, asimismo, que la ca\u00edda en el sector de la construcci\u00f3n fue del 30,3 por ciento en el primer trimestre del a\u00f1o y la inversi\u00f3n tambi\u00e9n se mueve en terreno negativo: 16,6 por ciento.<\/p>\n","protected":false},"excerpt":{"rendered":"<p>El ministro de Econom\u00eda bonaerense, Pablo L\u00f3pez, hizo un an\u00e1lisis de la situaci\u00f3n cr\u00edtica en materia econ\u00f3mica. El ministro de Econom\u00eda de la provincia de Buenos Aires, Pablo L\u00f3pez, advirti\u00f3 sobre un panorama \u201cdesolador\u201d en materia econ\u00f3mica, consumo e inversi\u00f3n, e inst\u00f3 al Gobierno de Javier Milei a \u201ccorregir\u201d la pol\u00edtica econ\u00f3mica. \u201cLos pilares de&hellip;<\/p>\n","protected":false},"author":1,"featured_media":130502,"comment_status":"open","ping_status":"open","sticky":false,"template":"","format":"standard","meta":{"footnotes":""},"categories":[9],"tags":[1706,2450,22023,28812,4901,20400],"class_list":["post-130501","post","type-post","status-publish","format-standard","has-post-thumbnail","hentry","category-economia","tag-consumo","tag-diario-el-sindical","tag-economia","tag-javier-milei","tag-ministro-de-economia","tag-pablo-lopez"],"_links":{"self":[{"href":"https:\/\/www.elsindical.com.ar\/notas\/wp-json\/wp\/v2\/posts\/130501","targetHints":{"allow":["GET"]}}],"collection":[{"href":"https:\/\/www.elsindical.com.ar\/notas\/wp-json\/wp\/v2\/posts"}],"about":[{"href":"https:\/\/www.elsindical.com.ar\/notas\/wp-json\/wp\/v2\/types\/post"}],"author":[{"embeddable":true,"href":"https:\/\/www.elsindical.com.ar\/notas\/wp-json\/wp\/v2\/users\/1"}],"replies":[{"embeddable":true,"href":"https:\/\/www.elsindical.com.ar\/notas\/wp-json\/wp\/v2\/comments?post=130501"}],"version-history":[{"count":1,"href":"https:\/\/www.elsindical.com.ar\/notas\/wp-json\/wp\/v2\/posts\/130501\/revisions"}],"predecessor-version":[{"id":130503,"href":"https:\/\/www.elsindical.com.ar\/notas\/wp-json\/wp\/v2\/posts\/130501\/revisions\/130503"}],"wp:featuredmedia":[{"embeddable":true,"href":"https:\/\/www.elsindical.com.ar\/notas\/wp-json\/wp\/v2\/media\/130502"}],"wp:attachment":[{"href":"https:\/\/www.elsindical.com.ar\/notas\/wp-json\/wp\/v2\/media?parent=130501"}],"wp:term":[{"taxonomy":"category","embeddable":true,"href":"https:\/\/www.elsindical.com.ar\/notas\/wp-json\/wp\/v2\/categories?post=130501"},{"taxonomy":"post_tag","embeddable":true,"href":"https:\/\/www.elsindical.com.ar\/notas\/wp-json\/wp\/v2\/tags?post=130501"}],"curies":[{"name":"wp","href":"https:\/\/api.w.org\/{rel}","templated":true}]}}