{"id":130458,"date":"2024-05-09T20:38:46","date_gmt":"2024-05-09T23:38:46","guid":{"rendered":"https:\/\/www.elsindical.com.ar\/notas\/?p=130458"},"modified":"2024-05-09T20:38:50","modified_gmt":"2024-05-09T23:38:50","slug":"fernando-landaburu-vuelve-recargado-con-las-mismas-mentiras-ridiculas-de-siempre","status":"publish","type":"post","link":"https:\/\/www.elsindical.com.ar\/notas\/fernando-landaburu-vuelve-recargado-con-las-mismas-mentiras-ridiculas-de-siempre\/","title":{"rendered":"Fernando Landaburu, vuelve recargado con las mismas mentiras rid\u00edculas de siempre"},"content":{"rendered":"<div class=\"wp-block-image\">\n<figure class=\"aligncenter size-full\"><a href=\"https:\/\/www.elsindical.com.ar\/notas\/var\/www\/html\/notas\/wp-content\/uploads\/2024\/05\/Garcaburu-2024.jpg\"><img loading=\"lazy\" decoding=\"async\" width=\"700\" height=\"662\" src=\"https:\/\/www.elsindical.com.ar\/notas\/var\/www\/html\/notas\/wp-content\/uploads\/2024\/05\/Garcaburu-2024.jpg\" alt=\"\" class=\"wp-image-130459\" srcset=\"https:\/\/www.elsindical.com.ar\/notas\/var\/www\/html\/notas\/wp-content\/uploads\/2024\/05\/Garcaburu-2024.jpg 700w, https:\/\/www.elsindical.com.ar\/notas\/var\/www\/html\/notas\/wp-content\/uploads\/2024\/05\/Garcaburu-2024-300x284.jpg 300w, https:\/\/www.elsindical.com.ar\/notas\/var\/www\/html\/notas\/wp-content\/uploads\/2024\/05\/Garcaburu-2024-317x300.jpg 317w\" sizes=\"auto, (max-width: 700px) 100vw, 700px\" \/><\/a><\/figure>\n<\/div>\n\n\n<p>   Una vez m\u00e1s el ex concejal que m\u00e1s a desprestigiado a la UCR local, generando duras internas en el partido, recordado por sus esc\u00e1ndalos y no por su trabajo legislativo, pretende seguir vigente en la pol\u00edtica mostr\u00e1ndose activo en reuniones donde enumera problem\u00e1ticas generadas por el propio partido que integra, subestimando la inteligencia de los vecinos.<\/p>\n\n\n\n<p>El posteo en redes sociales de Fernandito:<\/p>\n\n\n\n<p>Este mi\u00e9rcoles ex intendentes, concejales MC y en actividad y dirigentes de la Tercera Secci\u00f3n Electoral de Adelante Bs. As. nos reunimos con el presidente del Bloque de Dip. Prov. de la UCR.<br>Llevamos inquietudes sobre temas de la Regi\u00f3n y de cada Distrito.<br>&#x1f449; Seguridad<br>&#x1f449; Estado de los hospitales provinciales \/ IOMA<br>&#x1f449; Medio Ambiente<br>&#x1f449; Problemas de infraestructura escolar, adoctrinamiento, ausentismo docente y fallas en el sistema de educaci\u00f3n en sus distintos niveles.<br>&#x1f449; Problemas de transporte p\u00fablico en el conurbano<br>&#x1f449; Paralizaci\u00f3n de obras p\u00fablicas y obras necesarias en cada Distrito<br>&#x1f449; Apoyo a las Peque\u00f1as y Medianas Empresas y comerciantes<br>&#x1f449; Aumento de las Tasas Municipales e Impuestos Provinciales<br><br>Fueron algunos de los temas tratados.<br>Acordamos armar una agenda de visitas, tomando contacto con vecinos e Instituciones Intermedias.<br>Generamos un canal \u00e1gil para transmitir las propuestas e inquietudes, y tambi\u00e9n para conocer y poder difundir los proyectos que la UCR presenta en la legislatura.<br>UNA REUNI\u00d3N DE TRABAJO MUY PRODUCTIVA<\/p>\n\n\n\n<p>Que Landaburu mencione la inseguridad resulta gracioso, cuando \u00e9l mismo, qued\u00f3 filmado vandalizando escuelas lo que constituye un delito, cuando su partido siendo parte de Cambiemos no pudieron ni quisieron mejorar la seguridad, desde la gobernaci\u00f3n de la provincia de Buenos Aires.<\/p>\n\n\n\n<p>Respecto al estado de los hospitales provinciales, fue durante la gesti\u00f3n de Mar\u00eda Eugenia Vidal donde se desfinanciaron de una forma grave que llevar\u00e1 a\u00f1os revertir, m\u00e1s con una gesti\u00f3n ineficiente del actual Ministro de Salud Nicol\u00e1s Kreplak.<\/p>\n\n\n\n<p>Medio Ambiente, nunca en todos sus a\u00f1os de concejal o pol\u00edtico Landaburu mostr\u00f3 siquiera inter\u00e9s por el tema ambiental, parece que a la falta de propuestas reales poner cualquier cosa le da cr\u00e9ditos.<\/p>\n\n\n\n<p>El tema de la infraestructura escolar es otra de las cuestiones m\u00e1s hip\u00f3critas viniendo de un miembro de la UCR que tuvieron un vicegobernador Daniel Salvador en una gesti\u00f3n donde no constru\u00edan nuevas escuelas ni se ocupaban de la infraestructura, o se olvido de la escuela donde murieron un auxiliar y una docente por una explosi\u00f3n. Incluso mencionar el adoctrinamiento es rid\u00edculo cuando varios de los militantes de la UCR y Cambiemos han ido a escuelas para hacer pol\u00edtica. Hablar de fallas en el sistema sin decir nada, es una muletilla de quien no tiene propuestas para hacer.<\/p>\n\n\n\n<p>Los supuestos problemas en el transporte p\u00fablico en el Conurbano es otra de sus burradas, ya que muchas de las cuestiones exceden a la Legislatura bonaerense por el recorrido interurbano de las l\u00edneas y la direcci\u00f3n donde est\u00e1n radicadas las empresas que es lo que fija la jurisdicci\u00f3n.<\/p>\n\n\n\n<p>Paralizaci\u00f3n de la obra p\u00fablica, una falta de respeto a la inteligencia y la memoria, integra un partido que apoyo y apoya a Javier Milei que dec\u00eda y cumpli\u00f3 terminar con la obra p\u00fablica, entonces \u00bfqu\u00e9 reclama ahora?, es muy importante recordar estas cosas porque los que militaron a Milei ahora descubren que hay obras necesarias?<\/p>\n\n\n\n<p>Propone apoyo a las peque\u00f1as y medianas empresas comerciales, con la econom\u00eda del gobierno nacional promocionado por los radicales, \u00bfc\u00f3mo ser\u00eda ese apoyo?, si todos los comercios registran bajas importantes en sus ventas, mientras reciben tarifas con aumentos de m\u00e1s del 1.000%? Suena lindo pero es otra de las mentiras de este impresentable.<\/p>\n\n\n\n<p>Tratar el aumento de las tasas municipales y provinciales, otro t\u00edtulo gancho, sin posibilidades reales de debate y menos de soluci\u00f3n, con los aumentos en los servicios p\u00fablicos, donde algunos municipios pasaron de una factura de luz de $200.000 a $4.500.000.<\/p>\n\n\n\n<p>Es evidente que la UCR local, lejos de generar un cambio y ofrecerle nuevos dirigentes, insiste en sostener a los mismos que la devaluaron, que le quitaron prestigio, que armaron internas entre la propia conducci\u00f3n del partido en una competencia entre quien era m\u00e1s traidor.<\/p>\n\n\n\n<p>Por Marcelo Ricardo Hawrylciw<\/p>\n","protected":false},"excerpt":{"rendered":"<p>Una vez m\u00e1s el ex concejal que m\u00e1s a desprestigiado a la UCR local, generando duras internas en el partido, recordado por sus esc\u00e1ndalos y no por su trabajo legislativo, pretende seguir vigente en la pol\u00edtica mostr\u00e1ndose activo en reuniones donde enumera problem\u00e1ticas generadas por el propio partido que integra, subestimando la inteligencia de los&hellip;<\/p>\n","protected":false},"author":1,"featured_media":130459,"comment_status":"open","ping_status":"open","sticky":false,"template":"","format":"standard","meta":{"footnotes":""},"categories":[10],"tags":[461,22169,25167,2450,21713,3570,7265,1826],"class_list":["post-130458","post","type-post","status-publish","format-standard","has-post-thumbnail","hentry","category-editorial","tag-avellaneda","tag-cambiemos","tag-daniel-salvador","tag-diario-el-sindical","tag-fernando-landaburu","tag-legislatura-bonaerense","tag-maria-eugenia-vidal","tag-ucr"],"_links":{"self":[{"href":"https:\/\/www.elsindical.com.ar\/notas\/wp-json\/wp\/v2\/posts\/130458","targetHints":{"allow":["GET"]}}],"collection":[{"href":"https:\/\/www.elsindical.com.ar\/notas\/wp-json\/wp\/v2\/posts"}],"about":[{"href":"https:\/\/www.elsindical.com.ar\/notas\/wp-json\/wp\/v2\/types\/post"}],"author":[{"embeddable":true,"href":"https:\/\/www.elsindical.com.ar\/notas\/wp-json\/wp\/v2\/users\/1"}],"replies":[{"embeddable":true,"href":"https:\/\/www.elsindical.com.ar\/notas\/wp-json\/wp\/v2\/comments?post=130458"}],"version-history":[{"count":1,"href":"https:\/\/www.elsindical.com.ar\/notas\/wp-json\/wp\/v2\/posts\/130458\/revisions"}],"predecessor-version":[{"id":130460,"href":"https:\/\/www.elsindical.com.ar\/notas\/wp-json\/wp\/v2\/posts\/130458\/revisions\/130460"}],"wp:featuredmedia":[{"embeddable":true,"href":"https:\/\/www.elsindical.com.ar\/notas\/wp-json\/wp\/v2\/media\/130459"}],"wp:attachment":[{"href":"https:\/\/www.elsindical.com.ar\/notas\/wp-json\/wp\/v2\/media?parent=130458"}],"wp:term":[{"taxonomy":"category","embeddable":true,"href":"https:\/\/www.elsindical.com.ar\/notas\/wp-json\/wp\/v2\/categories?post=130458"},{"taxonomy":"post_tag","embeddable":true,"href":"https:\/\/www.elsindical.com.ar\/notas\/wp-json\/wp\/v2\/tags?post=130458"}],"curies":[{"name":"wp","href":"https:\/\/api.w.org\/{rel}","templated":true}]}}