{"id":130377,"date":"2024-05-06T14:23:55","date_gmt":"2024-05-06T17:23:55","guid":{"rendered":"https:\/\/www.elsindical.com.ar\/notas\/?p=130377"},"modified":"2024-05-06T14:24:00","modified_gmt":"2024-05-06T17:24:00","slug":"la-plata-masiva-intoxicacion-en-un-recital-de-la-renga","status":"publish","type":"post","link":"https:\/\/www.elsindical.com.ar\/notas\/la-plata-masiva-intoxicacion-en-un-recital-de-la-renga\/","title":{"rendered":"La Plata: Masiva intoxicaci\u00f3n en un recital de La Renga"},"content":{"rendered":"<div class=\"wp-block-image\">\n<figure class=\"aligncenter size-full\"><a href=\"https:\/\/www.elsindical.com.ar\/notas\/var\/www\/html\/notas\/wp-content\/uploads\/2024\/05\/Steward-Cap-Srl.jpg\"><img loading=\"lazy\" decoding=\"async\" width=\"450\" height=\"455\" src=\"https:\/\/www.elsindical.com.ar\/notas\/var\/www\/html\/notas\/wp-content\/uploads\/2024\/05\/Steward-Cap-Srl.jpg\" alt=\"\" class=\"wp-image-130378\" srcset=\"https:\/\/www.elsindical.com.ar\/notas\/var\/www\/html\/notas\/wp-content\/uploads\/2024\/05\/Steward-Cap-Srl.jpg 450w, https:\/\/www.elsindical.com.ar\/notas\/var\/www\/html\/notas\/wp-content\/uploads\/2024\/05\/Steward-Cap-Srl-297x300.jpg 297w, https:\/\/www.elsindical.com.ar\/notas\/var\/www\/html\/notas\/wp-content\/uploads\/2024\/05\/Steward-Cap-Srl-50x50.jpg 50w\" sizes=\"auto, (max-width: 450px) 100vw, 450px\" \/><\/a><\/figure>\n<\/div>\n\n\n<p>Fue en el \u00danico de La Plata donde se informaron m\u00e1s de 250 intoxicaciones por supuesto consumo de s\u00e1ndwiches.<\/p>\n\n\n\n<p>El responsable de la empresa de catering que entreg\u00f3 viandas en mal estado durante un show de La Renga y <strong>provoc\u00f3 m\u00e1s de 250 intoxicaciones fue imputado <\/strong>y la Polic\u00eda incaut\u00f3 varios s\u00e1ndwiches para analizarlos.<\/p>\n\n\n\n<p>El recital tuvo lugar el s\u00e1bado por la noche cuando <strong>La Renga toc\u00f3 en el Estadio \u00danico Diego Armando Maradona de La Plata<\/strong> y, durante el concierto, varios <strong>empleados de seguridad manifestaron dolores de est\u00f3mago <\/strong>tras comer \u201cs\u00e1ndwiches de jam\u00f3n, queso y pollo, en mal estado brindados por quienes se encargaban de las viandas para el personal\u201d.<\/p>\n\n\n\n<p>Ante las masivas intoxicaciones se confirm\u00f3 que Nicol\u00e1s Nahuel Di Mar\u00eda (26), responsable de OIFE S.A., la firma <strong>contratada por la empresa de seguridad Stewar CAP para otorgarle la comida <\/strong>a los empleados, fue imputado por la entrega de alimentos en mal estado.<\/p>\n\n\n\n<p>La Polic\u00eda bonaerense <strong>secuestr\u00f3 los s\u00e1ndwiches de jam\u00f3n, queso, pollo y sobres de mayonesa, <\/strong>para contribuir con la causa que investiga el mal estado de esos alimentos, los cuales habr\u00edan causado la intoxicaci\u00f3n de al menos 250 personas.<\/p>\n\n\n\n<p>La provincia de <strong>Buenos Aires atendi\u00f3 174 casos, mientras que la Cruz Roja, casi 90<\/strong>. Hubo 10 m\u00f3viles y una carpa sanitaria, detallaron desde el ministerio de Salud bonaerense este domingo al atardecer y destacaron que as\u00ed se evit\u00f3 que se saturen las guardias de los hospitales.<\/p>\n\n\n\n<p>A horas del caos generado se confirm\u00f3 que <strong>una de las v\u00edctimas fue internada en terapia intensiva por insuficiencia renal. <\/strong>De todos modos, se\u00f1alaron que ya se encuentra fuera de peligro.<\/p>\n\n\n\n<p>La causa qued\u00f3 en manos de la <strong>UFI 10 del departamento judicial de La Plata<\/strong>, a cargo de Carlos Alpino Vercellone.<\/p>\n","protected":false},"excerpt":{"rendered":"<p>Fue en el \u00danico de La Plata donde se informaron m\u00e1s de 250 intoxicaciones por supuesto consumo de s\u00e1ndwiches. El responsable de la empresa de catering que entreg\u00f3 viandas en mal estado durante un show de La Renga y provoc\u00f3 m\u00e1s de 250 intoxicaciones fue imputado y la Polic\u00eda incaut\u00f3 varios s\u00e1ndwiches para analizarlos. El&hellip;<\/p>\n","protected":false},"author":1,"featured_media":130378,"comment_status":"open","ping_status":"open","sticky":false,"template":"","format":"standard","meta":{"footnotes":""},"categories":[22],"tags":[2450,26137,42848,16392,6791,42846,42845,719,42844,42847],"class_list":["post-130377","post","type-post","status-publish","format-standard","has-post-thumbnail","hentry","category-policiales","tag-diario-el-sindical","tag-estadio-unico-la-plata","tag-fiscal-carlos-alpino-vercellone","tag-intoxicados","tag-la-renga","tag-nicolas-nahuel-di-maria","tag-oife-s-a","tag-recital","tag-steward-cap","tag-ufi-1-la-plata"],"_links":{"self":[{"href":"https:\/\/www.elsindical.com.ar\/notas\/wp-json\/wp\/v2\/posts\/130377","targetHints":{"allow":["GET"]}}],"collection":[{"href":"https:\/\/www.elsindical.com.ar\/notas\/wp-json\/wp\/v2\/posts"}],"about":[{"href":"https:\/\/www.elsindical.com.ar\/notas\/wp-json\/wp\/v2\/types\/post"}],"author":[{"embeddable":true,"href":"https:\/\/www.elsindical.com.ar\/notas\/wp-json\/wp\/v2\/users\/1"}],"replies":[{"embeddable":true,"href":"https:\/\/www.elsindical.com.ar\/notas\/wp-json\/wp\/v2\/comments?post=130377"}],"version-history":[{"count":1,"href":"https:\/\/www.elsindical.com.ar\/notas\/wp-json\/wp\/v2\/posts\/130377\/revisions"}],"predecessor-version":[{"id":130379,"href":"https:\/\/www.elsindical.com.ar\/notas\/wp-json\/wp\/v2\/posts\/130377\/revisions\/130379"}],"wp:featuredmedia":[{"embeddable":true,"href":"https:\/\/www.elsindical.com.ar\/notas\/wp-json\/wp\/v2\/media\/130378"}],"wp:attachment":[{"href":"https:\/\/www.elsindical.com.ar\/notas\/wp-json\/wp\/v2\/media?parent=130377"}],"wp:term":[{"taxonomy":"category","embeddable":true,"href":"https:\/\/www.elsindical.com.ar\/notas\/wp-json\/wp\/v2\/categories?post=130377"},{"taxonomy":"post_tag","embeddable":true,"href":"https:\/\/www.elsindical.com.ar\/notas\/wp-json\/wp\/v2\/tags?post=130377"}],"curies":[{"name":"wp","href":"https:\/\/api.w.org\/{rel}","templated":true}]}}