{"id":130330,"date":"2024-05-05T11:32:55","date_gmt":"2024-05-05T14:32:55","guid":{"rendered":"https:\/\/www.elsindical.com.ar\/notas\/?p=130330"},"modified":"2024-05-05T12:40:12","modified_gmt":"2024-05-05T15:40:12","slug":"karina-milei-inversora-en-miami-con-problemas-judiciales-y-flaca-declaracion-de-bienes","status":"publish","type":"post","link":"https:\/\/www.elsindical.com.ar\/notas\/karina-milei-inversora-en-miami-con-problemas-judiciales-y-flaca-declaracion-de-bienes\/","title":{"rendered":"Karina Milei: inversora en Miami con problemas judiciales y flaca declaraci\u00f3n de bienes"},"content":{"rendered":"<div class=\"wp-block-image\">\n<figure class=\"aligncenter size-full is-resized\"><a href=\"https:\/\/www.elsindical.com.ar\/notas\/var\/www\/html\/notas\/wp-content\/uploads\/2024\/05\/Karina-Milei-evasora.png\"><img loading=\"lazy\" decoding=\"async\" width=\"481\" height=\"410\" src=\"https:\/\/www.elsindical.com.ar\/notas\/var\/www\/html\/notas\/wp-content\/uploads\/2024\/05\/Karina-Milei-evasora.png\" alt=\"\" class=\"wp-image-130331\" style=\"width:569px;height:auto\" srcset=\"https:\/\/www.elsindical.com.ar\/notas\/var\/www\/html\/notas\/wp-content\/uploads\/2024\/05\/Karina-Milei-evasora.png 481w, https:\/\/www.elsindical.com.ar\/notas\/var\/www\/html\/notas\/wp-content\/uploads\/2024\/05\/Karina-Milei-evasora-300x256.png 300w, https:\/\/www.elsindical.com.ar\/notas\/var\/www\/html\/notas\/wp-content\/uploads\/2024\/05\/Karina-Milei-evasora-352x300.png 352w\" sizes=\"auto, (max-width: 481px) 100vw, 481px\" \/><\/a><\/figure>\n<\/div>\n\n\n<p>La secretaria general de la Presidencia y hermana del Presidente aparece en una sociedad junto a sus padres, entre 2018 y 2022. La operaci\u00f3n inmobiliaria para invertir en el extranjero termin\u00f3 con un proceso judicial por deudas hipotecarias y una condena a su padre, <strong>Norberto Milei<\/strong>. A pesar de las inversiones, la funcionaria declar\u00f3 el patrimonio m\u00e1s austero del Gabinete. Ante la consulta period\u00edstica, el vocero presidencial respondi\u00f3 que \u201cno se tiene presente\u201d que las propiedades o la sociedad haya sido declarada ante la AFIP.Dos a\u00f1os antes de asumir como secretaria general de la Presidencia y declarar el patrimonio m\u00e1s austero del Gabinete, Karina Milei manej\u00f3 una sociedad en Florida que compr\u00f3 al menos cuatro propiedades por cerca de US$2,7 millones, seg\u00fan consta en documentos oficiales que revisaron durante los \u00faltimos meses <strong>La Naci\u00f3n<\/strong> y <strong>elDiarioAR<\/strong> en un proyecto coordinado por el <strong>Centro Latinoamericano de Investigaci\u00f3n Period\u00edstica (CLIP)<\/strong>.<\/p>\n\n\n\n<p>La sociedad manejada por Karina Milei y sus padres, Norberto y Alicia, adquiri\u00f3 los departamentos en Miami entre 2018 y 2019. La compa\u00f1\u00eda era estadounidense y se denomin\u00f3 <strong>Alkary Investments LLC<\/strong>. Los tres familiares aparecieron como directivos de esa firma, cuyo nombre es el acr\u00f3nimo de \u201cAlicia\u201d y \u201cKary\u201d, seg\u00fan los documentos provistos por <strong>Organized Crime and Corruption Reporting Project<\/strong> (OCCRP). Ante la consulta del equipo period\u00edstico sobre si Alkary Investments fue declarada ante la AFIP, el vocero presidencial, Manuel Adorni, respondi\u00f3 en nombre de Karina Milei: <strong>\u201cNo se verific\u00f3 esto\u201d<\/strong>, \u201cno se tiene presente\u201d.<\/p>\n\n\n\n<h2 class=\"wp-block-heading\">La Declaraci\u00f3n Jurada de Karina Elizabeth Milei<\/h2>\n\n\n\n<p>   La <strong>Secretaria General de la Presidencia<\/strong>, declara, llamarse <strong>Karina Elizabeth Milei,<\/strong> con <strong>CUIT:<\/strong> <strong>27-23292986-9<\/strong>, nacida el 28 de marzo de 1973, declara tener estudios universitarios, pero se olvid\u00f3 de detallar cu\u00e1les son esos estudios.<\/p>\n\n\n\n<p>Declara un departamento en el partido de <strong>Vicente L\u00f3pez<\/strong>, con una superficie de 150 mts2, que ingreso a su patrimonio con fecha 13\/07\/2011, con titularidad del 100% por herencia, con un valor declarado de <strong>$1.415.525,36.-<\/strong><\/p>\n\n\n\n<p>Declara una <strong>Caja de Ahorro en d\u00f3lares<\/strong> por <strong>28.030,20<\/strong>&#8211;<\/p>\n\n\n\n<p><strong>Caja Corriente de $469,37<\/strong><\/p>\n\n\n\n<p><strong>Caja de Ahorro por $259.683,62<\/strong><\/p>\n\n\n\n<p><strong>Otra Caja de Ahorro por $0,1.-<\/strong><\/p>\n\n\n\n<p>Es decir en su primera declaraci\u00f3n jurada patrimonial declara un patrimonio neto de <strong>$1.703.708,56<\/strong><\/p>\n\n\n\n<p>No declarando poseer otros ingresos o deudas que justifiquen su nivel de vida y los gastos que se han visto desde que asumi\u00f3 la gesti\u00f3n, teniendo en cuenta que antes todo era m\u00e1s que austero, llegando a ir a un programa de televisi\u00f3n conducido por Guido Kaczka para ganar un plasma con sus padres y su perro Aron.<\/p>\n\n\n\n<h2 class=\"wp-block-heading\">El pobre rol de la OA (Oficina Anticorrupci\u00f3n)<\/h2>\n\n\n<div class=\"wp-block-image\">\n<figure class=\"aligncenter size-full\"><a href=\"https:\/\/www.elsindical.com.ar\/notas\/var\/www\/html\/notas\/wp-content\/uploads\/2024\/05\/Alejandro-Melik-2.jpg\"><img loading=\"lazy\" decoding=\"async\" width=\"800\" height=\"457\" src=\"https:\/\/www.elsindical.com.ar\/notas\/var\/www\/html\/notas\/wp-content\/uploads\/2024\/05\/Alejandro-Melik-2.jpg\" alt=\"\" class=\"wp-image-130339\" srcset=\"https:\/\/www.elsindical.com.ar\/notas\/var\/www\/html\/notas\/wp-content\/uploads\/2024\/05\/Alejandro-Melik-2.jpg 800w, https:\/\/www.elsindical.com.ar\/notas\/var\/www\/html\/notas\/wp-content\/uploads\/2024\/05\/Alejandro-Melik-2-300x171.jpg 300w, https:\/\/www.elsindical.com.ar\/notas\/var\/www\/html\/notas\/wp-content\/uploads\/2024\/05\/Alejandro-Melik-2-768x439.jpg 768w, https:\/\/www.elsindical.com.ar\/notas\/var\/www\/html\/notas\/wp-content\/uploads\/2024\/05\/Alejandro-Melik-2-500x286.jpg 500w, https:\/\/www.elsindical.com.ar\/notas\/var\/www\/html\/notas\/wp-content\/uploads\/2024\/05\/Alejandro-Melik-2-220x126.jpg 220w\" sizes=\"auto, (max-width: 800px) 100vw, 800px\" \/><\/a><\/figure>\n<\/div>\n\n\n<p>El primer organismo que debi\u00f3 haber detectado las inconsistencias y hacer recomendaciones al obligado adem\u00e1s de investigar es la Oficina Anticorrupci\u00f3n, hoy a cargo del <strong>Dr. Alejandro Melik<\/strong>, que se presenta como Abogado (UBA) especializado en derecho penal y lavado de activos, ex funcionario del Poder Judicial de la Naci\u00f3n.<\/p>\n\n\n\n<p>Secundado por Doctora <strong>Ana Carina LAROCCA<\/strong> (D.N.I. N\u00ba 22.163.737). Directora de Planificaci\u00f3n de Pol\u00edticas de Transparencia.<\/p>\n\n\n\n<p>Contadora p\u00fablica <strong>Emiliana GIACCONE<\/strong> (D.N.I. N\u00ba 26.717.328). Directora Nacional del Sistema de Declaraciones Juradas de la Direcci\u00f3n de Planificaci\u00f3n de Pol\u00edticas de Transparencia de la Oficina Anticorrupci\u00f3n.<\/p>\n\n\n\n<p>Doctor <strong>Leopoldo Horacio GIUPPONI <\/strong>(D.N.I. N\u00ba 24.101.166). Director Nacional de \u00c9tica P\u00fablica de la Oficina Anticorrupci\u00f3n.<\/p>\n\n\n\n<p>Ingeniero <strong>Nicol\u00e1s G\u00d3MEZ <\/strong>(D.N.I. N\u00ba 14.375.752). Director Nacional de Asuntos Estrat\u00e9gicos de la Oficina Anticorrupci\u00f3n.<\/p>\n\n\n\n<p>Doctor <strong>Omar Juli\u00e1n SOSA<\/strong> (D.N.I. N\u00ba 21.482.979). Director Nacional de Investigaciones de la Subsecretar\u00eda de Investigaciones Anticorrupci\u00f3n de la Oficina Anticorrupci\u00f3n.<\/p>\n\n\n\n<p>Licenciada <strong>Deborah Luc\u00eda HAFFORD<\/strong> (D.N.I. N\u00ba 23.766.074). Directora de Relaciones Institucionales dependiente de la Direcci\u00f3n Nacional de Asuntos Estrat\u00e9gicos de la Oficina Anticorrupci\u00f3n.<\/p>\n\n\n\n<p>Doctor <strong>Ricardo PAL<\/strong> (D.N.I. N\u00ba 16.582.220). Director de Asuntos Jur\u00eddicos de la Oficina Anticorrupci\u00f3n.<\/p>\n\n\n\n<p>Doctor <strong>Ernesto Camilo Manuel CORDERO FABBRI<\/strong> (D.N.I. N\u00b0 33.786.583). Coordinador de Admisi\u00f3n y Derivaci\u00f3n de Denuncias dependiente de la Direcci\u00f3n Nacional de Asuntos Estrat\u00e9gicos de la Oficina Anticorrupci\u00f3n.<\/p>\n\n\n\n<p>Como se puede apreciar son muchos profesionales con sueldos millonarios en una oficina ineficiente, el Ministro de Justicia Mariano C\u00faneo Libarona podr\u00eda reducir costos y mejorar el trabajo de la Oficina Anticorrupci\u00f3n.<\/p>\n\n\n\n<p><strong>El titular de la OA, Alejandro Melik ratific\u00f3 que no ser\u00e1n querellantes en las causas pero s\u00ed colaborar\u00e1n con los fiscales. \u201cAc\u00e1 no habr\u00e1 privilegios ni impunidad para nadie\u201d, le dijo a Infobae<\/strong>. Parece que es uno de los que como dicen ellos NO LA VE.<\/p>\n\n\n\n<figure class=\"wp-block-image size-full\"><a href=\"https:\/\/www.elsindical.com.ar\/notas\/var\/www\/html\/notas\/wp-content\/uploads\/2024\/05\/Melik-los-primeros-en-denunciar.jpg\"><img loading=\"lazy\" decoding=\"async\" width=\"850\" height=\"516\" src=\"https:\/\/www.elsindical.com.ar\/notas\/var\/www\/html\/notas\/wp-content\/uploads\/2024\/05\/Melik-los-primeros-en-denunciar.jpg\" alt=\"\" class=\"wp-image-130338\" srcset=\"https:\/\/www.elsindical.com.ar\/notas\/var\/www\/html\/notas\/wp-content\/uploads\/2024\/05\/Melik-los-primeros-en-denunciar.jpg 850w, https:\/\/www.elsindical.com.ar\/notas\/var\/www\/html\/notas\/wp-content\/uploads\/2024\/05\/Melik-los-primeros-en-denunciar-300x182.jpg 300w, https:\/\/www.elsindical.com.ar\/notas\/var\/www\/html\/notas\/wp-content\/uploads\/2024\/05\/Melik-los-primeros-en-denunciar-768x466.jpg 768w, https:\/\/www.elsindical.com.ar\/notas\/var\/www\/html\/notas\/wp-content\/uploads\/2024\/05\/Melik-los-primeros-en-denunciar-494x300.jpg 494w\" sizes=\"auto, (max-width: 850px) 100vw, 850px\" \/><\/a><\/figure>\n\n\n\n<figure class=\"wp-block-embed is-type-video is-provider-youtube wp-block-embed-youtube wp-embed-aspect-16-9 wp-has-aspect-ratio\"><div class=\"wp-block-embed__wrapper\">\n<iframe loading=\"lazy\" title=\"Karina Elizabet Milei \u00bfalguien investigar\u00e1 sus inconsistencias??\" width=\"700\" height=\"394\" src=\"https:\/\/www.youtube.com\/embed\/ToZTwD-Syh8?feature=oembed\" frameborder=\"0\" allow=\"accelerometer; autoplay; clipboard-write; encrypted-media; gyroscope; picture-in-picture; web-share\" referrerpolicy=\"strict-origin-when-cross-origin\" allowfullscreen><\/iframe>\n<\/div><\/figure>\n\n\n\n<p>Por Marcelo Ricardo Hawrylciw<\/p>\n","protected":false},"excerpt":{"rendered":"<p>La secretaria general de la Presidencia y hermana del Presidente aparece en una sociedad junto a sus padres, entre 2018 y 2022. La operaci\u00f3n inmobiliaria para invertir en el extranjero termin\u00f3 con un proceso judicial por deudas hipotecarias y una condena a su padre, Norberto Milei. A pesar de las inversiones, la funcionaria declar\u00f3 el&hellip;<\/p>\n","protected":false},"author":1,"featured_media":130331,"comment_status":"open","ping_status":"open","sticky":false,"template":"","format":"standard","meta":{"footnotes":""},"categories":[12],"tags":[42833,42830,1451,2450,141,42831,40428,2478,3094,42829,42832],"class_list":["post-130330","post","type-post","status-publish","format-standard","has-post-thumbnail","hentry","category-investigacion","tag-alkary-investements-llc","tag-centro-latinoamericano-de-investigacion-periodistica","tag-corrupcion","tag-diario-el-sindical","tag-eeuu","tag-eldiarioar","tag-karina-milei","tag-la-nacion","tag-miami","tag-norberto-milei","tag-occrp"],"_links":{"self":[{"href":"https:\/\/www.elsindical.com.ar\/notas\/wp-json\/wp\/v2\/posts\/130330","targetHints":{"allow":["GET"]}}],"collection":[{"href":"https:\/\/www.elsindical.com.ar\/notas\/wp-json\/wp\/v2\/posts"}],"about":[{"href":"https:\/\/www.elsindical.com.ar\/notas\/wp-json\/wp\/v2\/types\/post"}],"author":[{"embeddable":true,"href":"https:\/\/www.elsindical.com.ar\/notas\/wp-json\/wp\/v2\/users\/1"}],"replies":[{"embeddable":true,"href":"https:\/\/www.elsindical.com.ar\/notas\/wp-json\/wp\/v2\/comments?post=130330"}],"version-history":[{"count":5,"href":"https:\/\/www.elsindical.com.ar\/notas\/wp-json\/wp\/v2\/posts\/130330\/revisions"}],"predecessor-version":[{"id":130341,"href":"https:\/\/www.elsindical.com.ar\/notas\/wp-json\/wp\/v2\/posts\/130330\/revisions\/130341"}],"wp:featuredmedia":[{"embeddable":true,"href":"https:\/\/www.elsindical.com.ar\/notas\/wp-json\/wp\/v2\/media\/130331"}],"wp:attachment":[{"href":"https:\/\/www.elsindical.com.ar\/notas\/wp-json\/wp\/v2\/media?parent=130330"}],"wp:term":[{"taxonomy":"category","embeddable":true,"href":"https:\/\/www.elsindical.com.ar\/notas\/wp-json\/wp\/v2\/categories?post=130330"},{"taxonomy":"post_tag","embeddable":true,"href":"https:\/\/www.elsindical.com.ar\/notas\/wp-json\/wp\/v2\/tags?post=130330"}],"curies":[{"name":"wp","href":"https:\/\/api.w.org\/{rel}","templated":true}]}}