{"id":130324,"date":"2024-05-04T14:08:57","date_gmt":"2024-05-04T17:08:57","guid":{"rendered":"https:\/\/www.elsindical.com.ar\/notas\/?p=130324"},"modified":"2024-05-04T14:09:04","modified_gmt":"2024-05-04T17:09:04","slug":"rusia-emitio-una-orden-de-busqueda-y-detencion-contra-volodimir-zelenski","status":"publish","type":"post","link":"https:\/\/www.elsindical.com.ar\/notas\/rusia-emitio-una-orden-de-busqueda-y-detencion-contra-volodimir-zelenski\/","title":{"rendered":"Rusia emiti\u00f3 una orden de b\u00fasqueda y detenci\u00f3n contra Volod\u00edmir Zelenski"},"content":{"rendered":"\n<figure class=\"wp-block-image size-large\"><a href=\"https:\/\/www.elsindical.com.ar\/notas\/var\/www\/html\/notas\/wp-content\/uploads\/2024\/05\/Volodimir-Zelenski-3.jpg\"><img loading=\"lazy\" decoding=\"async\" width=\"1024\" height=\"682\" src=\"https:\/\/www.elsindical.com.ar\/notas\/var\/www\/html\/notas\/wp-content\/uploads\/2024\/05\/Volodimir-Zelenski-3-1024x682.jpg\" alt=\"\" class=\"wp-image-130325\" srcset=\"https:\/\/www.elsindical.com.ar\/notas\/var\/www\/html\/notas\/wp-content\/uploads\/2024\/05\/Volodimir-Zelenski-3-1024x682.jpg 1024w, https:\/\/www.elsindical.com.ar\/notas\/var\/www\/html\/notas\/wp-content\/uploads\/2024\/05\/Volodimir-Zelenski-3-300x200.jpg 300w, https:\/\/www.elsindical.com.ar\/notas\/var\/www\/html\/notas\/wp-content\/uploads\/2024\/05\/Volodimir-Zelenski-3-768x512.jpg 768w, https:\/\/www.elsindical.com.ar\/notas\/var\/www\/html\/notas\/wp-content\/uploads\/2024\/05\/Volodimir-Zelenski-3-450x300.jpg 450w, https:\/\/www.elsindical.com.ar\/notas\/var\/www\/html\/notas\/wp-content\/uploads\/2024\/05\/Volodimir-Zelenski-3.jpg 1280w\" sizes=\"auto, (max-width: 1024px) 100vw, 1024px\" \/><\/a><\/figure>\n\n\n\n<p>El Ministerio del Interior ruso se\u00f1al\u00f3 que el presidente ucraniano es buscado en virtud de un art\u00edculo del C\u00f3digo Penal de Rusia.<\/p>\n\n\n\n<p>En una escalada de tensi\u00f3n en el marco del conflicto b\u00e9lico en Ucrania, Rusia declar\u00f3 en busca y captura al presidente de Ucrania, <strong>Volod\u00edmir Zelenski.<\/strong><\/p>\n\n\n\n<p>El mandatario ucraniano <strong>fue incluido en la lista del Ministerio del Interior de Rusia de personas en busca y captura,<\/strong> inform\u00f3 la agencia oficial rusa TASS.<\/p>\n\n\n\n<p>Zelenski, se\u00f1al\u00f3 la cartera, es buscado en relaci\u00f3n a <strong>un delito contemplado en el C\u00f3digo Penal de Rusia,<\/strong> sin ofrecer m\u00e1s detalles.<\/p>\n\n\n\n<p>Con anterioridad, <strong>las autoridades rusas ya hab\u00edan emitido \u00f3rdenes de arresto contra altos cargos de Ucrania.<\/strong><\/p>\n\n\n\n<h2 class=\"wp-block-heading\">Los pedidos contra otros l\u00edderes europeos<\/h2>\n\n\n\n<p>Rusia tambi\u00e9n emiti\u00f3 \u00f3rdenes contra pol\u00edticos de pa\u00edses de la Uni\u00f3n Europea: El pasado 13 de febrero Rusia anunci\u00f3 esa medida contra la primera ministra de Estonia, <strong>Kaja Kallas<\/strong>, as\u00ed como contra varios <strong>funcionarios y diputados de Letonia y Lituania.<\/strong><\/p>\n\n\n\n<p>Seg\u00fan las autoridades rusas, la orden de busca y captura contra la jefa del Gobierno estonio y otros pol\u00edticos b\u00e1lticos fue adoptada <strong>por la destrucci\u00f3n y da\u00f1os causados a los monumentos de soldados sovi\u00e9ticos en Estonia<\/strong>.\u00a0<\/p>\n\n\n\n<figure class=\"wp-block-image size-large\"><a href=\"https:\/\/www.elsindical.com.ar\/notas\/var\/www\/html\/notas\/wp-content\/uploads\/2024\/05\/Kaja-Kallas.jpg\"><img loading=\"lazy\" decoding=\"async\" width=\"1024\" height=\"662\" src=\"https:\/\/www.elsindical.com.ar\/notas\/var\/www\/html\/notas\/wp-content\/uploads\/2024\/05\/Kaja-Kallas-1024x662.jpg\" alt=\"\" class=\"wp-image-130326\" srcset=\"https:\/\/www.elsindical.com.ar\/notas\/var\/www\/html\/notas\/wp-content\/uploads\/2024\/05\/Kaja-Kallas-1024x662.jpg 1024w, https:\/\/www.elsindical.com.ar\/notas\/var\/www\/html\/notas\/wp-content\/uploads\/2024\/05\/Kaja-Kallas-300x194.jpg 300w, https:\/\/www.elsindical.com.ar\/notas\/var\/www\/html\/notas\/wp-content\/uploads\/2024\/05\/Kaja-Kallas-768x496.jpg 768w, https:\/\/www.elsindical.com.ar\/notas\/var\/www\/html\/notas\/wp-content\/uploads\/2024\/05\/Kaja-Kallas-464x300.jpg 464w, https:\/\/www.elsindical.com.ar\/notas\/var\/www\/html\/notas\/wp-content\/uploads\/2024\/05\/Kaja-Kallas.jpg 1280w\" sizes=\"auto, (max-width: 1024px) 100vw, 1024px\" \/><\/a><\/figure>\n","protected":false},"excerpt":{"rendered":"<p>El Ministerio del Interior ruso se\u00f1al\u00f3 que el presidente ucraniano es buscado en virtud de un art\u00edculo del C\u00f3digo Penal de Rusia. En una escalada de tensi\u00f3n en el marco del conflicto b\u00e9lico en Ucrania, Rusia declar\u00f3 en busca y captura al presidente de Ucrania, Volod\u00edmir Zelenski. El mandatario ucraniano fue incluido en la lista&hellip;<\/p>\n","protected":false},"author":1,"featured_media":130325,"comment_status":"open","ping_status":"open","sticky":false,"template":"","format":"standard","meta":{"footnotes":""},"categories":[18],"tags":[2450,8675,42826,42827,42828,2650,8234,42825],"class_list":["post-130324","post","type-post","status-publish","format-standard","has-post-thumbnail","hentry","category-internacionales","tag-diario-el-sindical","tag-estonia","tag-kaja-kallas","tag-letonia","tag-lituania","tag-rusia","tag-ucrania","tag-volodimir-zelenski"],"_links":{"self":[{"href":"https:\/\/www.elsindical.com.ar\/notas\/wp-json\/wp\/v2\/posts\/130324","targetHints":{"allow":["GET"]}}],"collection":[{"href":"https:\/\/www.elsindical.com.ar\/notas\/wp-json\/wp\/v2\/posts"}],"about":[{"href":"https:\/\/www.elsindical.com.ar\/notas\/wp-json\/wp\/v2\/types\/post"}],"author":[{"embeddable":true,"href":"https:\/\/www.elsindical.com.ar\/notas\/wp-json\/wp\/v2\/users\/1"}],"replies":[{"embeddable":true,"href":"https:\/\/www.elsindical.com.ar\/notas\/wp-json\/wp\/v2\/comments?post=130324"}],"version-history":[{"count":1,"href":"https:\/\/www.elsindical.com.ar\/notas\/wp-json\/wp\/v2\/posts\/130324\/revisions"}],"predecessor-version":[{"id":130327,"href":"https:\/\/www.elsindical.com.ar\/notas\/wp-json\/wp\/v2\/posts\/130324\/revisions\/130327"}],"wp:featuredmedia":[{"embeddable":true,"href":"https:\/\/www.elsindical.com.ar\/notas\/wp-json\/wp\/v2\/media\/130325"}],"wp:attachment":[{"href":"https:\/\/www.elsindical.com.ar\/notas\/wp-json\/wp\/v2\/media?parent=130324"}],"wp:term":[{"taxonomy":"category","embeddable":true,"href":"https:\/\/www.elsindical.com.ar\/notas\/wp-json\/wp\/v2\/categories?post=130324"},{"taxonomy":"post_tag","embeddable":true,"href":"https:\/\/www.elsindical.com.ar\/notas\/wp-json\/wp\/v2\/tags?post=130324"}],"curies":[{"name":"wp","href":"https:\/\/api.w.org\/{rel}","templated":true}]}}