{"id":130321,"date":"2024-05-04T13:54:18","date_gmt":"2024-05-04T16:54:18","guid":{"rendered":"https:\/\/www.elsindical.com.ar\/notas\/?p=130321"},"modified":"2024-05-04T13:54:24","modified_gmt":"2024-05-04T16:54:24","slug":"libertad-de-prensa-argentina-en-picada","status":"publish","type":"post","link":"https:\/\/www.elsindical.com.ar\/notas\/libertad-de-prensa-argentina-en-picada\/","title":{"rendered":"Libertad de prensa: Argentina en picada"},"content":{"rendered":"<div class=\"wp-block-image\">\n<figure class=\"aligncenter size-full is-resized\"><a href=\"https:\/\/www.elsindical.com.ar\/notas\/var\/www\/html\/notas\/wp-content\/uploads\/2024\/05\/Mileo-gritos.jpg\"><img loading=\"lazy\" decoding=\"async\" width=\"707\" height=\"408\" src=\"https:\/\/www.elsindical.com.ar\/notas\/var\/www\/html\/notas\/wp-content\/uploads\/2024\/05\/Mileo-gritos.jpg\" alt=\"\" class=\"wp-image-130322\" style=\"width:749px;height:auto\" srcset=\"https:\/\/www.elsindical.com.ar\/notas\/var\/www\/html\/notas\/wp-content\/uploads\/2024\/05\/Mileo-gritos.jpg 707w, https:\/\/www.elsindical.com.ar\/notas\/var\/www\/html\/notas\/wp-content\/uploads\/2024\/05\/Mileo-gritos-300x173.jpg 300w, https:\/\/www.elsindical.com.ar\/notas\/var\/www\/html\/notas\/wp-content\/uploads\/2024\/05\/Mileo-gritos-500x289.jpg 500w, https:\/\/www.elsindical.com.ar\/notas\/var\/www\/html\/notas\/wp-content\/uploads\/2024\/05\/Mileo-gritos-220x126.jpg 220w\" sizes=\"auto, (max-width: 707px) 100vw, 707px\" \/><\/a><\/figure>\n<\/div>\n\n\n<p>El informe de Reportero Sin Fronteras indica que Argentina cay\u00f3 26 puntos y lanz\u00f3 una advertencia sobre la llegada de Javier Milei al Gobierno.<\/p>\n\n\n\n<p>La&nbsp;<strong>Argentina cay\u00f3 26 puestos en el r\u00e1nking que eval\u00faa la&nbsp;libertad de prensa<\/strong>. Se advierte que la llegada al poder del presidente&nbsp;Javier Milei&nbsp;\u201cmarca un nuevo y preocupante punto de inflexi\u00f3n para la garant\u00eda del derecho a la informaci\u00f3n en el pa\u00eds\u201d.<\/p>\n\n\n\n<p>A trav\u00e9s de su informe \u201cClasificaci\u00f3n Mundial de la Libertad de Prensa 2024: los peligros de la industria del enga\u00f1o\u201d, la organizaci\u00f3n&nbsp;<strong>Reporteros Sin Fronteras (RSF) ubic\u00f3 a la Argentina en el puesto n\u00famero 66 de un total de 180 pa\u00edses<\/strong>: el ranking est\u00e1 liderado por Noruega, Dinamarca, Suecia, Pa\u00edses Bajos y Finlandia.<\/p>\n\n\n\n<p>En la anterior edici\u00f3n del r\u00e1nking de Reporteros Sin Fronteras, la Argentina hab\u00eda obtenido el puesto n\u00famero 40: es decir, ahora cay\u00f3 26 ubicaciones.<\/p>\n\n\n\n<p><strong>\u201cLa llegada al poder de Javier Milei, abiertamente hostil con la prensa, marca un nuevo y preocupante punto de inflexi\u00f3n para la garant\u00eda del derecho a la informaci\u00f3n en el pa\u00eds\u201d<\/strong>, se\u00f1ala el reporte.<\/p>\n\n\n\n<p>La entidad defini\u00f3 a la Argentina como un pa\u00eds con \u201cproblemas significativos\u201d en lo que se refiere a la Libertad de Prensa: en la misma situaci\u00f3n se encuentran pa\u00edses vecinos como Brasil, Chile y Uruguay.<\/p>\n\n\n\n<p>Se indic\u00f3 que \u201cla&nbsp;alta concentraci\u00f3n y la opacidad de la propiedad de los medios, la&nbsp;polarizaci\u00f3n, la&nbsp;ausencia de pol\u00edticas p\u00fablicas para garantizar la pluralidad, as\u00ed como la&nbsp;precarizaci\u00f3n del ejercicio del periodismo&nbsp;constituyen las principales amenazas a la libertad de prensa en Argentina\u201d.<\/p>\n","protected":false},"excerpt":{"rendered":"<p>El informe de Reportero Sin Fronteras indica que Argentina cay\u00f3 26 puntos y lanz\u00f3 una advertencia sobre la llegada de Javier Milei al Gobierno. La&nbsp;Argentina cay\u00f3 26 puestos en el r\u00e1nking que eval\u00faa la&nbsp;libertad de prensa. Se advierte que la llegada al poder del presidente&nbsp;Javier Milei&nbsp;\u201cmarca un nuevo y preocupante punto de inflexi\u00f3n para la&hellip;<\/p>\n","protected":false},"author":1,"featured_media":130322,"comment_status":"open","ping_status":"open","sticky":false,"template":"","format":"standard","meta":{"footnotes":""},"categories":[25],"tags":[2450,42824,28812,4811,16345],"class_list":["post-130321","post","type-post","status-publish","format-standard","has-post-thumbnail","hentry","category-sociedad","tag-diario-el-sindical","tag-gobierno-hostil-con-la-prensa","tag-javier-milei","tag-libertad-de-prensa","tag-rsf"],"_links":{"self":[{"href":"https:\/\/www.elsindical.com.ar\/notas\/wp-json\/wp\/v2\/posts\/130321","targetHints":{"allow":["GET"]}}],"collection":[{"href":"https:\/\/www.elsindical.com.ar\/notas\/wp-json\/wp\/v2\/posts"}],"about":[{"href":"https:\/\/www.elsindical.com.ar\/notas\/wp-json\/wp\/v2\/types\/post"}],"author":[{"embeddable":true,"href":"https:\/\/www.elsindical.com.ar\/notas\/wp-json\/wp\/v2\/users\/1"}],"replies":[{"embeddable":true,"href":"https:\/\/www.elsindical.com.ar\/notas\/wp-json\/wp\/v2\/comments?post=130321"}],"version-history":[{"count":1,"href":"https:\/\/www.elsindical.com.ar\/notas\/wp-json\/wp\/v2\/posts\/130321\/revisions"}],"predecessor-version":[{"id":130323,"href":"https:\/\/www.elsindical.com.ar\/notas\/wp-json\/wp\/v2\/posts\/130321\/revisions\/130323"}],"wp:featuredmedia":[{"embeddable":true,"href":"https:\/\/www.elsindical.com.ar\/notas\/wp-json\/wp\/v2\/media\/130322"}],"wp:attachment":[{"href":"https:\/\/www.elsindical.com.ar\/notas\/wp-json\/wp\/v2\/media?parent=130321"}],"wp:term":[{"taxonomy":"category","embeddable":true,"href":"https:\/\/www.elsindical.com.ar\/notas\/wp-json\/wp\/v2\/categories?post=130321"},{"taxonomy":"post_tag","embeddable":true,"href":"https:\/\/www.elsindical.com.ar\/notas\/wp-json\/wp\/v2\/tags?post=130321"}],"curies":[{"name":"wp","href":"https:\/\/api.w.org\/{rel}","templated":true}]}}