{"id":130306,"date":"2024-05-03T14:07:26","date_gmt":"2024-05-03T17:07:26","guid":{"rendered":"https:\/\/www.elsindical.com.ar\/notas\/?p=130306"},"modified":"2024-05-03T14:07:30","modified_gmt":"2024-05-03T17:07:30","slug":"el-sutna-convoco-a-un-paro-para-la-semana-proxima","status":"publish","type":"post","link":"https:\/\/www.elsindical.com.ar\/notas\/el-sutna-convoco-a-un-paro-para-la-semana-proxima\/","title":{"rendered":"El SUTNA convoc\u00f3 a un paro para la semana pr\u00f3xima"},"content":{"rendered":"\n<figure class=\"wp-block-image size-large\"><a href=\"https:\/\/www.elsindical.com.ar\/notas\/var\/www\/html\/notas\/wp-content\/uploads\/2024\/05\/SUTNA-asamblea.jpg\"><img loading=\"lazy\" decoding=\"async\" width=\"1024\" height=\"576\" src=\"https:\/\/www.elsindical.com.ar\/notas\/var\/www\/html\/notas\/wp-content\/uploads\/2024\/05\/SUTNA-asamblea-1024x576.jpg\" alt=\"\" class=\"wp-image-130307\" srcset=\"https:\/\/www.elsindical.com.ar\/notas\/var\/www\/html\/notas\/wp-content\/uploads\/2024\/05\/SUTNA-asamblea-1024x576.jpg 1024w, https:\/\/www.elsindical.com.ar\/notas\/var\/www\/html\/notas\/wp-content\/uploads\/2024\/05\/SUTNA-asamblea-300x169.jpg 300w, https:\/\/www.elsindical.com.ar\/notas\/var\/www\/html\/notas\/wp-content\/uploads\/2024\/05\/SUTNA-asamblea-768x432.jpg 768w, https:\/\/www.elsindical.com.ar\/notas\/var\/www\/html\/notas\/wp-content\/uploads\/2024\/05\/SUTNA-asamblea-500x281.jpg 500w, https:\/\/www.elsindical.com.ar\/notas\/var\/www\/html\/notas\/wp-content\/uploads\/2024\/05\/SUTNA-asamblea-460x260.jpg 460w, https:\/\/www.elsindical.com.ar\/notas\/var\/www\/html\/notas\/wp-content\/uploads\/2024\/05\/SUTNA-asamblea.jpg 1200w\" sizes=\"auto, (max-width: 1024px) 100vw, 1024px\" \/><\/a><\/figure>\n\n\n\n<p>A ra\u00edz de la medida de fuerza del SUTNA, las tres f\u00e1bricas de neum\u00e1ticos del pa\u00eds estar\u00e1n paralizadas.<\/p>\n\n\n\n<p><strong>Los trabajadores del neum\u00e1tico realizar\u00e1n el martes pr\u00f3ximo un paro<\/strong> de 24 horas en las tres f\u00e1bricas que operan en el pa\u00eds, por la \u201cfalta de propuesta paritaria\u201d por parte de las empresas.<\/p>\n\n\n\n<p>As\u00ed lo anticip\u00f3 el <strong>Sindicato \u00danico de Trabajadores del Neum\u00e1tico<\/strong> <strong>Argentino<\/strong> (SUTNA) que precis\u00f3 que ese d\u00eda se detendr\u00e1n las actividades en todas las f\u00e1bricas, a partir de las 14.<\/p>\n\n\n\n<p>En un comunicado, el gremio indic\u00f3 que<strong> el turno ma\u00f1ana se movilizar\u00e1 a las puertas de la f\u00e1brica Pirelli, junto con el resto de los turnos que no ingresar\u00e1n a trabajar<\/strong>, para dar comienzo a un acto a partir de las 15.<\/p>\n\n\n\n<p>El secretario general del SUTNA, Alejandro Crespo, asegur\u00f3 que la medida se toma \u201cen repudio al intento de esa patronal (Pirelli) que, por medio de un <strong>accionar mafioso que incluye amenazas y despidos fraudulentos<\/strong>, &nbsp;pretende debilitar la unidad de los trabajadores\u201d.<\/p>\n\n\n\n<p>Tambi\u00e9n, denunci\u00f3 una \u201cestrategia de todas las patronales para instalar un mecanismo de negociaci\u00f3n que s\u00f3lo puede derivar en una rebaja salarial para todos los trabajadores del gremio\u201d.<\/p>\n\n\n\n<p><strong>La medida de fuerza tambi\u00e9n involucra a los empleados de las plantas de Bridgestone (en Llavallol) y Fate<\/strong>, \u201ccuyas patronales no han dicho una palabra de aumento salarial\u201d, se quej\u00f3 el SUTNA.<\/p>\n","protected":false},"excerpt":{"rendered":"<p>A ra\u00edz de la medida de fuerza del SUTNA, las tres f\u00e1bricas de neum\u00e1ticos del pa\u00eds estar\u00e1n paralizadas. Los trabajadores del neum\u00e1tico realizar\u00e1n el martes pr\u00f3ximo un paro de 24 horas en las tres f\u00e1bricas que operan en el pa\u00eds, por la \u201cfalta de propuesta paritaria\u201d por parte de las empresas. As\u00ed lo anticip\u00f3 el&hellip;<\/p>\n","protected":false},"author":1,"featured_media":130307,"comment_status":"open","ping_status":"open","sticky":false,"template":"","format":"standard","meta":{"footnotes":""},"categories":[16],"tags":[1240,2450,1196,67,3787],"class_list":["post-130306","post","type-post","status-publish","format-standard","has-post-thumbnail","hentry","category-gremiales","tag-asamblea","tag-diario-el-sindical","tag-movilizacion","tag-paro","tag-sutna"],"_links":{"self":[{"href":"https:\/\/www.elsindical.com.ar\/notas\/wp-json\/wp\/v2\/posts\/130306","targetHints":{"allow":["GET"]}}],"collection":[{"href":"https:\/\/www.elsindical.com.ar\/notas\/wp-json\/wp\/v2\/posts"}],"about":[{"href":"https:\/\/www.elsindical.com.ar\/notas\/wp-json\/wp\/v2\/types\/post"}],"author":[{"embeddable":true,"href":"https:\/\/www.elsindical.com.ar\/notas\/wp-json\/wp\/v2\/users\/1"}],"replies":[{"embeddable":true,"href":"https:\/\/www.elsindical.com.ar\/notas\/wp-json\/wp\/v2\/comments?post=130306"}],"version-history":[{"count":1,"href":"https:\/\/www.elsindical.com.ar\/notas\/wp-json\/wp\/v2\/posts\/130306\/revisions"}],"predecessor-version":[{"id":130308,"href":"https:\/\/www.elsindical.com.ar\/notas\/wp-json\/wp\/v2\/posts\/130306\/revisions\/130308"}],"wp:featuredmedia":[{"embeddable":true,"href":"https:\/\/www.elsindical.com.ar\/notas\/wp-json\/wp\/v2\/media\/130307"}],"wp:attachment":[{"href":"https:\/\/www.elsindical.com.ar\/notas\/wp-json\/wp\/v2\/media?parent=130306"}],"wp:term":[{"taxonomy":"category","embeddable":true,"href":"https:\/\/www.elsindical.com.ar\/notas\/wp-json\/wp\/v2\/categories?post=130306"},{"taxonomy":"post_tag","embeddable":true,"href":"https:\/\/www.elsindical.com.ar\/notas\/wp-json\/wp\/v2\/tags?post=130306"}],"curies":[{"name":"wp","href":"https:\/\/api.w.org\/{rel}","templated":true}]}}