{"id":130269,"date":"2024-05-01T13:04:04","date_gmt":"2024-05-01T16:04:04","guid":{"rendered":"https:\/\/www.elsindical.com.ar\/notas\/?p=130269"},"modified":"2024-05-01T13:04:09","modified_gmt":"2024-05-01T16:04:09","slug":"impuesto-a-las-ganancias-quienes-volverian-a-pagarlo","status":"publish","type":"post","link":"https:\/\/www.elsindical.com.ar\/notas\/impuesto-a-las-ganancias-quienes-volverian-a-pagarlo\/","title":{"rendered":"Impuesto a las Ganancias: \u00bfQui\u00e9nes volver\u00edan a pagarlo?"},"content":{"rendered":"<div class=\"wp-block-image\">\n<figure class=\"aligncenter size-full\"><a href=\"https:\/\/www.elsindical.com.ar\/notas\/var\/www\/html\/notas\/wp-content\/uploads\/2024\/05\/billetes-de-2000.jpg\"><img loading=\"lazy\" decoding=\"async\" width=\"750\" height=\"422\" src=\"https:\/\/www.elsindical.com.ar\/notas\/var\/www\/html\/notas\/wp-content\/uploads\/2024\/05\/billetes-de-2000.jpg\" alt=\"\" class=\"wp-image-130270\" srcset=\"https:\/\/www.elsindical.com.ar\/notas\/var\/www\/html\/notas\/wp-content\/uploads\/2024\/05\/billetes-de-2000.jpg 750w, https:\/\/www.elsindical.com.ar\/notas\/var\/www\/html\/notas\/wp-content\/uploads\/2024\/05\/billetes-de-2000-300x169.jpg 300w, https:\/\/www.elsindical.com.ar\/notas\/var\/www\/html\/notas\/wp-content\/uploads\/2024\/05\/billetes-de-2000-500x281.jpg 500w, https:\/\/www.elsindical.com.ar\/notas\/var\/www\/html\/notas\/wp-content\/uploads\/2024\/05\/billetes-de-2000-460x260.jpg 460w\" sizes=\"auto, (max-width: 750px) 100vw, 750px\" \/><\/a><\/figure>\n<\/div>\n\n\n<p class=\"wp-block-paragraph\">Si el Senado aprueba la reforma fiscal, m\u00e1s de un mill\u00f3n de trabajadores volver\u00e1n apagar Ganancias. \u00bfCu\u00e1l es el piso?<\/p>\n\n\n\n<p class=\"wp-block-paragraph\">En el marco de la reforma fiscal aprobada ayer en la C\u00e1mara de Diputados (a\u00fan debe ser avalada por el Senado), reaparece el <strong>Impuesto a las Ganancias<\/strong> para los trabajadores de la cuarta categor\u00eda.<\/p>\n\n\n\n<p class=\"wp-block-paragraph\">Casi un mill\u00f3n de personas volver\u00e1 a tributar Ganancias, de aprobarse la iniciativa en la C\u00e1mara alta.<\/p>\n\n\n\n<p class=\"wp-block-paragraph\">As\u00ed, <strong>los asalariados pagar\u00e1n Ganancias a partir de una remuneraci\u00f3n bruta mensual de&nbsp;$1.800.000&nbsp;(en t\u00e9rminos netos, es un salario de&nbsp;$1.494.000) si no aplican deducciones<\/strong>.<\/p>\n\n\n\n<p class=\"wp-block-paragraph\">El piso para no pagar el impuesto ser\u00e1 de 1.800.000 pesos \u20131.494.000 en mano\u2013 para solteros.<\/p>\n\n\n\n<p class=\"wp-block-paragraph\">En el caso de un <strong>empleado soltero que tenga dos hijos menores<\/strong> declarados a su cargo, el salario bruto m\u00e1s bajo alcanzado por el impuesto ser\u00eda de $2.100.000.<\/p>\n\n\n\n<p class=\"wp-block-paragraph\">En el caso de un <strong>empleado casado con dos hijos menores<\/strong> a cargo, estar\u00e1 eximido del pago del impuesto con un salario bruto inferior a $2.400.000.<\/p>\n\n\n\n<p class=\"wp-block-paragraph\">Respecto de las escalas de al\u00edcuotas, tal como aparecen en el borrador ser\u00e1n m\u00e1s progresivas y se mover\u00e1n en el rango de&nbsp;entre 5 y 35 por ciento.<\/p>\n\n\n\n<p class=\"wp-block-paragraph\">Por otro lado, el proyecto establece que las deducciones personales y los tramos de las escalas del impuesto se ajustar\u00e1n anualmente por la variaci\u00f3n el \u00cdndice de Precios al Consumidor (IPC).<\/p>\n\n\n\n<p class=\"wp-block-paragraph\">Las deducciones personales aumentar\u00e1n entre un 183,75% y un 186,65%&nbsp;y no hay cambios respecto a la deducci\u00f3n especial para determinados jubilados y pensionados, que se mantiene en ocho haberes m\u00ednimos garantizados.<\/p>\n\n\n\n<h2 class=\"wp-block-heading\">Eliminan deducciones<\/h2>\n\n\n\n<p class=\"wp-block-paragraph\">Se eliminan deducciones por gastos de <strong>movilidad, vi\u00e1ticos y otras compensaciones<\/strong>, por material did\u00e1ctico que se paga a docentes, entre otras.<\/p>\n\n\n\n<p class=\"wp-block-paragraph\">Tambi\u00e9n, se deroga el incremento del 22% de las deducciones personales para los empleados y jubilados que residen en la zona patag\u00f3nica.<\/p>\n\n\n\n<p class=\"wp-block-paragraph\">Por otra parte, <strong>se eliminan exenciones para el Sueldo Anual Complementario<\/strong>, para la diferencia del valor de las <strong>horas extras y el de horas trabajadas en d\u00edas feriados, inh\u00e1biles y durante los fines de semana<\/strong>.<\/p>\n\n\n\n<p class=\"wp-block-paragraph\">Tambi\u00e9n se eliminan exenciones para determinados suplementos correspondientes al personal militar y para guardias obligatorias y horas extras realizadas por los profesionales, t\u00e9cnicos, auxiliares y personal operativo de los sistemas de salud.<\/p>\n","protected":false},"excerpt":{"rendered":"<p>Si el Senado aprueba la reforma fiscal, m\u00e1s de un mill\u00f3n de trabajadores volver\u00e1n apagar Ganancias. \u00bfCu\u00e1l es el piso? En el marco de la reforma fiscal aprobada ayer en la C\u00e1mara de Diputados (a\u00fan debe ser avalada por el Senado), reaparece el Impuesto a las Ganancias para los trabajadores de la cuarta categor\u00eda. Casi&hellip;<\/p>\n","protected":false},"author":1,"featured_media":130270,"comment_status":"open","ping_status":"open","sticky":false,"template":"","format":"standard","meta":{"footnotes":""},"categories":[9],"tags":[2450,42805,15589],"class_list":["post-130269","post","type-post","status-publish","format-standard","has-post-thumbnail","hentry","category-economia","tag-diario-el-sindical","tag-eliminacion-de-deducciones","tag-impuesto-a-las-ganancias"],"_links":{"self":[{"href":"https:\/\/www.elsindical.com.ar\/notas\/wp-json\/wp\/v2\/posts\/130269","targetHints":{"allow":["GET"]}}],"collection":[{"href":"https:\/\/www.elsindical.com.ar\/notas\/wp-json\/wp\/v2\/posts"}],"about":[{"href":"https:\/\/www.elsindical.com.ar\/notas\/wp-json\/wp\/v2\/types\/post"}],"author":[{"embeddable":true,"href":"https:\/\/www.elsindical.com.ar\/notas\/wp-json\/wp\/v2\/users\/1"}],"replies":[{"embeddable":true,"href":"https:\/\/www.elsindical.com.ar\/notas\/wp-json\/wp\/v2\/comments?post=130269"}],"version-history":[{"count":1,"href":"https:\/\/www.elsindical.com.ar\/notas\/wp-json\/wp\/v2\/posts\/130269\/revisions"}],"predecessor-version":[{"id":130271,"href":"https:\/\/www.elsindical.com.ar\/notas\/wp-json\/wp\/v2\/posts\/130269\/revisions\/130271"}],"wp:featuredmedia":[{"embeddable":true,"href":"https:\/\/www.elsindical.com.ar\/notas\/wp-json\/wp\/v2\/media\/130270"}],"wp:attachment":[{"href":"https:\/\/www.elsindical.com.ar\/notas\/wp-json\/wp\/v2\/media?parent=130269"}],"wp:term":[{"taxonomy":"category","embeddable":true,"href":"https:\/\/www.elsindical.com.ar\/notas\/wp-json\/wp\/v2\/categories?post=130269"},{"taxonomy":"post_tag","embeddable":true,"href":"https:\/\/www.elsindical.com.ar\/notas\/wp-json\/wp\/v2\/tags?post=130269"}],"curies":[{"name":"wp","href":"https:\/\/api.w.org\/{rel}","templated":true}]}}