{"id":130267,"date":"2024-05-01T12:58:40","date_gmt":"2024-05-01T15:58:40","guid":{"rendered":"https:\/\/www.elsindical.com.ar\/notas\/?p=130267"},"modified":"2024-05-01T12:58:45","modified_gmt":"2024-05-01T15:58:45","slug":"tras-el-freno-del-gobierno-los-combustibles-aumentaron-un-4","status":"publish","type":"post","link":"https:\/\/www.elsindical.com.ar\/notas\/tras-el-freno-del-gobierno-los-combustibles-aumentaron-un-4\/","title":{"rendered":"Tras el freno del Gobierno, los combustibles aumentaron un 4%"},"content":{"rendered":"<div class=\"wp-block-image\">\n<figure class=\"aligncenter size-full\"><a href=\"https:\/\/www.elsindical.com.ar\/notas\/var\/www\/html\/notas\/wp-content\/uploads\/2023\/12\/biocombustibles.jpg\"><img loading=\"lazy\" decoding=\"async\" width=\"780\" height=\"482\" src=\"https:\/\/www.elsindical.com.ar\/notas\/var\/www\/html\/notas\/wp-content\/uploads\/2023\/12\/biocombustibles.jpg\" alt=\"\" class=\"wp-image-127544\" srcset=\"https:\/\/www.elsindical.com.ar\/notas\/var\/www\/html\/notas\/wp-content\/uploads\/2023\/12\/biocombustibles.jpg 780w, https:\/\/www.elsindical.com.ar\/notas\/var\/www\/html\/notas\/wp-content\/uploads\/2023\/12\/biocombustibles-300x185.jpg 300w, https:\/\/www.elsindical.com.ar\/notas\/var\/www\/html\/notas\/wp-content\/uploads\/2023\/12\/biocombustibles-768x475.jpg 768w, https:\/\/www.elsindical.com.ar\/notas\/var\/www\/html\/notas\/wp-content\/uploads\/2023\/12\/biocombustibles-485x300.jpg 485w\" sizes=\"auto, (max-width: 780px) 100vw, 780px\" \/><\/a><\/figure>\n<\/div>\n\n\n<p>Pese a la postergaci\u00f3n del aumento en el impuesto a los combustibles, las petroleras aplicaron la suba por devaluaci\u00f3n y el precio del barril.<\/p>\n\n\n\n<p>Si bien el Gobierno posterg\u00f3 la actualizaci\u00f3n del impuesto a los combustibles, las empresas aumentaron los precios de sus productos un 4 por ciento.<\/p>\n\n\n\n<p><strong>El Gobierno defini\u00f3 diferir la actualizaci\u00f3n correspondiente al cuarto trimestre de 2023 de los Impuestos sobre los Combustibles y al Di\u00f3xido de Carbono<\/strong>&nbsp;para la nafta sin plomo, la nafta virgen y el gasoil, al 1\u00b0 de junio de 2024.<\/p>\n\n\n\n<p>De esta manera, la medida garantiza previsibilidad al sector y establece que&nbsp;<strong>no habr\u00e1 incremento alguno, por dichos conceptos, en mayo<\/strong>.<\/p>\n\n\n\n<p>Sin embargo, <strong>las empresas actualizaron los valores en un 4%<\/strong>, debido a la devaluaci\u00f3n mensual del peso frente al d\u00f3lar del 2% y el aumento del barril del petr\u00f3leo.<\/p>\n\n\n\n<p>M\u00e1s all\u00e1 de este aumento, el Ejecutivo cumpli\u00f3 con la tarea de moderar la suba para frenar el impacto en la inflaci\u00f3n de mayo.<\/p>\n","protected":false},"excerpt":{"rendered":"<p>Pese a la postergaci\u00f3n del aumento en el impuesto a los combustibles, las petroleras aplicaron la suba por devaluaci\u00f3n y el precio del barril. Si bien el Gobierno posterg\u00f3 la actualizaci\u00f3n del impuesto a los combustibles, las empresas aumentaron los precios de sus productos un 4 por ciento. El Gobierno defini\u00f3 diferir la actualizaci\u00f3n correspondiente&hellip;<\/p>\n","protected":false},"author":1,"featured_media":127544,"comment_status":"open","ping_status":"open","sticky":false,"template":"","format":"standard","meta":{"footnotes":""},"categories":[9],"tags":[23498,2450,22023,761,38219],"class_list":["post-130267","post","type-post","status-publish","format-standard","has-post-thumbnail","hentry","category-economia","tag-aumento-combustibles","tag-diario-el-sindical","tag-economia","tag-gobierno-nacional","tag-petroleras"],"_links":{"self":[{"href":"https:\/\/www.elsindical.com.ar\/notas\/wp-json\/wp\/v2\/posts\/130267","targetHints":{"allow":["GET"]}}],"collection":[{"href":"https:\/\/www.elsindical.com.ar\/notas\/wp-json\/wp\/v2\/posts"}],"about":[{"href":"https:\/\/www.elsindical.com.ar\/notas\/wp-json\/wp\/v2\/types\/post"}],"author":[{"embeddable":true,"href":"https:\/\/www.elsindical.com.ar\/notas\/wp-json\/wp\/v2\/users\/1"}],"replies":[{"embeddable":true,"href":"https:\/\/www.elsindical.com.ar\/notas\/wp-json\/wp\/v2\/comments?post=130267"}],"version-history":[{"count":1,"href":"https:\/\/www.elsindical.com.ar\/notas\/wp-json\/wp\/v2\/posts\/130267\/revisions"}],"predecessor-version":[{"id":130268,"href":"https:\/\/www.elsindical.com.ar\/notas\/wp-json\/wp\/v2\/posts\/130267\/revisions\/130268"}],"wp:featuredmedia":[{"embeddable":true,"href":"https:\/\/www.elsindical.com.ar\/notas\/wp-json\/wp\/v2\/media\/127544"}],"wp:attachment":[{"href":"https:\/\/www.elsindical.com.ar\/notas\/wp-json\/wp\/v2\/media?parent=130267"}],"wp:term":[{"taxonomy":"category","embeddable":true,"href":"https:\/\/www.elsindical.com.ar\/notas\/wp-json\/wp\/v2\/categories?post=130267"},{"taxonomy":"post_tag","embeddable":true,"href":"https:\/\/www.elsindical.com.ar\/notas\/wp-json\/wp\/v2\/tags?post=130267"}],"curies":[{"name":"wp","href":"https:\/\/api.w.org\/{rel}","templated":true}]}}