{"id":130260,"date":"2024-04-30T20:46:15","date_gmt":"2024-04-30T23:46:15","guid":{"rendered":"https:\/\/www.elsindical.com.ar\/notas\/?p=130260"},"modified":"2024-04-30T20:46:44","modified_gmt":"2024-04-30T23:46:44","slug":"30-de-abril-dia-del-efectivo-policial-herido-en-acto-de-servicio","status":"publish","type":"post","link":"https:\/\/www.elsindical.com.ar\/notas\/30-de-abril-dia-del-efectivo-policial-herido-en-acto-de-servicio\/","title":{"rendered":"30 de Abril D\u00eda del Efectivo Policial Herido en Acto de Servicio"},"content":{"rendered":"\n<figure class=\"wp-block-image size-large\"><a href=\"https:\/\/www.elsindical.com.ar\/notas\/var\/www\/html\/notas\/wp-content\/uploads\/2024\/04\/saludos-del-Jefe-de-Policia-Villar-al-personal-policial.jpeg\"><img loading=\"lazy\" decoding=\"async\" width=\"1024\" height=\"711\" src=\"https:\/\/www.elsindical.com.ar\/notas\/var\/www\/html\/notas\/wp-content\/uploads\/2024\/04\/saludos-del-Jefe-de-Policia-Villar-al-personal-policial-1024x711.jpeg\" alt=\"\" class=\"wp-image-130261\" srcset=\"https:\/\/www.elsindical.com.ar\/notas\/var\/www\/html\/notas\/wp-content\/uploads\/2024\/04\/saludos-del-Jefe-de-Policia-Villar-al-personal-policial-1024x711.jpeg 1024w, https:\/\/www.elsindical.com.ar\/notas\/var\/www\/html\/notas\/wp-content\/uploads\/2024\/04\/saludos-del-Jefe-de-Policia-Villar-al-personal-policial-300x208.jpeg 300w, https:\/\/www.elsindical.com.ar\/notas\/var\/www\/html\/notas\/wp-content\/uploads\/2024\/04\/saludos-del-Jefe-de-Policia-Villar-al-personal-policial-768x533.jpeg 768w, https:\/\/www.elsindical.com.ar\/notas\/var\/www\/html\/notas\/wp-content\/uploads\/2024\/04\/saludos-del-Jefe-de-Policia-Villar-al-personal-policial-432x300.jpeg 432w, https:\/\/www.elsindical.com.ar\/notas\/var\/www\/html\/notas\/wp-content\/uploads\/2024\/04\/saludos-del-Jefe-de-Policia-Villar-al-personal-policial.jpeg 1290w\" sizes=\"auto, (max-width: 1024px) 100vw, 1024px\" \/><\/a><\/figure>\n\n\n\n<p><strong><em>\u00a0\u00abSER POLIC\u00cdA ES UNA DE LAS PROFESIONES MAS NOBLES QUE HAY, UNA DE LAS MUESTRAS MAS CABALES DE VOCACI\u00d3N, SERVICIO,\u00a0 ENTREGA Y DEDICACI\u00d3N,\u00a0 YA QUE SIGNIFICA PONER EL CUERPO Y TOMAR RIESGOS EN POS DEL BIENESTAR, LA SEGURIDAD Y LA VIDA DE LOS DEM\u00c1S\u00bb<\/em><\/strong><\/p>\n\n\n\n<figure class=\"wp-block-image size-large\"><a href=\"https:\/\/www.elsindical.com.ar\/notas\/var\/www\/html\/notas\/wp-content\/uploads\/2024\/04\/Jefe-de-Policia-Villar-Sanatorio-de-Bernal.jpeg\"><img loading=\"lazy\" decoding=\"async\" width=\"768\" height=\"1024\" src=\"https:\/\/www.elsindical.com.ar\/notas\/var\/www\/html\/notas\/wp-content\/uploads\/2024\/04\/Jefe-de-Policia-Villar-Sanatorio-de-Bernal-768x1024.jpeg\" alt=\"\" class=\"wp-image-130262\" srcset=\"https:\/\/www.elsindical.com.ar\/notas\/var\/www\/html\/notas\/wp-content\/uploads\/2024\/04\/Jefe-de-Policia-Villar-Sanatorio-de-Bernal-768x1024.jpeg 768w, https:\/\/www.elsindical.com.ar\/notas\/var\/www\/html\/notas\/wp-content\/uploads\/2024\/04\/Jefe-de-Policia-Villar-Sanatorio-de-Bernal-225x300.jpeg 225w, https:\/\/www.elsindical.com.ar\/notas\/var\/www\/html\/notas\/wp-content\/uploads\/2024\/04\/Jefe-de-Policia-Villar-Sanatorio-de-Bernal-1152x1536.jpeg 1152w, https:\/\/www.elsindical.com.ar\/notas\/var\/www\/html\/notas\/wp-content\/uploads\/2024\/04\/Jefe-de-Policia-Villar-Sanatorio-de-Bernal.jpeg 1200w\" sizes=\"auto, (max-width: 768px) 100vw, 768px\" \/><\/a><\/figure>\n\n\n\n<p>Con motivo del D\u00eda del Efectivo Policial Herido en Servicio, el <strong>Jefe de la Polic\u00eda Comisario General Javier Carlos Villar,<\/strong> saludo a los efectivos policiales y a sus familias, visitando en la localidad de Bernal, partido de Quilmes al <strong>Sargento Alejandro Cardozo<\/strong>, quien sufriera distintas heridas cuando realizaba el acompa\u00f1amiento de la ambulancia que trasladaba a la <strong>Oficial Florencia<\/strong> <strong>Herrera <\/strong>al Sanatorio Fitz Roy de CABA para su mejor recuperaci\u00f3n, haci\u00e9ndole entrega de un diploma institucional por su acto de servicio.<\/p>\n\n\n\n<p>M\u00e1s tarde junto al <strong>Comisario General Sebasti\u00e1n Garc\u00eda<\/strong>, Superintendente de Servicios Sociales, entregaron un diploma institucional al padre y el hermano de la Oficial Herrera que se sienten orgullosos del valor de su hija como polic\u00eda.<\/p>\n\n\n\n<figure class=\"wp-block-image size-large\"><a href=\"https:\/\/www.elsindical.com.ar\/notas\/var\/www\/html\/notas\/wp-content\/uploads\/2024\/04\/Jefe-de-Policia-Villar-Clinica-Fitz-Roy.jpeg\"><img loading=\"lazy\" decoding=\"async\" width=\"1024\" height=\"768\" src=\"https:\/\/www.elsindical.com.ar\/notas\/var\/www\/html\/notas\/wp-content\/uploads\/2024\/04\/Jefe-de-Policia-Villar-Clinica-Fitz-Roy-1024x768.jpeg\" alt=\"\" class=\"wp-image-130263\" srcset=\"https:\/\/www.elsindical.com.ar\/notas\/var\/www\/html\/notas\/wp-content\/uploads\/2024\/04\/Jefe-de-Policia-Villar-Clinica-Fitz-Roy-1024x768.jpeg 1024w, https:\/\/www.elsindical.com.ar\/notas\/var\/www\/html\/notas\/wp-content\/uploads\/2024\/04\/Jefe-de-Policia-Villar-Clinica-Fitz-Roy-300x225.jpeg 300w, https:\/\/www.elsindical.com.ar\/notas\/var\/www\/html\/notas\/wp-content\/uploads\/2024\/04\/Jefe-de-Policia-Villar-Clinica-Fitz-Roy-768x576.jpeg 768w, https:\/\/www.elsindical.com.ar\/notas\/var\/www\/html\/notas\/wp-content\/uploads\/2024\/04\/Jefe-de-Policia-Villar-Clinica-Fitz-Roy-400x300.jpeg 400w, https:\/\/www.elsindical.com.ar\/notas\/var\/www\/html\/notas\/wp-content\/uploads\/2024\/04\/Jefe-de-Policia-Villar-Clinica-Fitz-Roy-1536x1152.jpeg 1536w, https:\/\/www.elsindical.com.ar\/notas\/var\/www\/html\/notas\/wp-content\/uploads\/2024\/04\/Jefe-de-Policia-Villar-Clinica-Fitz-Roy.jpeg 1600w\" sizes=\"auto, (max-width: 1024px) 100vw, 1024px\" \/><\/a><\/figure>\n","protected":false},"excerpt":{"rendered":"<p>\u00a0\u00abSER POLIC\u00cdA ES UNA DE LAS PROFESIONES MAS NOBLES QUE HAY, UNA DE LAS MUESTRAS MAS CABALES DE VOCACI\u00d3N, SERVICIO,\u00a0 ENTREGA Y DEDICACI\u00d3N,\u00a0 YA QUE SIGNIFICA PONER EL CUERPO Y TOMAR RIESGOS EN POS DEL BIENESTAR, LA SEGURIDAD Y LA VIDA DE LOS DEM\u00c1S\u00bb Con motivo del D\u00eda del Efectivo Policial Herido en Servicio, el&hellip;<\/p>\n","protected":false},"author":1,"featured_media":130261,"comment_status":"open","ping_status":"open","sticky":false,"template":"","format":"standard","meta":{"footnotes":""},"categories":[22],"tags":[42803,42798,2450,42799,42609,42801,42802,42800],"class_list":["post-130260","post","type-post","status-publish","format-standard","has-post-thumbnail","hentry","category-policiales","tag-comisario-general-sebastian-garcia","tag-dia-del-efectivo-policial-herido-en-acto-de-servicio","tag-diario-el-sindical","tag-jefe-de-policia-comisario-general-javier-carlos-villar","tag-noticias-policiales","tag-oficial-florencia-herrera","tag-sanatorio-fitz-roy","tag-sargento-alejandro-cardozo"],"_links":{"self":[{"href":"https:\/\/www.elsindical.com.ar\/notas\/wp-json\/wp\/v2\/posts\/130260","targetHints":{"allow":["GET"]}}],"collection":[{"href":"https:\/\/www.elsindical.com.ar\/notas\/wp-json\/wp\/v2\/posts"}],"about":[{"href":"https:\/\/www.elsindical.com.ar\/notas\/wp-json\/wp\/v2\/types\/post"}],"author":[{"embeddable":true,"href":"https:\/\/www.elsindical.com.ar\/notas\/wp-json\/wp\/v2\/users\/1"}],"replies":[{"embeddable":true,"href":"https:\/\/www.elsindical.com.ar\/notas\/wp-json\/wp\/v2\/comments?post=130260"}],"version-history":[{"count":1,"href":"https:\/\/www.elsindical.com.ar\/notas\/wp-json\/wp\/v2\/posts\/130260\/revisions"}],"predecessor-version":[{"id":130264,"href":"https:\/\/www.elsindical.com.ar\/notas\/wp-json\/wp\/v2\/posts\/130260\/revisions\/130264"}],"wp:featuredmedia":[{"embeddable":true,"href":"https:\/\/www.elsindical.com.ar\/notas\/wp-json\/wp\/v2\/media\/130261"}],"wp:attachment":[{"href":"https:\/\/www.elsindical.com.ar\/notas\/wp-json\/wp\/v2\/media?parent=130260"}],"wp:term":[{"taxonomy":"category","embeddable":true,"href":"https:\/\/www.elsindical.com.ar\/notas\/wp-json\/wp\/v2\/categories?post=130260"},{"taxonomy":"post_tag","embeddable":true,"href":"https:\/\/www.elsindical.com.ar\/notas\/wp-json\/wp\/v2\/tags?post=130260"}],"curies":[{"name":"wp","href":"https:\/\/api.w.org\/{rel}","templated":true}]}}