{"id":130257,"date":"2024-04-30T15:35:33","date_gmt":"2024-04-30T18:35:33","guid":{"rendered":"https:\/\/www.elsindical.com.ar\/notas\/?p=130257"},"modified":"2024-04-30T15:36:38","modified_gmt":"2024-04-30T18:36:38","slug":"marcelo-tinelli-hizo-su-debut-en-el-streaming-con-un-imitador-de-milei","status":"publish","type":"post","link":"https:\/\/www.elsindical.com.ar\/notas\/marcelo-tinelli-hizo-su-debut-en-el-streaming-con-un-imitador-de-milei\/","title":{"rendered":"Marcelo Tinelli hizo su debut en el streaming con un imitador de Milei"},"content":{"rendered":"<div class=\"wp-block-image\">\n<figure class=\"aligncenter size-full\"><a href=\"https:\/\/www.elsindical.com.ar\/notas\/var\/www\/html\/notas\/wp-content\/uploads\/2024\/04\/Tinelli-y-Millei-imitador.jpg\"><img loading=\"lazy\" decoding=\"async\" width=\"750\" height=\"434\" src=\"https:\/\/www.elsindical.com.ar\/notas\/var\/www\/html\/notas\/wp-content\/uploads\/2024\/04\/Tinelli-y-Millei-imitador.jpg\" alt=\"\" class=\"wp-image-130258\" srcset=\"https:\/\/www.elsindical.com.ar\/notas\/var\/www\/html\/notas\/wp-content\/uploads\/2024\/04\/Tinelli-y-Millei-imitador.jpg 750w, https:\/\/www.elsindical.com.ar\/notas\/var\/www\/html\/notas\/wp-content\/uploads\/2024\/04\/Tinelli-y-Millei-imitador-300x174.jpg 300w, https:\/\/www.elsindical.com.ar\/notas\/var\/www\/html\/notas\/wp-content\/uploads\/2024\/04\/Tinelli-y-Millei-imitador-500x289.jpg 500w, https:\/\/www.elsindical.com.ar\/notas\/var\/www\/html\/notas\/wp-content\/uploads\/2024\/04\/Tinelli-y-Millei-imitador-220x126.jpg 220w\" sizes=\"auto, (max-width: 750px) 100vw, 750px\" \/><\/a><\/figure>\n<\/div>\n\n\n<p>El exconductor televisivo comparti\u00f3 en sus redes sociales un sketch que realiz\u00f3 junto al actor y humorista Iv\u00e1n Ram\u00edrez, que personific\u00f3 al jefe de Estado.<\/p>\n\n\n\n<p>El exconductor de <em>ShowMatch,<\/em><strong> Marcelo Tinelli<\/strong>, realiz\u00f3 este domingo por la noche su debut en la plataforma <em>Bondi, <\/em>un nueva se\u00f1al de streaming que tiene entre sus principales figuras -adem\u00e1s del actual vicepresidente cuarto de la AFA- a \u00c1ngel De Brito, Beto Casella, Yanina y Diego Latorre. El desembarco de Tinelli en el canal digital fue de la mano de <strong>un sketch humor\u00edstico,<\/strong> en el que el actor y humorista Iv\u00e1n Ram\u00edrez personific\u00f3 al presidente Javier Milei. Durante la entrevista guionada,<strong> dialogaron sobre \u201ccurros\u201d en el Estado, su relaci\u00f3n con Karina Milei, \u201cproblemas\u201d en la Casa Rosada y un ins\u00f3lito viaje a Chile para ver a Gabriel Boric.<\/strong><\/p>\n\n\n\n<p>\u201cEstoy emocionado. No puedo creerlo. Lo acabo de ver hace unos d\u00edas en la cadena nacional. Es la figura de la pol\u00edtica argentina. Se larg\u00f3 a la pol\u00edtico tipo Flavio Mendoza en el <em>aquadance<\/em>, tipo Pampita en el amor. Es como el comandante Ricardo Fort contra la casta de los bailarines profesionales\u201d, dijo Tinelli al introducir a su invitado, que no tard\u00f3 en<strong> exponer los problemas <\/strong>que enfrent\u00f3 desde su llegada a la sede del Poder Ejecutivo. <strong>\u201cLlegu\u00e9 a la Casa Rosada y no hab\u00eda Wifi. Tuvimos que pedirle el Wifi al vecino. No hab\u00eda papel higi\u00e9nico. Tuvimos que usar una de esas aplicaciones que te traen por moto el delivery\u201d. <\/strong>Mientras Tinelli romp\u00eda en carcajadas , el imitador de Milei continuaba: <strong>\u201cOtra de las cosas. Me quer\u00eda pegar un ba\u00f1o. \u00bfSabes qui\u00e9n me tuvo que traer un calef\u00f3n? Toto Caputo\u201d.<\/strong><\/p>\n\n\n\n<p>M\u00e1s adelante, se pronunci\u00f3 sobre las <strong>irregularidades<\/strong> que detect\u00f3 tras alcanzar el poder. Habl\u00f3 primero sobre \u201cel curro de los avioncitos\u201d y , burl\u00e1ndose de la decisi\u00f3n de Milei de dejar de viajar en aviones comerciales por razones de seguridad, anunci\u00f3: \u201cEn unos d\u00edas voy a ir a ver a Gabriel Boric. <strong>No voy a ir en avi\u00f3n de l\u00ednea. Eso se termin\u00f3. Vamos a agarrar el 91, hacemos combinaci\u00f3n con la l\u00ednea 12. Bajamos en Constituci\u00f3n. Nos tomamos el Tren Roca, ramal Temperley. Vamos a pasar el molinete, no lo vamos a saltar al molinete. Una vez nos tomamos el Tren Roca, bajamos en Lomas de Zamora y ah\u00ed me voy a tomar el colectivo 542\u2033.<\/strong><\/p>\n\n\n\n<p>\u201cReci\u00e9n estamos en Lomas de Zamora y hay que hacer 200 combinaciones\u201d, acot\u00f3 el conductor de Bondi, que re\u00eda descontroladamente. \u201c\u00bfY? La gente cuando se tiene que levantar a las 5 de la ma\u00f1ana para trabajar lo hace\u201d, insisti\u00f3 el \u201cl\u00edder de La Libertad Avanza\u201d. Y prosigui\u00f3:\u201cUna vez que llegamos a Puente La Noria, nos est\u00e1 esperando un amigo en una motito. De ah\u00ed, 18 horas hasta Mendoza. Una vez llegamos a Mendoza, sale caminata con todo el equipo. En Chile, nos van a esperar una mulitas. <strong>Despu\u00e9s nos consigui\u00f3 Santi Caputo, otro crack y un tipo muy fachero, un camping para que acampemos de canje en las redes sociales\u201d.<\/strong><\/p>\n\n\n\n<p>Tambi\u00e9n se refiri\u00f3 a la contrataci\u00f3n por parte del Estado de 1800 personas para disfrazarse de dibujos animados y vender churros en la playa: <strong>\u201c<\/strong>En Santa Teresita estaba Mickey Mouse repartiendo pirulines. Est\u00e1 todo chequeado. \u00bfA vos te parece que hubiera 475 Peppa Pig que no ten\u00edan el color rojo del vestido? Si pones a Peppa Pig, ponele el color original. Hab\u00eda tambi\u00e9n 375 gatos con notas sin botas en San Clemente.<strong> Nosotros estamos tratando de sacar todo eso. Yo habl\u00e9 con Karina y le dije a ella que todo esto se iba a ir. Mickey, afuera. Pok\u00e9mon, afuera. Scooby Doo, afuera. Zamba, afuera. No los puede bancar el Estado\u201d.<\/strong><\/p>\n\n\n\n<p>Sobre el final del sketch, el falso Javier Milei revel\u00f3 que este tipo de maniobras fraudulentas llegaron incluso hasta al Quinta de Olivos. \u201cAl jardinero no se le pagaba hace 20 a\u00f1os. Trabaj\u00f3 gratis con promesa de plata, promesa de dinero. <strong>Le hicieron el famoso paga Dios\u201d<\/strong>, se quej\u00f3 el imitador y destac\u00f3: \u201c<strong>\u00bfSab\u00e9s lo que hizo mi hermana? Se puso a cortar el pasto ella misma? Hace todo y est\u00e1 dispuesta a todo. Es \u2018El Jefe\u2019, uno de los pilares m\u00e1s importantes de la gesti\u00f3n\u201d.<\/strong><\/p>\n\n\n\n<p>El \u201cmandatario\u201d concluy\u00f3 con su participaci\u00f3n en la se\u00f1al de streaming con un mensaje para sus votantes: \u201cPara todas las personas que est\u00e1n del otro lado que apostaron por m\u00ed, quiero decirles que una Argentina diferente es imposible con los mismos de siempre. Vamos a trabajar. Estamos trabajando much\u00edsimo.<strong> Es imposible que la noche le gane el d\u00eda. Es imposible que Manzana le gane a Furia de Gran Hermano. Y para los j\u00f3venes, si quieren tomar fernet, los van a acompa\u00f1ar las fuerzas del hielo. Sigan luchando por su sue\u00f1os, sigan apostando y recuerden: \u00a1viva la libertad, carajo!\u201d.<\/strong><\/p>\n","protected":false},"excerpt":{"rendered":"<p>El exconductor televisivo comparti\u00f3 en sus redes sociales un sketch que realiz\u00f3 junto al actor y humorista Iv\u00e1n Ram\u00edrez, que personific\u00f3 al jefe de Estado. El exconductor de ShowMatch, Marcelo Tinelli, realiz\u00f3 este domingo por la noche su debut en la plataforma Bondi, un nueva se\u00f1al de streaming que tiene entre sus principales figuras -adem\u00e1s&hellip;<\/p>\n","protected":false},"author":1,"featured_media":130258,"comment_status":"open","ping_status":"open","sticky":false,"template":"","format":"standard","meta":{"footnotes":""},"categories":[15],"tags":[2450,42796,42797,28812,1360,37038],"class_list":["post-130257","post","type-post","status-publish","format-standard","has-post-thumbnail","hentry","category-espectaculos","tag-diario-el-sindical","tag-imitador-de-milei","tag-ivan-ramirez","tag-javier-milei","tag-marcelo-tinelli","tag-streaming"],"_links":{"self":[{"href":"https:\/\/www.elsindical.com.ar\/notas\/wp-json\/wp\/v2\/posts\/130257","targetHints":{"allow":["GET"]}}],"collection":[{"href":"https:\/\/www.elsindical.com.ar\/notas\/wp-json\/wp\/v2\/posts"}],"about":[{"href":"https:\/\/www.elsindical.com.ar\/notas\/wp-json\/wp\/v2\/types\/post"}],"author":[{"embeddable":true,"href":"https:\/\/www.elsindical.com.ar\/notas\/wp-json\/wp\/v2\/users\/1"}],"replies":[{"embeddable":true,"href":"https:\/\/www.elsindical.com.ar\/notas\/wp-json\/wp\/v2\/comments?post=130257"}],"version-history":[{"count":1,"href":"https:\/\/www.elsindical.com.ar\/notas\/wp-json\/wp\/v2\/posts\/130257\/revisions"}],"predecessor-version":[{"id":130259,"href":"https:\/\/www.elsindical.com.ar\/notas\/wp-json\/wp\/v2\/posts\/130257\/revisions\/130259"}],"wp:featuredmedia":[{"embeddable":true,"href":"https:\/\/www.elsindical.com.ar\/notas\/wp-json\/wp\/v2\/media\/130258"}],"wp:attachment":[{"href":"https:\/\/www.elsindical.com.ar\/notas\/wp-json\/wp\/v2\/media?parent=130257"}],"wp:term":[{"taxonomy":"category","embeddable":true,"href":"https:\/\/www.elsindical.com.ar\/notas\/wp-json\/wp\/v2\/categories?post=130257"},{"taxonomy":"post_tag","embeddable":true,"href":"https:\/\/www.elsindical.com.ar\/notas\/wp-json\/wp\/v2\/tags?post=130257"}],"curies":[{"name":"wp","href":"https:\/\/api.w.org\/{rel}","templated":true}]}}