{"id":130251,"date":"2024-04-30T14:04:04","date_gmt":"2024-04-30T17:04:04","guid":{"rendered":"https:\/\/www.elsindical.com.ar\/notas\/?p=130251"},"modified":"2024-04-30T14:04:08","modified_gmt":"2024-04-30T17:04:08","slug":"llega-humanidad-el-certamen-mundial-de-arte-que-busca-imaginar-un-mundo-mejor","status":"publish","type":"post","link":"https:\/\/www.elsindical.com.ar\/notas\/llega-humanidad-el-certamen-mundial-de-arte-que-busca-imaginar-un-mundo-mejor\/","title":{"rendered":"Llega \u00abHumanidad\u00bb el certamen mundial de arte que busca imaginar un mundo mejor"},"content":{"rendered":"<div class=\"wp-block-image\">\n<figure class=\"aligncenter size-large is-resized\"><a href=\"https:\/\/www.elsindical.com.ar\/notas\/var\/www\/html\/notas\/wp-content\/uploads\/2024\/04\/flyer-HUMANIDAD.jpeg\"><img loading=\"lazy\" decoding=\"async\" width=\"1024\" height=\"1024\" src=\"https:\/\/www.elsindical.com.ar\/notas\/var\/www\/html\/notas\/wp-content\/uploads\/2024\/04\/flyer-HUMANIDAD-1024x1024.jpeg\" alt=\"\" class=\"wp-image-130252\" style=\"width:652px;height:auto\" srcset=\"https:\/\/www.elsindical.com.ar\/notas\/var\/www\/html\/notas\/wp-content\/uploads\/2024\/04\/flyer-HUMANIDAD-1024x1024.jpeg 1024w, https:\/\/www.elsindical.com.ar\/notas\/var\/www\/html\/notas\/wp-content\/uploads\/2024\/04\/flyer-HUMANIDAD-300x300.jpeg 300w, https:\/\/www.elsindical.com.ar\/notas\/var\/www\/html\/notas\/wp-content\/uploads\/2024\/04\/flyer-HUMANIDAD-150x150.jpeg 150w, https:\/\/www.elsindical.com.ar\/notas\/var\/www\/html\/notas\/wp-content\/uploads\/2024\/04\/flyer-HUMANIDAD-768x768.jpeg 768w, https:\/\/www.elsindical.com.ar\/notas\/var\/www\/html\/notas\/wp-content\/uploads\/2024\/04\/flyer-HUMANIDAD-50x50.jpeg 50w, https:\/\/www.elsindical.com.ar\/notas\/var\/www\/html\/notas\/wp-content\/uploads\/2024\/04\/flyer-HUMANIDAD.jpeg 1080w\" sizes=\"auto, (max-width: 1024px) 100vw, 1024px\" \/><\/a><\/figure>\n<\/div>\n\n\n<p>El pr\u00f3ximo 16 de mayo en el <strong>Espacio Cultural Bitcoin<\/strong> (Marcelo Torcuato de Alvear 405, CABA)&nbsp; se inaugura <strong>\u00abHumanidad\u00bb, una muestra de arte contempor\u00e1neo f\u00edsico digital <\/strong>donde artistas del mundo entero imaginan un mundo mejor a trav\u00e9s del arte.<\/p>\n\n\n\n<p>Con un jurado mundial de primer nivel, se seleccionaron 80 de las 765 obras recibidas provenientes de todo el mundo: Letonia, Italia, Indonesia, India, Hungr\u00eda, Francia, Egipto, Chipre, Croacia, Camer\u00fan y Brasil, Espa\u00f1a, Chile, Colombia, Uruguay, Venezuela, Argentina, Bolivia, Cuba, Nigeria, B\u00e9lgica, Per\u00fa, Panam\u00e1, M\u00e9xico, Ecuador, Sud\u00e1frica, Ucrania, Suiza, Rusia, Rumania entre otros pa\u00edses.<\/p>\n\n\n\n<p>Se invita a la comunidad a un di\u00e1logo global reflexionando, por medio del arte, sobre las perspectivas de un mundo mejor.<\/p>\n\n\n\n<p>En el marco de la exposici\u00f3n se entregar\u00e1n los premios, habr\u00e1 una disertaci\u00f3n con presentaci\u00f3n de diversos artistas y elaboraci\u00f3n de obras de arte en vivo.<\/p>\n\n\n\n<p><em>\u00abUna ciudad futurista, la inmersi\u00f3n en la naturaleza, la mirada penetrante de un anciano, la sonrisa de los ni\u00f1os, los colores de la vida, nuestras expresiones culturales, la belleza del cuerpo humano, un abrazo, un beso, la comunidad universal y tantas otras bellas expresiones podremos encontrar es esta flamante exposici\u00f3n que invita a un di\u00e1logo de Vida\u00bb, <\/em>expresa Pablo Guti\u00e9rrez Zaldivar, Director del Espacio Cultural Bitcoin.<\/p>\n\n\n\n<p>\u00ab<em>En el Espacio Cultural Bitcoin, no solo se trata de admirar el arte, sino tambi\u00e9n de sumergirse en un ambiente enriquecedor donde se fomenta el aprendizaje, el intercambio de ideas y el crecimiento personal. Es un lugar especial donde pueden nutrirse de la creatividad que nos rodea y encontrar inspiraci\u00f3n para re-imaginar un mundo mejor\u00bb.<\/em><\/p>\n\n\n\n<p>Jurado de selecci\u00f3n y premiaci\u00f3n.<\/p>\n\n\n\n<p>\u25cf \u00c1frica, Macdella Cooper.&nbsp;<\/p>\n\n\n\n<p>\u25cf Asia, Amarendra Khatua.&nbsp;<\/p>\n\n\n\n<p>\u25cf Europa, Bel\u00e9n Mazuecos.&nbsp;<\/p>\n\n\n\n<p>\u25cf Sudam\u00e9rica, Pablo Gutierrez Zaldivar.&nbsp;<\/p>\n\n\n\n<p>\u25cf Norteam\u00e9rica, Nicholas Fortugno.&nbsp;<\/p>\n\n\n\n<p><strong>M\u00e1s informaci\u00f3n en&nbsp;<\/strong><\/p>\n\n\n\n<figure class=\"wp-block-embed is-type-wp-embed is-provider-espacio-cultural-bitcoin wp-block-embed-espacio-cultural-bitcoin\"><div class=\"wp-block-embed__wrapper\">\n<blockquote class=\"wp-embedded-content\" data-secret=\"f2uFD6GaHO\"><a href=\"https:\/\/espacioculturalbitcoin.com\/\">Marketing Agency<\/a><\/blockquote><iframe loading=\"lazy\" class=\"wp-embedded-content\" sandbox=\"allow-scripts\" security=\"restricted\" style=\"position: absolute; clip: rect(1px, 1px, 1px, 1px);\" title=\"\u00abMarketing Agency\u00bb \u2014 Espacio cultural Bitcoin\" src=\"https:\/\/espacioculturalbitcoin.com\/embed\/#?secret=IIxxIHwtnH#?secret=f2uFD6GaHO\" data-secret=\"f2uFD6GaHO\" width=\"600\" height=\"338\" frameborder=\"0\" marginwidth=\"0\" marginheight=\"0\" scrolling=\"no\"><\/iframe>\n<\/div><\/figure>\n\n\n\n<p><strong>Acerca de Espacio Cultural Bitcoin<\/strong><\/p>\n\n\n\n<p>El Espacio Cultural Bitcoin es mucho m\u00e1s que un mero lugar f\u00edsico; es un vibrante epicentro de intercambio de ideas y experiencias, donde convergen diversas disciplinas y perspectivas. Aqu\u00ed, el di\u00e1logo fluye libremente, nutriendo el pensamiento cr\u00edtico y fomentando el encuentro internacional entre mentes inquietas y apasionadas. Es un lugar donde las visiones del futuro se entrelazan con la exploraci\u00f3n del presente, impulsadas por el deseo compartido de construir un mundo mejor. \u00a1\u00danete a nosotros y s\u00e9 parte de esta fascinante traves\u00eda hacia la transformaci\u00f3n y el progreso!<\/p>\n\n\n\n<p>Nuestro prop\u00f3sito se basa en cuatro ejes centrales: Tecnolog\u00eda, Naturaleza y Sostenibilidad Ambiental, Arte e Inclusi\u00f3n Social.<\/p>\n\n\n\n<figure class=\"wp-block-gallery has-nested-images columns-default is-cropped wp-block-gallery-1 is-layout-flex wp-block-gallery-is-layout-flex\">\n<figure class=\"wp-block-image size-large\"><a href=\"https:\/\/www.elsindical.com.ar\/notas\/var\/www\/html\/notas\/wp-content\/uploads\/2024\/04\/William-da-Silva-Caldeira-William-Caldeira-BRASIL.jpeg\"><img loading=\"lazy\" decoding=\"async\" width=\"647\" height=\"441\" data-id=\"130254\" src=\"https:\/\/www.elsindical.com.ar\/notas\/var\/www\/html\/notas\/wp-content\/uploads\/2024\/04\/William-da-Silva-Caldeira-William-Caldeira-BRASIL.jpeg\" alt=\"\" class=\"wp-image-130254\" srcset=\"https:\/\/www.elsindical.com.ar\/notas\/var\/www\/html\/notas\/wp-content\/uploads\/2024\/04\/William-da-Silva-Caldeira-William-Caldeira-BRASIL.jpeg 647w, https:\/\/www.elsindical.com.ar\/notas\/var\/www\/html\/notas\/wp-content\/uploads\/2024\/04\/William-da-Silva-Caldeira-William-Caldeira-BRASIL-300x204.jpeg 300w, https:\/\/www.elsindical.com.ar\/notas\/var\/www\/html\/notas\/wp-content\/uploads\/2024\/04\/William-da-Silva-Caldeira-William-Caldeira-BRASIL-440x300.jpeg 440w\" sizes=\"auto, (max-width: 647px) 100vw, 647px\" \/><\/a><\/figure>\n\n\n\n<figure class=\"wp-block-image size-large\"><a href=\"https:\/\/www.elsindical.com.ar\/notas\/var\/www\/html\/notas\/wp-content\/uploads\/2024\/04\/Ivehoba-Ntiense-Tom-NIGERIA.jpeg\"><img loading=\"lazy\" decoding=\"async\" width=\"641\" height=\"328\" data-id=\"130253\" src=\"https:\/\/www.elsindical.com.ar\/notas\/var\/www\/html\/notas\/wp-content\/uploads\/2024\/04\/Ivehoba-Ntiense-Tom-NIGERIA.jpeg\" alt=\"\" class=\"wp-image-130253\" srcset=\"https:\/\/www.elsindical.com.ar\/notas\/var\/www\/html\/notas\/wp-content\/uploads\/2024\/04\/Ivehoba-Ntiense-Tom-NIGERIA.jpeg 641w, https:\/\/www.elsindical.com.ar\/notas\/var\/www\/html\/notas\/wp-content\/uploads\/2024\/04\/Ivehoba-Ntiense-Tom-NIGERIA-300x154.jpeg 300w, https:\/\/www.elsindical.com.ar\/notas\/var\/www\/html\/notas\/wp-content\/uploads\/2024\/04\/Ivehoba-Ntiense-Tom-NIGERIA-500x256.jpeg 500w\" sizes=\"auto, (max-width: 641px) 100vw, 641px\" \/><\/a><\/figure>\n\n\n\n<figure class=\"wp-block-image size-large\"><a href=\"https:\/\/www.elsindical.com.ar\/notas\/var\/www\/html\/notas\/wp-content\/uploads\/2024\/04\/Saltando-obstaculos-Claudio-Gallina-ARGENTINA.jpeg\"><img loading=\"lazy\" decoding=\"async\" width=\"650\" height=\"422\" data-id=\"130255\" src=\"https:\/\/www.elsindical.com.ar\/notas\/var\/www\/html\/notas\/wp-content\/uploads\/2024\/04\/Saltando-obstaculos-Claudio-Gallina-ARGENTINA.jpeg\" alt=\"\" class=\"wp-image-130255\" srcset=\"https:\/\/www.elsindical.com.ar\/notas\/var\/www\/html\/notas\/wp-content\/uploads\/2024\/04\/Saltando-obstaculos-Claudio-Gallina-ARGENTINA.jpeg 650w, https:\/\/www.elsindical.com.ar\/notas\/var\/www\/html\/notas\/wp-content\/uploads\/2024\/04\/Saltando-obstaculos-Claudio-Gallina-ARGENTINA-300x195.jpeg 300w, https:\/\/www.elsindical.com.ar\/notas\/var\/www\/html\/notas\/wp-content\/uploads\/2024\/04\/Saltando-obstaculos-Claudio-Gallina-ARGENTINA-462x300.jpeg 462w\" sizes=\"auto, (max-width: 650px) 100vw, 650px\" \/><\/a><\/figure>\n<\/figure>\n","protected":false},"excerpt":{"rendered":"<p>El pr\u00f3ximo 16 de mayo en el Espacio Cultural Bitcoin (Marcelo Torcuato de Alvear 405, CABA)&nbsp; se inaugura \u00abHumanidad\u00bb, una muestra de arte contempor\u00e1neo f\u00edsico digital donde artistas del mundo entero imaginan un mundo mejor a trav\u00e9s del arte. Con un jurado mundial de primer nivel, se seleccionaron 80 de las 765 obras recibidas provenientes&hellip;<\/p>\n","protected":false},"author":1,"featured_media":130252,"comment_status":"open","ping_status":"open","sticky":false,"template":"","format":"standard","meta":{"footnotes":""},"categories":[5],"tags":[4284,2450,42793,42794,42795],"class_list":["post-130251","post","type-post","status-publish","format-standard","has-post-thumbnail","hentry","category-cultura","tag-caba","tag-diario-el-sindical","tag-espacio-cultural-bitcoin","tag-exposicion-de-arte-internacional","tag-humanidad-certamen-mundial-de-arte"],"_links":{"self":[{"href":"https:\/\/www.elsindical.com.ar\/notas\/wp-json\/wp\/v2\/posts\/130251","targetHints":{"allow":["GET"]}}],"collection":[{"href":"https:\/\/www.elsindical.com.ar\/notas\/wp-json\/wp\/v2\/posts"}],"about":[{"href":"https:\/\/www.elsindical.com.ar\/notas\/wp-json\/wp\/v2\/types\/post"}],"author":[{"embeddable":true,"href":"https:\/\/www.elsindical.com.ar\/notas\/wp-json\/wp\/v2\/users\/1"}],"replies":[{"embeddable":true,"href":"https:\/\/www.elsindical.com.ar\/notas\/wp-json\/wp\/v2\/comments?post=130251"}],"version-history":[{"count":1,"href":"https:\/\/www.elsindical.com.ar\/notas\/wp-json\/wp\/v2\/posts\/130251\/revisions"}],"predecessor-version":[{"id":130256,"href":"https:\/\/www.elsindical.com.ar\/notas\/wp-json\/wp\/v2\/posts\/130251\/revisions\/130256"}],"wp:featuredmedia":[{"embeddable":true,"href":"https:\/\/www.elsindical.com.ar\/notas\/wp-json\/wp\/v2\/media\/130252"}],"wp:attachment":[{"href":"https:\/\/www.elsindical.com.ar\/notas\/wp-json\/wp\/v2\/media?parent=130251"}],"wp:term":[{"taxonomy":"category","embeddable":true,"href":"https:\/\/www.elsindical.com.ar\/notas\/wp-json\/wp\/v2\/categories?post=130251"},{"taxonomy":"post_tag","embeddable":true,"href":"https:\/\/www.elsindical.com.ar\/notas\/wp-json\/wp\/v2\/tags?post=130251"}],"curies":[{"name":"wp","href":"https:\/\/api.w.org\/{rel}","templated":true}]}}