{"id":130219,"date":"2024-04-29T07:25:57","date_gmt":"2024-04-29T10:25:57","guid":{"rendered":"https:\/\/www.elsindical.com.ar\/notas\/?p=130219"},"modified":"2024-04-29T07:26:02","modified_gmt":"2024-04-29T10:26:02","slug":"aumento-record-de-los-alquileres-en-mayo-cuanto-aumentaran","status":"publish","type":"post","link":"https:\/\/www.elsindical.com.ar\/notas\/aumento-record-de-los-alquileres-en-mayo-cuanto-aumentaran\/","title":{"rendered":"Aumento r\u00e9cord de los alquileres en mayo: \u00bfCu\u00e1nto aumentar\u00e1n?"},"content":{"rendered":"<div class=\"wp-block-image\">\n<figure class=\"aligncenter size-full is-resized\"><a href=\"https:\/\/www.elsindical.com.ar\/notas\/var\/www\/html\/notas\/wp-content\/uploads\/2019\/04\/alquileres.jpg\"><img loading=\"lazy\" decoding=\"async\" width=\"630\" height=\"356\" src=\"https:\/\/www.elsindical.com.ar\/notas\/var\/www\/html\/notas\/wp-content\/uploads\/2019\/04\/alquileres.jpg\" alt=\"\" class=\"wp-image-86428\" style=\"width:740px;height:auto\" srcset=\"https:\/\/www.elsindical.com.ar\/notas\/var\/www\/html\/notas\/wp-content\/uploads\/2019\/04\/alquileres.jpg 630w, https:\/\/www.elsindical.com.ar\/notas\/var\/www\/html\/notas\/wp-content\/uploads\/2019\/04\/alquileres-300x170.jpg 300w, https:\/\/www.elsindical.com.ar\/notas\/var\/www\/html\/notas\/wp-content\/uploads\/2019\/04\/alquileres-500x283.jpg 500w, https:\/\/www.elsindical.com.ar\/notas\/var\/www\/html\/notas\/wp-content\/uploads\/2019\/04\/alquileres-460x260.jpg 460w\" sizes=\"auto, (max-width: 630px) 100vw, 630px\" \/><\/a><\/figure>\n<\/div>\n\n\n<p>El ajuste consiste en multiplicar el valor que pagaban desde hace un a\u00f1o por 3,21; el valor resultante es el valor locativo que regir\u00e1 desde mayo de 2024 hasta abril de 2025, inclusive.<\/p>\n\n\n\n<p>En medio de fuertes aumentos en toda la econom\u00eda,<strong> los inquilinos que suscribieron contratos bajo la Ley de Alquileres de 2020 <\/strong>(derogada posteriormente por el DNU del actual Gobierno), se preparan para enfrentar un aumento r\u00e9cord en mayo.\u00a0<\/p>\n\n\n\n<p>Estos contratos, sujetos a una actualizaci\u00f3n anual mediante el \u00cdndice de Contratos de Locaci\u00f3n (ICL),&nbsp;<strong>experimentar\u00e1n un incremento del 221%.<\/strong><\/p>\n\n\n\n<p>Como resultado de esta medida, l<strong>os inquilinos que pagaban $100.000 hasta este mes, ahora deber\u00e1n abonar aproximadamente $321.000 hasta abril de 2025.&nbsp;<\/strong><\/p>\n\n\n\n<p>Aquellos que abonaban $200.000 deber\u00e1n ajustarse a un nuevo monto de $642.000, tambi\u00e9n hasta abril del pr\u00f3ximo a\u00f1o.&nbsp;<\/p>\n\n\n\n<p>El ajuste consiste en multiplicar el valor que pagaban desde hace un a\u00f1o por 3,21; el valor resultante es el valor locativo que regir\u00e1 desde mayo de 2024 hasta abril de 2025, inclusive.<\/p>\n\n\n\n<p>El ICL creado por la Ley de Alquileres en 2020, combina las variaciones mensuales del \u00cdndice de Precios al Consumidor (IPC) y el de la Remuneraci\u00f3n Imponible Promedio de Los Trabajadores Estables (Ripte) en partes iguales.&nbsp;<\/p>\n\n\n\n<p><strong>Debido a la constante escalada inflacionaria, el ICL viene subiendo con fuerza continuamente, aunque sigue siendo menor que la inflaci\u00f3n.&nbsp;<\/strong><\/p>\n\n\n\n<p>El ICL, elaborado por el Banco Central, refleja datos de la inflaci\u00f3n entre diciembre de 2023 y febrero \u00faltimo.<\/p>\n\n\n\n<p>Para mayo pr\u00f3ximo, el ICL anualizado es del 221%, mientras que la inflaci\u00f3n anualizada por IPC a marzo de 2024 fue del 287,9%, lo que muestra una brecha significativa entre el aumento del ICL y la inflaci\u00f3n.&nbsp;<\/p>\n\n\n\n<p>Esto indica que los salarios han perdido poder adquisitivo en relaci\u00f3n con la inflaci\u00f3n promedio.<\/p>\n\n\n\n<p><strong>Para calcular los nuevos montos de alquiler, seg\u00fan el momento de ajuste que corresponda, se debe multiplicar la cantidad previa al ajuste por el coeficiente correspondiente.<\/strong><\/p>\n\n\n\n<p>A pesar de que en algunos barrios de la ciudad de Buenos Aires los precios de los departamentos de tres y cuatro ambientes comenzaron a descender para los nuevos contratos posteriores al DNU, los valores iniciales siguen siendo elevados.&nbsp;<\/p>\n\n\n\n<p>Esto dificulta la situaci\u00f3n econ\u00f3mica de los hogares que deben afrontar altos costos para mantener su vivienda.<\/p>\n\n\n\n<p>La oferta de alquileres contin\u00faa en aumento, con un crecimiento del 134% desde principios de a\u00f1o, seg\u00fan datos de la Mesa del Observatorio Estad\u00edstico del Colegio Profesional Inmobiliario.<\/p>\n\n\n\n<p>Se estima que actualmente hay cerca de 15.000 inmuebles disponibles en varios portales especializados.&nbsp;<\/p>\n","protected":false},"excerpt":{"rendered":"<p>El ajuste consiste en multiplicar el valor que pagaban desde hace un a\u00f1o por 3,21; el valor resultante es el valor locativo que regir\u00e1 desde mayo de 2024 hasta abril de 2025, inclusive. En medio de fuertes aumentos en toda la econom\u00eda, los inquilinos que suscribieron contratos bajo la Ley de Alquileres de 2020 (derogada&hellip;<\/p>\n","protected":false},"author":1,"featured_media":86428,"comment_status":"open","ping_status":"open","sticky":false,"template":"","format":"standard","meta":{"footnotes":""},"categories":[9],"tags":[2450,2187,22023,31195,12293,33264],"class_list":["post-130219","post","type-post","status-publish","format-standard","has-post-thumbnail","hentry","category-economia","tag-diario-el-sindical","tag-dnu","tag-economia","tag-icl","tag-incremento","tag-ley-de-alquileres"],"_links":{"self":[{"href":"https:\/\/www.elsindical.com.ar\/notas\/wp-json\/wp\/v2\/posts\/130219","targetHints":{"allow":["GET"]}}],"collection":[{"href":"https:\/\/www.elsindical.com.ar\/notas\/wp-json\/wp\/v2\/posts"}],"about":[{"href":"https:\/\/www.elsindical.com.ar\/notas\/wp-json\/wp\/v2\/types\/post"}],"author":[{"embeddable":true,"href":"https:\/\/www.elsindical.com.ar\/notas\/wp-json\/wp\/v2\/users\/1"}],"replies":[{"embeddable":true,"href":"https:\/\/www.elsindical.com.ar\/notas\/wp-json\/wp\/v2\/comments?post=130219"}],"version-history":[{"count":1,"href":"https:\/\/www.elsindical.com.ar\/notas\/wp-json\/wp\/v2\/posts\/130219\/revisions"}],"predecessor-version":[{"id":130220,"href":"https:\/\/www.elsindical.com.ar\/notas\/wp-json\/wp\/v2\/posts\/130219\/revisions\/130220"}],"wp:featuredmedia":[{"embeddable":true,"href":"https:\/\/www.elsindical.com.ar\/notas\/wp-json\/wp\/v2\/media\/86428"}],"wp:attachment":[{"href":"https:\/\/www.elsindical.com.ar\/notas\/wp-json\/wp\/v2\/media?parent=130219"}],"wp:term":[{"taxonomy":"category","embeddable":true,"href":"https:\/\/www.elsindical.com.ar\/notas\/wp-json\/wp\/v2\/categories?post=130219"},{"taxonomy":"post_tag","embeddable":true,"href":"https:\/\/www.elsindical.com.ar\/notas\/wp-json\/wp\/v2\/tags?post=130219"}],"curies":[{"name":"wp","href":"https:\/\/api.w.org\/{rel}","templated":true}]}}