{"id":130169,"date":"2024-04-26T13:37:15","date_gmt":"2024-04-26T16:37:15","guid":{"rendered":"https:\/\/www.elsindical.com.ar\/notas\/?p=130169"},"modified":"2024-04-26T13:37:50","modified_gmt":"2024-04-26T16:37:50","slug":"fuerte-rechazo-de-aeronavegantes-al-acuerdo-de-cielos-abiertos-con-chile-implica-la-cesion-de-soberania-sobre-nuestro-espacio-aereo","status":"publish","type":"post","link":"https:\/\/www.elsindical.com.ar\/notas\/fuerte-rechazo-de-aeronavegantes-al-acuerdo-de-cielos-abiertos-con-chile-implica-la-cesion-de-soberania-sobre-nuestro-espacio-aereo\/","title":{"rendered":"Fuerte rechazo de Aeronavegantes al acuerdo de cielos abiertos con Chile: \u201cImplica la cesi\u00f3n de soberan\u00eda sobre nuestro espacio a\u00e9reo\u201d"},"content":{"rendered":"<div class=\"wp-block-image\">\n<figure class=\"aligncenter size-full\"><a href=\"https:\/\/www.elsindical.com.ar\/notas\/var\/www\/html\/notas\/wp-content\/uploads\/2024\/04\/Juan-Pablo-Brey.jpeg\"><img loading=\"lazy\" decoding=\"async\" width=\"1000\" height=\"667\" src=\"https:\/\/www.elsindical.com.ar\/notas\/var\/www\/html\/notas\/wp-content\/uploads\/2024\/04\/Juan-Pablo-Brey.jpeg\" alt=\"\" class=\"wp-image-130170\" srcset=\"https:\/\/www.elsindical.com.ar\/notas\/var\/www\/html\/notas\/wp-content\/uploads\/2024\/04\/Juan-Pablo-Brey.jpeg 1000w, https:\/\/www.elsindical.com.ar\/notas\/var\/www\/html\/notas\/wp-content\/uploads\/2024\/04\/Juan-Pablo-Brey-300x200.jpeg 300w, https:\/\/www.elsindical.com.ar\/notas\/var\/www\/html\/notas\/wp-content\/uploads\/2024\/04\/Juan-Pablo-Brey-768x512.jpeg 768w, https:\/\/www.elsindical.com.ar\/notas\/var\/www\/html\/notas\/wp-content\/uploads\/2024\/04\/Juan-Pablo-Brey-450x300.jpeg 450w\" sizes=\"auto, (max-width: 1000px) 100vw, 1000px\" \/><\/a><\/figure>\n<\/div>\n\n\n<p>La Asociaci\u00f3n Argentina de Aeronavegantes, que lidera Juan Pablo Brey, repudi\u00f3 el reciente acuerdo bilateral de cielos abiertos que firm\u00f3 el Gobierno de Javier Milei con la Rep\u00fablica de Chile, que otorga al pa\u00eds vecino la totalidad de las libertades para operar en territorio nacional argentino, con aeronaves y personal extranjero. \u201cEste pacto intempestivo y de dudosa constitucionalidad implica la cesi\u00f3n de hecho de la soberan\u00eda sobre nuestro espacio a\u00e9reo, en perjuicio no s\u00f3lo de nuestra l\u00ednea de Bandera, sino de todo un sector del trabajo nacional\u201d, se\u00f1al\u00f3 el gremio.<\/p>\n\n\n\n<p>As\u00ed, Aeronavegantes rechaz\u00f3 el acuerdo celebrado con Chile y manifest\u00f3 su \u201cprofunda preocupaci\u00f3n por las pol\u00edticas aerocomerciales\u201d que lleva adelante la actual gesti\u00f3n. En este sentido, alertaron sobre el riesgo de la continuidad laboral de miles de trabajadores y advirtieron que \u201ciniciar\u00e1n todas las acciones gremiales y legales pertinentes a fin de revertir esta salvaje medida\u201d.<\/p>\n\n\n\n<p>En la misma l\u00ednea Brey, quien es tambi\u00e9n Secretario de Prensa de la Confederaci\u00f3n Argentina de Trabajadores del Transporte (CATT), demand\u00f3 medidas urgentes al Gobierno para revertir lo actuado. \u201cExigimos a las autoridades nacionales que tomen seriamente un tema tan sensible, del cual depende ni m\u00e1s ni menos que la conectividad a\u00e9rea del pa\u00eds, y decenas de miles de puestos de trabajo argentino\u201d, se\u00f1al\u00f3.<\/p>\n\n\n\n<p>Adem\u00e1s, el dirigente gremial record\u00f3 otras experiencias de cielos abiertos impuestas en la regi\u00f3n con consecuencias negativas para la industria aerocomercial y afirm\u00f3 que \u201cning\u00fan pa\u00eds que defienda seriamente sus intereses nacionales, entrega la explotaci\u00f3n comercial de sus cielos con semejante servilismo y liviandad\u201d.<\/p>\n\n\n\n<p>Para finalizar sostuvo: \u201cLa obsesi\u00f3n del gobierno de atacar a los trabajadores y trabajadoras aeron\u00e1uticos argentinos, y en especial a la l\u00ednea a\u00e9rea de Bandera nacional, poniendo en riesgo concreto su continuidad, s\u00f3lo tendr\u00e1 como resultado una escalada de conflicto cuyos efectos son imprevisibles\u201d.<\/p>\n","protected":false},"excerpt":{"rendered":"<p>La Asociaci\u00f3n Argentina de Aeronavegantes, que lidera Juan Pablo Brey, repudi\u00f3 el reciente acuerdo bilateral de cielos abiertos que firm\u00f3 el Gobierno de Javier Milei con la Rep\u00fablica de Chile, que otorga al pa\u00eds vecino la totalidad de las libertades para operar en territorio nacional argentino, con aeronaves y personal extranjero. \u201cEste pacto intempestivo y&hellip;<\/p>\n","protected":false},"author":1,"featured_media":130170,"comment_status":"open","ping_status":"open","sticky":false,"template":"","format":"standard","meta":{"footnotes":""},"categories":[16],"tags":[30558,22175,1200,42766,2450,28812,22829],"class_list":["post-130169","post","type-post","status-publish","format-standard","has-post-thumbnail","hentry","category-gremiales","tag-aeronavegantes","tag-catt","tag-chile","tag-cielos-argentinos","tag-diario-el-sindical","tag-javier-milei","tag-juan-pablo-brey"],"_links":{"self":[{"href":"https:\/\/www.elsindical.com.ar\/notas\/wp-json\/wp\/v2\/posts\/130169","targetHints":{"allow":["GET"]}}],"collection":[{"href":"https:\/\/www.elsindical.com.ar\/notas\/wp-json\/wp\/v2\/posts"}],"about":[{"href":"https:\/\/www.elsindical.com.ar\/notas\/wp-json\/wp\/v2\/types\/post"}],"author":[{"embeddable":true,"href":"https:\/\/www.elsindical.com.ar\/notas\/wp-json\/wp\/v2\/users\/1"}],"replies":[{"embeddable":true,"href":"https:\/\/www.elsindical.com.ar\/notas\/wp-json\/wp\/v2\/comments?post=130169"}],"version-history":[{"count":1,"href":"https:\/\/www.elsindical.com.ar\/notas\/wp-json\/wp\/v2\/posts\/130169\/revisions"}],"predecessor-version":[{"id":130171,"href":"https:\/\/www.elsindical.com.ar\/notas\/wp-json\/wp\/v2\/posts\/130169\/revisions\/130171"}],"wp:featuredmedia":[{"embeddable":true,"href":"https:\/\/www.elsindical.com.ar\/notas\/wp-json\/wp\/v2\/media\/130170"}],"wp:attachment":[{"href":"https:\/\/www.elsindical.com.ar\/notas\/wp-json\/wp\/v2\/media?parent=130169"}],"wp:term":[{"taxonomy":"category","embeddable":true,"href":"https:\/\/www.elsindical.com.ar\/notas\/wp-json\/wp\/v2\/categories?post=130169"},{"taxonomy":"post_tag","embeddable":true,"href":"https:\/\/www.elsindical.com.ar\/notas\/wp-json\/wp\/v2\/tags?post=130169"}],"curies":[{"name":"wp","href":"https:\/\/api.w.org\/{rel}","templated":true}]}}