{"id":13012,"date":"2011-03-17T19:21:16","date_gmt":"2011-03-17T22:21:16","guid":{"rendered":"http:\/\/www.elsindical.com.ar\/notas\/?p=13012"},"modified":"2011-03-17T19:21:31","modified_gmt":"2011-03-17T22:21:31","slug":"perro-japones-un-heroe-tras-el-tsunami","status":"publish","type":"post","link":"https:\/\/www.elsindical.com.ar\/notas\/perro-japones-un-heroe-tras-el-tsunami\/","title":{"rendered":"Perro japon\u00e9s, un h\u00e9roe tras el tsunami"},"content":{"rendered":"<p style=\"text-align: justify;\"><a href=\"http:\/\/www.elsindical.com.ar\/notas\/var\/www\/html\/notas\/wp-content\/uploads\/2011\/03\/perro-h\u00e9roe-Jap\u00f3n.jpg\"><img loading=\"lazy\" decoding=\"async\" class=\"alignleft size-medium wp-image-13013\" title=\"perro-h\u00e9roe-Jap\u00f3n\" src=\"http:\/\/www.elsindical.com.ar\/notas\/var\/www\/html\/notas\/wp-content\/uploads\/2011\/03\/perro-h\u00e9roe-Jap\u00f3n-300x201.jpg\" alt=\"\" width=\"300\" height=\"201\" srcset=\"https:\/\/www.elsindical.com.ar\/notas\/var\/www\/html\/notas\/wp-content\/uploads\/2011\/03\/perro-h\u00e9roe-Jap\u00f3n-300x201.jpg 300w, https:\/\/www.elsindical.com.ar\/notas\/var\/www\/html\/notas\/wp-content\/uploads\/2011\/03\/perro-h\u00e9roe-Jap\u00f3n.jpg 434w\" sizes=\"auto, (max-width: 300px) 100vw, 300px\" \/><\/a>Adem\u00e1s de ser el \u201cmejor amigo del hombre\u201d, el perro ha demostrado que tambi\u00e9n lo es con sus compa\u00f1eros caninos, y m\u00e1s cuando se encuentran en peligro de muerte. Un ejemplo de lo anterior es este perro japon\u00e9s que, <strong>tras el paso del terremoto y el tsunami que azot\u00f3 al pa\u00eds nip\u00f3n el pasado 11 de marzo, dio muestras de lealtad a su compa\u00f1ero que result\u00f3 herido y a quien nunca abandon\u00f3.<\/strong><\/p>\n<p style=\"text-align: justify;\">El portal de noticias ABC dio a conocer el material, donde se ve al valiente perro llamar la atenci\u00f3n cuando unas personas se acercan a \u00e9l y las conduce ladrando hacia el animal que estaba recostado en medio del desastre, im\u00e1genes que han dado la vuelta al mundo.<\/p>\n<p style=\"text-align: justify;\">De acuerdo con informaci\u00f3n publicada por dicho medio, ambos animales ya fueron rescatados.<\/p>\n<p style=\"text-align: justify;\">\u00a0<\/p>\n<p><embed type=\"application\/x-shockwave-flash\" width=\"480\" height=\"390\" src=\"http:\/\/www.youtube.com\/v\/2opJpwhxdJA?fs=1&amp;hl=es_ES&amp;rel=0\" allowscriptaccess=\"always\" allowfullscreen=\"true\"><\/embed><\/p>\n","protected":false},"excerpt":{"rendered":"<p>Adem\u00e1s de ser el \u201cmejor amigo del hombre\u201d, el perro ha demostrado que tambi\u00e9n lo es con sus compa\u00f1eros caninos, y m\u00e1s cuando se encuentran en peligro de muerte. Un ejemplo de lo anterior es este perro japon\u00e9s que, tras el paso del terremoto y el tsunami que azot\u00f3 al pa\u00eds nip\u00f3n el pasado 11&hellip;<\/p>\n","protected":false},"author":1,"featured_media":0,"comment_status":"open","ping_status":"open","sticky":false,"template":"","format":"standard","meta":{"footnotes":""},"categories":[18],"tags":[],"class_list":["post-13012","post","type-post","status-publish","format-standard","hentry","category-internacionales"],"_links":{"self":[{"href":"https:\/\/www.elsindical.com.ar\/notas\/wp-json\/wp\/v2\/posts\/13012","targetHints":{"allow":["GET"]}}],"collection":[{"href":"https:\/\/www.elsindical.com.ar\/notas\/wp-json\/wp\/v2\/posts"}],"about":[{"href":"https:\/\/www.elsindical.com.ar\/notas\/wp-json\/wp\/v2\/types\/post"}],"author":[{"embeddable":true,"href":"https:\/\/www.elsindical.com.ar\/notas\/wp-json\/wp\/v2\/users\/1"}],"replies":[{"embeddable":true,"href":"https:\/\/www.elsindical.com.ar\/notas\/wp-json\/wp\/v2\/comments?post=13012"}],"version-history":[{"count":2,"href":"https:\/\/www.elsindical.com.ar\/notas\/wp-json\/wp\/v2\/posts\/13012\/revisions"}],"predecessor-version":[{"id":13015,"href":"https:\/\/www.elsindical.com.ar\/notas\/wp-json\/wp\/v2\/posts\/13012\/revisions\/13015"}],"wp:attachment":[{"href":"https:\/\/www.elsindical.com.ar\/notas\/wp-json\/wp\/v2\/media?parent=13012"}],"wp:term":[{"taxonomy":"category","embeddable":true,"href":"https:\/\/www.elsindical.com.ar\/notas\/wp-json\/wp\/v2\/categories?post=13012"},{"taxonomy":"post_tag","embeddable":true,"href":"https:\/\/www.elsindical.com.ar\/notas\/wp-json\/wp\/v2\/tags?post=13012"}],"curies":[{"name":"wp","href":"https:\/\/api.w.org\/{rel}","templated":true}]}}