{"id":13009,"date":"2011-03-17T19:08:40","date_gmt":"2011-03-17T22:08:40","guid":{"rendered":"http:\/\/www.elsindical.com.ar\/notas\/?p=13009"},"modified":"2011-03-17T19:08:40","modified_gmt":"2011-03-17T22:08:40","slug":"paro-nacional-de-camioneros-desde-el-lunes","status":"publish","type":"post","link":"https:\/\/www.elsindical.com.ar\/notas\/paro-nacional-de-camioneros-desde-el-lunes\/","title":{"rendered":"Paro nacional de Camioneros desde el lunes"},"content":{"rendered":"<p style=\"text-align: justify;\"><em><a href=\"http:\/\/www.elsindical.com.ar\/notas\/var\/www\/html\/notas\/wp-content\/uploads\/2011\/03\/sindicato-de-camioneros.jpg\"><img loading=\"lazy\" decoding=\"async\" class=\"alignleft size-medium wp-image-13010\" title=\"sindicato-de-camioneros\" src=\"http:\/\/www.elsindical.com.ar\/notas\/var\/www\/html\/notas\/wp-content\/uploads\/2011\/03\/sindicato-de-camioneros-300x215.jpg\" alt=\"\" width=\"300\" height=\"215\" srcset=\"https:\/\/www.elsindical.com.ar\/notas\/var\/www\/html\/notas\/wp-content\/uploads\/2011\/03\/sindicato-de-camioneros-300x215.jpg 300w, https:\/\/www.elsindical.com.ar\/notas\/var\/www\/html\/notas\/wp-content\/uploads\/2011\/03\/sindicato-de-camioneros.jpg 413w\" sizes=\"auto, (max-width: 300px) 100vw, 300px\" \/><\/a>Tras el exhorto de la justicia suiza, el gremio convoc\u00f3 a un \u00abcese de actividades\u00bb en repudio a \u00ablos reiterados y permanentes ataques\u00bb contra Hugo Moyano; desde el gremio embistieron fuertemente contra los medios de comunicaci\u00f3n: \u00abEstamos cansados de las falsas denuncias\u00bb, se\u00f1alaron.<\/em><\/p>\n<p style=\"text-align: justify;\">Horas despu\u00e9s de que la justicia Suiza enviara un exhorto para solicitar informaci\u00f3n sobre causas y pruebas relacionadas con Hugo Moyano, su hijo Pablo y su entorno familiar, el gremio de Camioneros convoc\u00f3 a un paro nacional para el pr\u00f3ximo lunes en repudio \u00aba los reiterados y permanentes ataques\u00bb al secretario general de la CGT.<\/p>\n<p style=\"text-align: justify;\">\u00abAnte los reiterados y permanentes ataques al Secretario General hemos convocado a un cese de actividades de todas las ramas de nuestro sindicato para el lunes a partir de las 18:00 hs., con movilizaci\u00f3n a Plaza de Mayo\u00bb, anunci\u00f3 Eduardo Altamirano.<\/p>\n<p style=\"text-align: justify;\">Enseguida, continu\u00f3: \u00abEsta medida es para repudiar los ataques y mentiras que a diario sufre Hugo Moyano\u00bb.<\/p>\n<p style=\"text-align: justify;\">El anuncio del gremio se produjo horas despu\u00e9s de que el juez federal Norberto Oyarbide recibiera un exhorto enviado por el Ministerio P\u00fablico Fiscal de Suiza, donde solicita informaci\u00f3n sobre causas y pruebas relacionadas con Hugo Moyano, Pablo Moyano y su entorno familiar.<\/p>\n<p style=\"text-align: justify;\">El pedido responde a una investigaci\u00f3n que se lleva adelante en ese pa\u00eds por presunto lavado de dinero.<\/p>\n<p style=\"text-align: justify;\">Tras lanzar fuertes cuestionamientos contra medios de comunicaci\u00f3n y diversos dirigentes pol\u00edticos, el sindicalista advirti\u00f3: \u00abEstamos cansados de la pelea medi\u00e1tica contra Hugo Moyano.Estamos cansados de las falsas denuncias\u00bb.<\/p>\n<p style=\"text-align: justify;\">Altamirano comenz\u00f3 a enumerar causas que involucraron al secretario general de la CGT que, seg\u00fan asegur\u00f3, no fueron probadas. \u00abJam\u00e1s se prob\u00f3 nada de eso\u00bb, se\u00f1al\u00f3.<\/p>\n<p style=\"text-align: justify;\">Al hablar de l a denuncia que present\u00f3 esta semana la ex ministra de Salud Graciela Oca\u00f1a por administraci\u00f3n fraudulenta, indic\u00f3: \u00abComo ministra jam\u00e1s denunci\u00f3 nada. Ahora anda por todos lados porque quiere ser candidata. Tiene muy buena escuela. Elisa Carri\u00f3. Vive denunciando, qu\u00e9 cosa, nada&#8230;\u00bb.<\/p>\n","protected":false},"excerpt":{"rendered":"<p>Tras el exhorto de la justicia suiza, el gremio convoc\u00f3 a un \u00abcese de actividades\u00bb en repudio a \u00ablos reiterados y permanentes ataques\u00bb contra Hugo Moyano; desde el gremio embistieron fuertemente contra los medios de comunicaci\u00f3n: \u00abEstamos cansados de las falsas denuncias\u00bb, se\u00f1alaron. Horas despu\u00e9s de que la justicia Suiza enviara un exhorto para solicitar&hellip;<\/p>\n","protected":false},"author":1,"featured_media":0,"comment_status":"open","ping_status":"open","sticky":false,"template":"","format":"standard","meta":{"footnotes":""},"categories":[16],"tags":[1298,22020,873,67,90],"class_list":["post-13009","post","type-post","status-publish","format-standard","hentry","category-gremiales","tag-camioneros","tag-denuncias","tag-gremio","tag-paro","tag-prensa"],"_links":{"self":[{"href":"https:\/\/www.elsindical.com.ar\/notas\/wp-json\/wp\/v2\/posts\/13009","targetHints":{"allow":["GET"]}}],"collection":[{"href":"https:\/\/www.elsindical.com.ar\/notas\/wp-json\/wp\/v2\/posts"}],"about":[{"href":"https:\/\/www.elsindical.com.ar\/notas\/wp-json\/wp\/v2\/types\/post"}],"author":[{"embeddable":true,"href":"https:\/\/www.elsindical.com.ar\/notas\/wp-json\/wp\/v2\/users\/1"}],"replies":[{"embeddable":true,"href":"https:\/\/www.elsindical.com.ar\/notas\/wp-json\/wp\/v2\/comments?post=13009"}],"version-history":[{"count":1,"href":"https:\/\/www.elsindical.com.ar\/notas\/wp-json\/wp\/v2\/posts\/13009\/revisions"}],"predecessor-version":[{"id":13011,"href":"https:\/\/www.elsindical.com.ar\/notas\/wp-json\/wp\/v2\/posts\/13009\/revisions\/13011"}],"wp:attachment":[{"href":"https:\/\/www.elsindical.com.ar\/notas\/wp-json\/wp\/v2\/media?parent=13009"}],"wp:term":[{"taxonomy":"category","embeddable":true,"href":"https:\/\/www.elsindical.com.ar\/notas\/wp-json\/wp\/v2\/categories?post=13009"},{"taxonomy":"post_tag","embeddable":true,"href":"https:\/\/www.elsindical.com.ar\/notas\/wp-json\/wp\/v2\/tags?post=13009"}],"curies":[{"name":"wp","href":"https:\/\/api.w.org\/{rel}","templated":true}]}}