{"id":130081,"date":"2024-04-22T21:12:42","date_gmt":"2024-04-23T00:12:42","guid":{"rendered":"https:\/\/www.elsindical.com.ar\/notas\/?p=130081"},"modified":"2024-04-22T21:14:59","modified_gmt":"2024-04-23T00:14:59","slug":"sanatorio-san-juan-de-lanus-trabajadores-denuncian-irregularidades-y-explotacion-laboral","status":"publish","type":"post","link":"https:\/\/www.elsindical.com.ar\/notas\/sanatorio-san-juan-de-lanus-trabajadores-denuncian-irregularidades-y-explotacion-laboral\/","title":{"rendered":"Sanatorio San Juan de Lan\u00fas, trabajadores denuncian irregularidades y explotaci\u00f3n laboral"},"content":{"rendered":"<div class=\"wp-block-image\">\n<figure class=\"aligncenter size-full is-resized\"><a href=\"https:\/\/www.elsindical.com.ar\/notas\/var\/www\/html\/notas\/wp-content\/uploads\/2024\/04\/Sanatorio-San-Juan-denuncia-laboral.jpg\"><img loading=\"lazy\" decoding=\"async\" width=\"700\" height=\"526\" src=\"https:\/\/www.elsindical.com.ar\/notas\/var\/www\/html\/notas\/wp-content\/uploads\/2024\/04\/Sanatorio-San-Juan-denuncia-laboral.jpg\" alt=\"\" class=\"wp-image-130082\" style=\"width:778px;height:auto\" srcset=\"https:\/\/www.elsindical.com.ar\/notas\/var\/www\/html\/notas\/wp-content\/uploads\/2024\/04\/Sanatorio-San-Juan-denuncia-laboral.jpg 700w, https:\/\/www.elsindical.com.ar\/notas\/var\/www\/html\/notas\/wp-content\/uploads\/2024\/04\/Sanatorio-San-Juan-denuncia-laboral-300x225.jpg 300w, https:\/\/www.elsindical.com.ar\/notas\/var\/www\/html\/notas\/wp-content\/uploads\/2024\/04\/Sanatorio-San-Juan-denuncia-laboral-399x300.jpg 399w\" sizes=\"auto, (max-width: 700px) 100vw, 700px\" \/><\/a><\/figure>\n<\/div>\n\n\n<p>      Un grupo de empleados del Sanatorio San Juan, del partido de Lan\u00fas, provincia de Buenos Aires, denuncian explotaci\u00f3n laboral, malas condiciones para el desarrollo de sus tareas y denuncian irregularidades en cuanto a la calidad de los insumos que se compran para el funcionamiento y atenci\u00f3n de los clientes-<\/p>\n\n\n\n<p>Luego de las denuncias de acciones antisindicales por parte de las autoridades del sanatorio, donde puntualmente se\u00f1alaron a la Dra. Sandra Panizza como la \u00abcabeza\u00bb de las bajadas de l\u00ednea, varios trabajadores volvieron a ponerse en contacto con la redacci\u00f3n para denunciar explotaci\u00f3n laboral, maltrato laboral e irregularidades.<\/p>\n\n\n\n<p>El Sanatorio San Juan se ubica en la Av. Hip\u00f3lito Yrigoyen 5132 de Lan\u00fas Oeste, provincia de Buenos Aires, el sanatorio tiene como socios a <strong>Sandra Viviana Panizza<\/strong> <strong>CUIT 27-14774816-2<\/strong> y a su hijo del primer matrimonio <strong>Marcelo Horacio Bea<\/strong> <strong>CUIT 20-32.865.566-8<\/strong>.<\/p>\n\n\n\n<p>Los denunciantes que pidieron expresamente reserva de sus identidades, nos cuentan que pagan poco y que suelen demorarse en los plazos, que no hay posibilidades de ser escuchados ya que la forma de conducir el sanatorio es con maltrato a los empleados, incluyendo a los profesionales, que muchos se encuentran obligados a tolerar el maltrato por la situaci\u00f3n econ\u00f3mica y que los due\u00f1os Panizza y Bea se abusan de esa condici\u00f3n.<\/p>\n\n\n\n<figure class=\"wp-block-image size-full\"><a href=\"https:\/\/www.elsindical.com.ar\/notas\/var\/www\/html\/notas\/wp-content\/uploads\/2024\/04\/Sergio-Oyhamburu.jpg\"><img loading=\"lazy\" decoding=\"async\" width=\"800\" height=\"420\" src=\"https:\/\/www.elsindical.com.ar\/notas\/var\/www\/html\/notas\/wp-content\/uploads\/2024\/04\/Sergio-Oyhamburu.jpg\" alt=\"\" class=\"wp-image-130083\" srcset=\"https:\/\/www.elsindical.com.ar\/notas\/var\/www\/html\/notas\/wp-content\/uploads\/2024\/04\/Sergio-Oyhamburu.jpg 800w, https:\/\/www.elsindical.com.ar\/notas\/var\/www\/html\/notas\/wp-content\/uploads\/2024\/04\/Sergio-Oyhamburu-300x158.jpg 300w, https:\/\/www.elsindical.com.ar\/notas\/var\/www\/html\/notas\/wp-content\/uploads\/2024\/04\/Sergio-Oyhamburu-768x403.jpg 768w, https:\/\/www.elsindical.com.ar\/notas\/var\/www\/html\/notas\/wp-content\/uploads\/2024\/04\/Sergio-Oyhamburu-500x263.jpg 500w\" sizes=\"auto, (max-width: 800px) 100vw, 800px\" \/><\/a><\/figure>\n\n\n\n<p>Tambi\u00e9n apuntaron contra la representaci\u00f3n gremial  de <strong>ATSA Zona Sur<\/strong>, cuyo secretario general es <strong>Sergio Oyhamburu<\/strong>, que parece tienen un \u00abacuerdo\u00bb con la patronal ya que no han sido atendidos los reclamos realizados y al <strong>Ministerio de Trabajo de la provincia de Buenos Aires<\/strong>, conducido por <strong>Jorge Walter Correa<\/strong> que posee una delegaci\u00f3n en Lan\u00fas a cargo de <strong>Andrea Yolanda Figuera<\/strong>, ubicada a pocas cuadras del sanatorio.<\/p>\n\n\n\n<p>Los mismos trabajadores pusieron en duda la cantidad y calidad de los insumos que se compran para atender a los pacientes, con lo cual no solo se ahorra dinero con los sueldos, sino tambi\u00e9n con la atenci\u00f3n que el lugar brinda a los pacientes, dejando en claro que trabajan con lo que tienen y no son responsables de posibles reclamos por esa situaci\u00f3n que es irregular y conocida por los due\u00f1os que solo pretenden tener ganancias.<\/p>\n\n\n\n<p>Si bien entienden que no es desde este medio el camino a una soluci\u00f3n, pretenden que se conozca lo que ocurre para que tanto el sindicato como las autoridades del ministerio se ocupen de verificar lo que denuncian.<\/p>\n","protected":false},"excerpt":{"rendered":"<p>Un grupo de empleados del Sanatorio San Juan, del partido de Lan\u00fas, provincia de Buenos Aires, denuncian explotaci\u00f3n laboral, malas condiciones para el desarrollo de sus tareas y denuncian irregularidades en cuanto a la calidad de los insumos que se compran para el funcionamiento y atenci\u00f3n de los clientes- Luego de las denuncias de acciones&hellip;<\/p>\n","protected":false},"author":1,"featured_media":130082,"comment_status":"open","ping_status":"open","sticky":false,"template":"","format":"standard","meta":{"footnotes":""},"categories":[6,16],"tags":[42738,3370,22020,2450,7066,42158,42157,26417,4214],"class_list":["post-130081","post","type-post","status-publish","format-standard","has-post-thumbnail","hentry","category-denuncias","category-gremiales","tag-andrea-yolanda-figuera","tag-atsa","tag-denuncias","tag-diario-el-sindical","tag-explotacion-laboral","tag-marcelo-horacio-bea","tag-sandra-viviana-panizza","tag-sergio-oyhamburu","tag-walter-correa"],"_links":{"self":[{"href":"https:\/\/www.elsindical.com.ar\/notas\/wp-json\/wp\/v2\/posts\/130081","targetHints":{"allow":["GET"]}}],"collection":[{"href":"https:\/\/www.elsindical.com.ar\/notas\/wp-json\/wp\/v2\/posts"}],"about":[{"href":"https:\/\/www.elsindical.com.ar\/notas\/wp-json\/wp\/v2\/types\/post"}],"author":[{"embeddable":true,"href":"https:\/\/www.elsindical.com.ar\/notas\/wp-json\/wp\/v2\/users\/1"}],"replies":[{"embeddable":true,"href":"https:\/\/www.elsindical.com.ar\/notas\/wp-json\/wp\/v2\/comments?post=130081"}],"version-history":[{"count":1,"href":"https:\/\/www.elsindical.com.ar\/notas\/wp-json\/wp\/v2\/posts\/130081\/revisions"}],"predecessor-version":[{"id":130084,"href":"https:\/\/www.elsindical.com.ar\/notas\/wp-json\/wp\/v2\/posts\/130081\/revisions\/130084"}],"wp:featuredmedia":[{"embeddable":true,"href":"https:\/\/www.elsindical.com.ar\/notas\/wp-json\/wp\/v2\/media\/130082"}],"wp:attachment":[{"href":"https:\/\/www.elsindical.com.ar\/notas\/wp-json\/wp\/v2\/media?parent=130081"}],"wp:term":[{"taxonomy":"category","embeddable":true,"href":"https:\/\/www.elsindical.com.ar\/notas\/wp-json\/wp\/v2\/categories?post=130081"},{"taxonomy":"post_tag","embeddable":true,"href":"https:\/\/www.elsindical.com.ar\/notas\/wp-json\/wp\/v2\/tags?post=130081"}],"curies":[{"name":"wp","href":"https:\/\/api.w.org\/{rel}","templated":true}]}}