{"id":130067,"date":"2024-04-22T13:24:59","date_gmt":"2024-04-22T16:24:59","guid":{"rendered":"https:\/\/www.elsindical.com.ar\/notas\/?p=130067"},"modified":"2024-04-22T13:25:05","modified_gmt":"2024-04-22T16:25:05","slug":"a-partir-de-julio-la-receta-electronica-sera-obligatoria-en-todo-el-pais-para-comprar-medicamentos","status":"publish","type":"post","link":"https:\/\/www.elsindical.com.ar\/notas\/a-partir-de-julio-la-receta-electronica-sera-obligatoria-en-todo-el-pais-para-comprar-medicamentos\/","title":{"rendered":"A partir de julio, la receta electr\u00f3nica ser\u00e1 obligatoria en todo el pa\u00eds para comprar medicamentos"},"content":{"rendered":"<div class=\"wp-block-image\">\n<figure class=\"aligncenter size-full is-resized\"><a href=\"https:\/\/www.elsindical.com.ar\/notas\/var\/www\/html\/notas\/wp-content\/uploads\/2024\/04\/receta-electronica.jpg\"><img loading=\"lazy\" decoding=\"async\" width=\"700\" height=\"395\" src=\"https:\/\/www.elsindical.com.ar\/notas\/var\/www\/html\/notas\/wp-content\/uploads\/2024\/04\/receta-electronica.jpg\" alt=\"\" class=\"wp-image-130068\" style=\"width:762px;height:auto\" srcset=\"https:\/\/www.elsindical.com.ar\/notas\/var\/www\/html\/notas\/wp-content\/uploads\/2024\/04\/receta-electronica.jpg 700w, https:\/\/www.elsindical.com.ar\/notas\/var\/www\/html\/notas\/wp-content\/uploads\/2024\/04\/receta-electronica-300x169.jpg 300w, https:\/\/www.elsindical.com.ar\/notas\/var\/www\/html\/notas\/wp-content\/uploads\/2024\/04\/receta-electronica-500x282.jpg 500w, https:\/\/www.elsindical.com.ar\/notas\/var\/www\/html\/notas\/wp-content\/uploads\/2024\/04\/receta-electronica-460x260.jpg 460w\" sizes=\"auto, (max-width: 700px) 100vw, 700px\" \/><\/a><\/figure>\n<\/div>\n\n\n<p>La nueva implementaci\u00f3n tiene el objetivo de facilitar el acceso a los medicamentos y tratamientos.<\/p>\n\n\n\n<p><strong>El Ministerio de Salud de la Naci\u00f3n<\/strong> avanz\u00f3 con la implementaci\u00f3n <strong>obligatoria<\/strong> de la receta electr\u00f3nica con el objetivo de mejorar la calidad en la prestaci\u00f3n de servicios de salud a las personas facilitando la identificaci\u00f3n de los profesionales que prescriben medicamentos.<\/p>\n\n\n\n<p>Las <strong>actuales implementaciones <\/strong>de receta electr\u00f3nica y\/o digital contin\u00faan vigentes en su uso, en tanto <strong>cumplan<\/strong> con los requisitos previstos en la reglamentaci\u00f3n, los que en un futuro la normativa o la autoridad de aplicaci\u00f3n\u00a0<strong>establezca <\/strong>y en los t\u00e9rminos del cronograma de implementaci\u00f3n que se acuerde.<\/p>\n\n\n\n<h2 class=\"wp-block-heading\">Los cuatro ejes esenciales<\/h2>\n\n\n\n<p>La implementaci\u00f3n de la receta electr\u00f3nica, cuyo modelo qued\u00f3 establecido por el Decreto N\u00b0 63\/24, responde a cuatro bases esenciales:<\/p>\n\n\n\n<p>about:blank<\/p>\n\n\n\n<ul class=\"wp-block-list\">\n<li><strong>La identificaci\u00f3n de profesionales con capacidad para prescribir.<\/strong> Se garantiza el adecuado acceso a la identificaci\u00f3n de los profesionales de la salud a trav\u00e9s de la Red Federal de Registro de Profesionales de la Salud (REFEPS). Este registro asegura que solo los profesionales <strong>debidamente acreditados<\/strong> puedan emitir prescripciones, manteniendo as\u00ed la integridad y seguridad del proceso de prescripci\u00f3n.<br><\/li>\n\n\n\n<li><strong>Un Registro Nacional de Soluciones Inform\u00e1ticas.<\/strong> Se desarrolla un registro nacional que incluye las soluciones inform\u00e1ticas que brindan <strong>soporte<\/strong> en la gesti\u00f3n sanitaria. Este registro abarca tanto los softwares que emiten recetas electr\u00f3nicas como aquellos utilizados por las farmacias para la gesti\u00f3n de la entrega de medicamentos. Esta medida busca estandarizar, y asegurar la calidad y seguridad de las plataformas utilizadas en todo el territorio nacional.<br><\/li>\n\n\n\n<li><strong>El Diccionario Nacional de Medicamentos. <\/strong>Se establece un diccionario nacional de medicamentos para que las soluciones de salud digital puedan utilizarlo como base de <strong>referencia<\/strong>. Esto permite que las recetas sean emitidas denominando a los medicamentos por su <strong>nombre gen\u00e9rico<\/strong>, facilitando la identificaci\u00f3n y entrega de los mismos. Este diccionario garantiza la uniformidad y precisi\u00f3n en la prescripci\u00f3n de tratamientos a nivel nacional.<br><\/li>\n\n\n\n<li><strong>La comunicaci\u00f3n y acceso a las recetas y \u00f3rdenes electr\u00f3nicas. <\/strong>Se impulsa un sistema eficiente de comunicaci\u00f3n y acceso a las recetas y \u00f3rdenes electr\u00f3nicas emitidas. Esto incluye tambi\u00e9n la declaraci\u00f3n de la descarga de medicamentos, la informaci\u00f3n sobre el producto entregado y su eventual sustituci\u00f3n en las farmacias. Esta integraci\u00f3n asegura un <strong>seguimiento eficaz<\/strong> del tratamiento prescrito al paciente.<\/li>\n<\/ul>\n\n\n\n<h2 class=\"wp-block-heading\">Sobre la venta y despacho de medicamentos bajo receta<\/h2>\n\n\n\n<p>La venta y despacho deben realizarse <strong>desde la farmacia<\/strong>, en presencia de un farmac\u00e9utico responsable, su venta y entrega al paciente podr\u00e1 ser acordada por canales electr\u00f3nicos determinados por la farmacia, mediante traslado al lugar que este disponga a su conveniencia.<\/p>\n\n\n\n<p>Es responsabilidad del profesional farmac\u00e9utico garantizar que el traslado se realice de modo seguro conforme los requisitos aplicables y los que la autoridad sanitaria establezca a tal efecto, mientras que las farmacias<strong> deber\u00e1n archivar y guardar las recetas<\/strong> digitales durante <strong>3 a\u00f1os<\/strong>.<\/p>\n","protected":false},"excerpt":{"rendered":"<p>La nueva implementaci\u00f3n tiene el objetivo de facilitar el acceso a los medicamentos y tratamientos. El Ministerio de Salud de la Naci\u00f3n avanz\u00f3 con la implementaci\u00f3n obligatoria de la receta electr\u00f3nica con el objetivo de mejorar la calidad en la prestaci\u00f3n de servicios de salud a las personas facilitando la identificaci\u00f3n de los profesionales que&hellip;<\/p>\n","protected":false},"author":1,"featured_media":130068,"comment_status":"open","ping_status":"open","sticky":false,"template":"","format":"standard","meta":{"footnotes":""},"categories":[23],"tags":[2450,40628,44,3534,39562],"class_list":["post-130067","post","type-post","status-publish","format-standard","has-post-thumbnail","hentry","category-salud","tag-diario-el-sindical","tag-lla","tag-medicamentos","tag-ministerio-de-salud-de-la-nacion","tag-receta-electronica"],"_links":{"self":[{"href":"https:\/\/www.elsindical.com.ar\/notas\/wp-json\/wp\/v2\/posts\/130067","targetHints":{"allow":["GET"]}}],"collection":[{"href":"https:\/\/www.elsindical.com.ar\/notas\/wp-json\/wp\/v2\/posts"}],"about":[{"href":"https:\/\/www.elsindical.com.ar\/notas\/wp-json\/wp\/v2\/types\/post"}],"author":[{"embeddable":true,"href":"https:\/\/www.elsindical.com.ar\/notas\/wp-json\/wp\/v2\/users\/1"}],"replies":[{"embeddable":true,"href":"https:\/\/www.elsindical.com.ar\/notas\/wp-json\/wp\/v2\/comments?post=130067"}],"version-history":[{"count":1,"href":"https:\/\/www.elsindical.com.ar\/notas\/wp-json\/wp\/v2\/posts\/130067\/revisions"}],"predecessor-version":[{"id":130069,"href":"https:\/\/www.elsindical.com.ar\/notas\/wp-json\/wp\/v2\/posts\/130067\/revisions\/130069"}],"wp:featuredmedia":[{"embeddable":true,"href":"https:\/\/www.elsindical.com.ar\/notas\/wp-json\/wp\/v2\/media\/130068"}],"wp:attachment":[{"href":"https:\/\/www.elsindical.com.ar\/notas\/wp-json\/wp\/v2\/media?parent=130067"}],"wp:term":[{"taxonomy":"category","embeddable":true,"href":"https:\/\/www.elsindical.com.ar\/notas\/wp-json\/wp\/v2\/categories?post=130067"},{"taxonomy":"post_tag","embeddable":true,"href":"https:\/\/www.elsindical.com.ar\/notas\/wp-json\/wp\/v2\/tags?post=130067"}],"curies":[{"name":"wp","href":"https:\/\/api.w.org\/{rel}","templated":true}]}}