{"id":130061,"date":"2024-04-22T13:14:16","date_gmt":"2024-04-22T16:14:16","guid":{"rendered":"https:\/\/www.elsindical.com.ar\/notas\/?p=130061"},"modified":"2024-04-22T13:14:21","modified_gmt":"2024-04-22T16:14:21","slug":"juan-emilio-ameri-fue-condenado-por-el-incidente-sexual-durante-un-zoom-politico","status":"publish","type":"post","link":"https:\/\/www.elsindical.com.ar\/notas\/juan-emilio-ameri-fue-condenado-por-el-incidente-sexual-durante-un-zoom-politico\/","title":{"rendered":"Juan Emilio Ameri fue condenado por el incidente sexual durante un zoom pol\u00edtico"},"content":{"rendered":"\n<figure class=\"wp-block-image size-large\"><a href=\"https:\/\/www.elsindical.com.ar\/notas\/var\/www\/html\/notas\/wp-content\/uploads\/2024\/04\/Juan-Emilio-Ameri.jpg\"><img loading=\"lazy\" decoding=\"async\" width=\"1024\" height=\"576\" src=\"https:\/\/www.elsindical.com.ar\/notas\/var\/www\/html\/notas\/wp-content\/uploads\/2024\/04\/Juan-Emilio-Ameri-1024x576.jpg\" alt=\"\" class=\"wp-image-130062\" srcset=\"https:\/\/www.elsindical.com.ar\/notas\/var\/www\/html\/notas\/wp-content\/uploads\/2024\/04\/Juan-Emilio-Ameri-1024x576.jpg 1024w, https:\/\/www.elsindical.com.ar\/notas\/var\/www\/html\/notas\/wp-content\/uploads\/2024\/04\/Juan-Emilio-Ameri-300x169.jpg 300w, https:\/\/www.elsindical.com.ar\/notas\/var\/www\/html\/notas\/wp-content\/uploads\/2024\/04\/Juan-Emilio-Ameri-768x432.jpg 768w, https:\/\/www.elsindical.com.ar\/notas\/var\/www\/html\/notas\/wp-content\/uploads\/2024\/04\/Juan-Emilio-Ameri-500x281.jpg 500w, https:\/\/www.elsindical.com.ar\/notas\/var\/www\/html\/notas\/wp-content\/uploads\/2024\/04\/Juan-Emilio-Ameri-1536x864.jpg 1536w, https:\/\/www.elsindical.com.ar\/notas\/var\/www\/html\/notas\/wp-content\/uploads\/2024\/04\/Juan-Emilio-Ameri-460x260.jpg 460w, https:\/\/www.elsindical.com.ar\/notas\/var\/www\/html\/notas\/wp-content\/uploads\/2024\/04\/Juan-Emilio-Ameri.jpg 1920w\" sizes=\"auto, (max-width: 1024px) 100vw, 1024px\" \/><\/a><\/figure>\n\n\n\n<p>   El ex diputado Juan Emilio Ameri fue condenado por el esc\u00e1ndalo sexual que le cost\u00f3 la expulsi\u00f3n.<\/p>\n\n\n\n<p><strong>El juez federal Ariel Lijo conden\u00f3 a un mes de prisi\u00f3n al ex diputado nacional Juan Emilio Ameri por el esc\u00e1ndalo sexual protagonizado durante una sesi\u00f3n\u00a0<\/strong>de diputados v\u00eda Zoom, en 2020.<\/p>\n\n\n\n<p>Sucedi\u00f3 en septiembre de ese a\u00f1o,&nbsp;cuando el cuerpo discut\u00eda el Fondo de Garant\u00eda de Sustentabilidad por la pandemia del Covid-19.<\/p>\n\n\n\n<p><strong>El diputado fue condenado por ser autor del delito de perturbaci\u00f3n al ejercicio de funciones p\u00fablicas y se le impuso un mes de prisi\u00f3n,<\/strong>&nbsp;sumado a que durante dos a\u00f1os debe estar sometido al control del patronato de liberados.<\/p>\n\n\n\n<p><strong>Por el hecho, el entonces diputado del Frente de Todos hab\u00eda sido expulsado del cuerpo.<\/strong> El entonces titular de la C\u00e1mara baja, Sergio Massa, propuso la&nbsp;expulsi\u00f3n de Ameri por la \u201cconducta indecorosa\u201d.<\/p>\n\n\n\n<p>Durante el juicio, el fiscal de juicio Eduardo Taiano pidi\u00f3 la pena de cuatro meses de prisi\u00f3n y la defensa la absoluci\u00f3n, pues consider\u00f3 que con su expulsi\u00f3n hab\u00eda pagado por el error.<\/p>\n","protected":false},"excerpt":{"rendered":"<p>El ex diputado Juan Emilio Ameri fue condenado por el esc\u00e1ndalo sexual que le cost\u00f3 la expulsi\u00f3n. El juez federal Ariel Lijo conden\u00f3 a un mes de prisi\u00f3n al ex diputado nacional Juan Emilio Ameri por el esc\u00e1ndalo sexual protagonizado durante una sesi\u00f3n\u00a0de diputados v\u00eda Zoom, en 2020. Sucedi\u00f3 en septiembre de ese a\u00f1o,&nbsp;cuando el&hellip;<\/p>\n","protected":false},"author":1,"featured_media":130062,"comment_status":"open","ping_status":"open","sticky":false,"template":"","format":"standard","meta":{"footnotes":""},"categories":[20],"tags":[2450,24363,18667,42732,7140],"class_list":["post-130061","post","type-post","status-publish","format-standard","has-post-thumbnail","hentry","category-judiciales","tag-diario-el-sindical","tag-escandalo-sexual","tag-fiscal-federal-eduardo-taiano","tag-juan-emilio-ameri","tag-juez-federal-ariel-lijo"],"_links":{"self":[{"href":"https:\/\/www.elsindical.com.ar\/notas\/wp-json\/wp\/v2\/posts\/130061","targetHints":{"allow":["GET"]}}],"collection":[{"href":"https:\/\/www.elsindical.com.ar\/notas\/wp-json\/wp\/v2\/posts"}],"about":[{"href":"https:\/\/www.elsindical.com.ar\/notas\/wp-json\/wp\/v2\/types\/post"}],"author":[{"embeddable":true,"href":"https:\/\/www.elsindical.com.ar\/notas\/wp-json\/wp\/v2\/users\/1"}],"replies":[{"embeddable":true,"href":"https:\/\/www.elsindical.com.ar\/notas\/wp-json\/wp\/v2\/comments?post=130061"}],"version-history":[{"count":1,"href":"https:\/\/www.elsindical.com.ar\/notas\/wp-json\/wp\/v2\/posts\/130061\/revisions"}],"predecessor-version":[{"id":130063,"href":"https:\/\/www.elsindical.com.ar\/notas\/wp-json\/wp\/v2\/posts\/130061\/revisions\/130063"}],"wp:featuredmedia":[{"embeddable":true,"href":"https:\/\/www.elsindical.com.ar\/notas\/wp-json\/wp\/v2\/media\/130062"}],"wp:attachment":[{"href":"https:\/\/www.elsindical.com.ar\/notas\/wp-json\/wp\/v2\/media?parent=130061"}],"wp:term":[{"taxonomy":"category","embeddable":true,"href":"https:\/\/www.elsindical.com.ar\/notas\/wp-json\/wp\/v2\/categories?post=130061"},{"taxonomy":"post_tag","embeddable":true,"href":"https:\/\/www.elsindical.com.ar\/notas\/wp-json\/wp\/v2\/tags?post=130061"}],"curies":[{"name":"wp","href":"https:\/\/api.w.org\/{rel}","templated":true}]}}