{"id":13006,"date":"2011-03-17T18:58:48","date_gmt":"2011-03-17T21:58:48","guid":{"rendered":"http:\/\/www.elsindical.com.ar\/notas\/?p=13006"},"modified":"2011-03-17T18:58:48","modified_gmt":"2011-03-17T21:58:48","slug":"persecucion-y-tiroteo-desde-villa-luro-hasta-gral-paz-y-constituyentes","status":"publish","type":"post","link":"https:\/\/www.elsindical.com.ar\/notas\/persecucion-y-tiroteo-desde-villa-luro-hasta-gral-paz-y-constituyentes\/","title":{"rendered":"Persecuci\u00f3n y tiroteo desde Villa Luro hasta Gral. Paz y Constituyentes"},"content":{"rendered":"<div id=\"bajada\">\n<p style=\"text-align: justify;\"><em><a href=\"http:\/\/www.elsindical.com.ar\/notas\/var\/www\/html\/notas\/wp-content\/uploads\/2011\/03\/tiroteo-Av.Gral_.-Paz.jpg\"><img loading=\"lazy\" decoding=\"async\" class=\"alignleft size-medium wp-image-13007\" title=\"tiroteo-Av.Gral.-Paz\" src=\"http:\/\/www.elsindical.com.ar\/notas\/var\/www\/html\/notas\/wp-content\/uploads\/2011\/03\/tiroteo-Av.Gral_.-Paz-300x193.jpg\" alt=\"\" width=\"300\" height=\"193\" srcset=\"https:\/\/www.elsindical.com.ar\/notas\/var\/www\/html\/notas\/wp-content\/uploads\/2011\/03\/tiroteo-Av.Gral_.-Paz-300x193.jpg 300w, https:\/\/www.elsindical.com.ar\/notas\/var\/www\/html\/notas\/wp-content\/uploads\/2011\/03\/tiroteo-Av.Gral_.-Paz.jpg 413w\" sizes=\"auto, (max-width: 300px) 100vw, 300px\" \/><\/a>Dos individuos fueron capturados luego de protagonizar feroz balacera en medio de la autov\u00eda. El hecho se produjo a la altura del barrio de Saavedra en plena Avenida General Paz. El agente de seguridad fue trasladado al Hospital Pirovano, donde se encuentra fuera de peligro.<\/em><\/p>\n<\/div>\n<div id=\"texto\">\n<p style=\"text-align: justify;\">Dos delincuentes fueron detenidos y un polic\u00eda result\u00f3 herido en un tiroteo que tuvo lugar durante una persecuci\u00f3n automovil\u00edstica por la avenida General Paz, a la altura del barrio porte\u00f1o de Saavedra, se inform\u00f3 oficialmente.<\/p>\n<p style=\"text-align: justify;\">La persecuci\u00f3n se inici\u00f3 luego de que dos hombres a bordo de un autom\u00f3vil Renault Cl\u00edo no acataran la voz de alto dada por efectivos policiales, al verlos en una actitud sospechosa durante un control de rutina, seg\u00fan indicaron fuentes policiales.<\/p>\n<p style=\"text-align: justify;\">En la huida, los presuntos delincuentes se tirotearon con la Polic\u00eda y uno de sus miembros result\u00f3 herido de un balazo y fue derivado al Hospital Pirovano, aunque est\u00e1 fuera de peligro, de acuerdo a lo informado desde la fuerza de seguridad.<\/p>\n<p style=\"text-align: justify;\">El tiroteo tuvo lugar en la avenida General Paz, a la altura de la avenida Constituyentes, luego de lo cual los sospechosos continuaron un tramo m\u00e1s en el veh\u00edculo pero terminaron chocando con una columna de alumbrado p\u00fablico. All\u00ed fueron detenidos por personal de la Comisar\u00eda 49.<\/p>\n<p style=\"text-align: justify;\">DYN<\/p>\n<\/div>\n","protected":false},"excerpt":{"rendered":"<p>Dos individuos fueron capturados luego de protagonizar feroz balacera en medio de la autov\u00eda. El hecho se produjo a la altura del barrio de Saavedra en plena Avenida General Paz. El agente de seguridad fue trasladado al Hospital Pirovano, donde se encuentra fuera de peligro. Dos delincuentes fueron detenidos y un polic\u00eda result\u00f3 herido en&hellip;<\/p>\n","protected":false},"author":1,"featured_media":0,"comment_status":"open","ping_status":"open","sticky":false,"template":"","format":"standard","meta":{"footnotes":""},"categories":[22],"tags":[6216,6215,958,238,3491],"class_list":["post-13006","post","type-post","status-publish","format-standard","hentry","category-policiales","tag-constituyentes","tag-gral-paz","tag-policia-federal","tag-tiroteo","tag-villa-luro"],"_links":{"self":[{"href":"https:\/\/www.elsindical.com.ar\/notas\/wp-json\/wp\/v2\/posts\/13006","targetHints":{"allow":["GET"]}}],"collection":[{"href":"https:\/\/www.elsindical.com.ar\/notas\/wp-json\/wp\/v2\/posts"}],"about":[{"href":"https:\/\/www.elsindical.com.ar\/notas\/wp-json\/wp\/v2\/types\/post"}],"author":[{"embeddable":true,"href":"https:\/\/www.elsindical.com.ar\/notas\/wp-json\/wp\/v2\/users\/1"}],"replies":[{"embeddable":true,"href":"https:\/\/www.elsindical.com.ar\/notas\/wp-json\/wp\/v2\/comments?post=13006"}],"version-history":[{"count":1,"href":"https:\/\/www.elsindical.com.ar\/notas\/wp-json\/wp\/v2\/posts\/13006\/revisions"}],"predecessor-version":[{"id":13008,"href":"https:\/\/www.elsindical.com.ar\/notas\/wp-json\/wp\/v2\/posts\/13006\/revisions\/13008"}],"wp:attachment":[{"href":"https:\/\/www.elsindical.com.ar\/notas\/wp-json\/wp\/v2\/media?parent=13006"}],"wp:term":[{"taxonomy":"category","embeddable":true,"href":"https:\/\/www.elsindical.com.ar\/notas\/wp-json\/wp\/v2\/categories?post=13006"},{"taxonomy":"post_tag","embeddable":true,"href":"https:\/\/www.elsindical.com.ar\/notas\/wp-json\/wp\/v2\/tags?post=13006"}],"curies":[{"name":"wp","href":"https:\/\/api.w.org\/{rel}","templated":true}]}}