{"id":130031,"date":"2024-04-20T15:40:49","date_gmt":"2024-04-20T18:40:49","guid":{"rendered":"https:\/\/www.elsindical.com.ar\/notas\/?p=130031"},"modified":"2024-04-20T16:19:52","modified_gmt":"2024-04-20T19:19:52","slug":"el-ministerio-de-salud-miente-advierte-la-asociacion-argentina-de-electrodependientes","status":"publish","type":"post","link":"https:\/\/www.elsindical.com.ar\/notas\/el-ministerio-de-salud-miente-advierte-la-asociacion-argentina-de-electrodependientes\/","title":{"rendered":"\u201cEl Ministerio de Salud miente\u201d, advierte la Asociaci\u00f3n Argentina de Electrodependientes"},"content":{"rendered":"\n<figure class=\"wp-block-image size-large\"><a href=\"https:\/\/www.elsindical.com.ar\/notas\/var\/www\/html\/notas\/wp-content\/uploads\/2024\/04\/electrodependientes-1.jpg\"><img loading=\"lazy\" decoding=\"async\" width=\"1024\" height=\"576\" src=\"https:\/\/www.elsindical.com.ar\/notas\/var\/www\/html\/notas\/wp-content\/uploads\/2024\/04\/electrodependientes-1-1024x576.jpg\" alt=\"\" class=\"wp-image-130032\" srcset=\"https:\/\/www.elsindical.com.ar\/notas\/var\/www\/html\/notas\/wp-content\/uploads\/2024\/04\/electrodependientes-1-1024x576.jpg 1024w, https:\/\/www.elsindical.com.ar\/notas\/var\/www\/html\/notas\/wp-content\/uploads\/2024\/04\/electrodependientes-1-300x169.jpg 300w, https:\/\/www.elsindical.com.ar\/notas\/var\/www\/html\/notas\/wp-content\/uploads\/2024\/04\/electrodependientes-1-768x432.jpg 768w, https:\/\/www.elsindical.com.ar\/notas\/var\/www\/html\/notas\/wp-content\/uploads\/2024\/04\/electrodependientes-1-500x281.jpg 500w, https:\/\/www.elsindical.com.ar\/notas\/var\/www\/html\/notas\/wp-content\/uploads\/2024\/04\/electrodependientes-1-460x260.jpg 460w, https:\/\/www.elsindical.com.ar\/notas\/var\/www\/html\/notas\/wp-content\/uploads\/2024\/04\/electrodependientes-1.jpg 1200w\" sizes=\"auto, (max-width: 1024px) 100vw, 1024px\" \/><\/a><\/figure>\n\n\n\n<p class=\"wp-block-paragraph\">Tras las denuncias de recorte en el RECS, el Ministerio de Salud dijo que hubo una reuni\u00f3n, cosa que la Asociaci\u00f3n Argentina de Electrodependientes desmiente.<\/p>\n\n\n\n<p class=\"wp-block-paragraph\"><strong>La Asociaci\u00f3n Argentina de Electrodependientes (<a href=\"https:\/\/twitter.com\/oficialAAdED1\">AAdED<\/a>) desminti\u00f3 al Ministerio de Salud<\/strong>, que dijo haber recibido a las organizaciones para informar sobre las nuevas condiciones para la inscripci\u00f3n en el Registro de Electrodependientes.<\/p>\n\n\n\n<p class=\"wp-block-paragraph\">La publicaci\u00f3n de la cartera sanitaria data del 18 de abril y llega tras la denuncia del recorte. Seg\u00fan indica el texto oficial, el encuentro fue para \u201cinformar la nueva forma del procedimiento para la inscripci\u00f3n al Registro de Electrodependientes por Cuestiones de Salud\u201d.<\/p>\n\n\n\n<p class=\"wp-block-paragraph\"><strong>\u201cEl Ministerio de Salud miente\u201d<\/strong>, advierte la AAdED. \u201cNo nos recibi\u00f3, y no recibi\u00f3 a ninguna asociaci\u00f3n de electrodependientes\u201d, agrega.<\/p>\n\n\n\n<p class=\"wp-block-paragraph\"><strong>\u201cEn vez de preocuparse por renovar los tr\u00e1mites de renovaci\u00f3n rechazados, o de incorporar al registro las personas que est\u00e1n esperando desde hace 4 meses<\/strong>, MIENTEN\u201d, insiste la Asociaci\u00f3n Argentina de Electrodependientes.<\/p>\n\n\n\n<p class=\"wp-block-paragraph\">M\u00e1s all\u00e1 de desenmascarar a los funcionarios, la Asociaci\u00f3n se\u00f1ala que sus integrantes creen en el di\u00e1logo y <strong>est\u00e1n a disposici\u00f3n para poder aportar \u201ctodos los casos\u201d y su mirada<\/strong> desde la experiencia de haber impulsado la Ley 27.351, trabajado en la reglamentaci\u00f3n, \u201cconociendo la norma y el esp\u00edritu de la Ley\u201d.<\/p>\n\n\n\n<p class=\"wp-block-paragraph\">En su posteo, la AAdED demuestra que no hubo encuentro alguno. \u201cPara que no queden dudas, quedo registro f\u00edlmico de lo sucedido en la puerta, donde <strong>se nos informa, sin darnos los motivos, que no pod\u00edamos ingresar<\/strong>\u201c, indica y comparte el <strong>video<\/strong>.<\/p>\n\n\n\n<p class=\"wp-block-paragraph\">Tras haber denunciado que el Ministerio de Salud est\u00e1 RECHAZANDO renovaciones al registro de <a href=\"https:\/\/www.instagram.com\/explore\/tags\/electrodependientes\/\">#Electrodependientes<\/a> fuimos convocados a una reuni\u00f3n.<br>Al llegar, nos encontramos con que prohib\u00edan la entrada a distintas personas de la Comisi\u00f3n Directiva sin darnos motivos, y no quisieron recibirnos.<br><br>Frente a la falta de di\u00e1logo, desde <a href=\"https:\/\/www.instagram.com\/oficialaaded\/\">@oficialaaded<\/a> accionaremos en la justicia mientras y usaremos todas las herramientas legales para seguir defendiendo los derechos de todas las personas <a href=\"https:\/\/www.instagram.com\/explore\/tags\/electrodependientes\/\">#electrodependientes<\/a><\/p>\n\n\n\n<figure class=\"wp-block-embed is-type-video is-provider-youtube wp-block-embed-youtube wp-embed-aspect-16-9 wp-has-aspect-ratio\"><div class=\"wp-block-embed__wrapper\">\n<iframe loading=\"lazy\" title=\"Asociaci\u00f3n de electrodependientes denuncia que el ministro de salud miente\" width=\"700\" height=\"394\" src=\"https:\/\/www.youtube.com\/embed\/lHIev1QUszQ?feature=oembed\" frameborder=\"0\" allow=\"accelerometer; autoplay; clipboard-write; encrypted-media; gyroscope; picture-in-picture; web-share\" referrerpolicy=\"strict-origin-when-cross-origin\" allowfullscreen><\/iframe>\n<\/div><\/figure>\n","protected":false},"excerpt":{"rendered":"<p>Tras las denuncias de recorte en el RECS, el Ministerio de Salud dijo que hubo una reuni\u00f3n, cosa que la Asociaci\u00f3n Argentina de Electrodependientes desmiente. La Asociaci\u00f3n Argentina de Electrodependientes (AAdED) desminti\u00f3 al Ministerio de Salud, que dijo haber recibido a las organizaciones para informar sobre las nuevas condiciones para la inscripci\u00f3n en el Registro&hellip;<\/p>\n","protected":false},"author":1,"featured_media":130032,"comment_status":"open","ping_status":"open","sticky":false,"template":"","format":"standard","meta":{"footnotes":""},"categories":[6,23],"tags":[42722,2450,25915,28812,42723,6426,42620],"class_list":["post-130031","post","type-post","status-publish","format-standard","has-post-thumbnail","hentry","category-denuncias","category-salud","tag-asded","tag-diario-el-sindical","tag-electrodependientes","tag-javier-milei","tag-ley-27-351","tag-ministro-de-salud","tag-recs"],"_links":{"self":[{"href":"https:\/\/www.elsindical.com.ar\/notas\/wp-json\/wp\/v2\/posts\/130031","targetHints":{"allow":["GET"]}}],"collection":[{"href":"https:\/\/www.elsindical.com.ar\/notas\/wp-json\/wp\/v2\/posts"}],"about":[{"href":"https:\/\/www.elsindical.com.ar\/notas\/wp-json\/wp\/v2\/types\/post"}],"author":[{"embeddable":true,"href":"https:\/\/www.elsindical.com.ar\/notas\/wp-json\/wp\/v2\/users\/1"}],"replies":[{"embeddable":true,"href":"https:\/\/www.elsindical.com.ar\/notas\/wp-json\/wp\/v2\/comments?post=130031"}],"version-history":[{"count":2,"href":"https:\/\/www.elsindical.com.ar\/notas\/wp-json\/wp\/v2\/posts\/130031\/revisions"}],"predecessor-version":[{"id":130034,"href":"https:\/\/www.elsindical.com.ar\/notas\/wp-json\/wp\/v2\/posts\/130031\/revisions\/130034"}],"wp:featuredmedia":[{"embeddable":true,"href":"https:\/\/www.elsindical.com.ar\/notas\/wp-json\/wp\/v2\/media\/130032"}],"wp:attachment":[{"href":"https:\/\/www.elsindical.com.ar\/notas\/wp-json\/wp\/v2\/media?parent=130031"}],"wp:term":[{"taxonomy":"category","embeddable":true,"href":"https:\/\/www.elsindical.com.ar\/notas\/wp-json\/wp\/v2\/categories?post=130031"},{"taxonomy":"post_tag","embeddable":true,"href":"https:\/\/www.elsindical.com.ar\/notas\/wp-json\/wp\/v2\/tags?post=130031"}],"curies":[{"name":"wp","href":"https:\/\/api.w.org\/{rel}","templated":true}]}}