{"id":129993,"date":"2024-04-18T12:08:00","date_gmt":"2024-04-18T15:08:00","guid":{"rendered":"https:\/\/www.elsindical.com.ar\/notas\/?p=129993"},"modified":"2024-04-18T12:19:43","modified_gmt":"2024-04-18T15:19:43","slug":"capacitacion-del-sistema-de-proteccion-de-derechos-de-nnya","status":"publish","type":"post","link":"https:\/\/www.elsindical.com.ar\/notas\/capacitacion-del-sistema-de-proteccion-de-derechos-de-nnya\/","title":{"rendered":"Capacitaci\u00f3n del Sistema de Protecci\u00f3n de Derechos de NNyA"},"content":{"rendered":"<div class=\"wp-block-image\">\n<figure class=\"aligncenter size-full\"><a href=\"https:\/\/www.elsindical.com.ar\/notas\/var\/www\/html\/notas\/wp-content\/uploads\/2024\/04\/capacitacion-derechos-del-nino.jpg\"><img loading=\"lazy\" decoding=\"async\" width=\"500\" height=\"569\" src=\"https:\/\/www.elsindical.com.ar\/notas\/var\/www\/html\/notas\/wp-content\/uploads\/2024\/04\/capacitacion-derechos-del-nino.jpg\" alt=\"\" class=\"wp-image-129994\" srcset=\"https:\/\/www.elsindical.com.ar\/notas\/var\/www\/html\/notas\/wp-content\/uploads\/2024\/04\/capacitacion-derechos-del-nino.jpg 500w, https:\/\/www.elsindical.com.ar\/notas\/var\/www\/html\/notas\/wp-content\/uploads\/2024\/04\/capacitacion-derechos-del-nino-264x300.jpg 264w\" sizes=\"auto, (max-width: 500px) 100vw, 500px\" \/><\/a><\/figure>\n<\/div>\n\n\n<p>Acto de Apertura de Implementaci\u00f3n del Plan Federal de Capacitaci\u00f3n continuo, permanente y obligatorio en Derechos de Ni\u00f1os, Ni\u00f1as y Adolescentes para agentes p\u00fablicos.<br><br>Capacitaci\u00f3n del Sistema de Protecci\u00f3n de Derechos de NNyA a trav\u00e9s de la Ley 15.348 Promoci\u00f3n del Buen Trato, que se iniciar\u00e1 con la Secretar\u00eda de Desarrollo y el Consejo de Ni\u00f1ez, Adolescencia y Familia del Municipio de Avellaneda.<br><br>&#x1f4c5; Viernes 19 de abril, de 9 a 16hs<br>&#x23f0; 9.30 hs: Acto de apertura con autoridades<br>&#x23f0; 10.00 hs: Inicio primer ciclo de capacitaci\u00f3n para \u00e1reas asignadas a esta fecha<br>&#x1f4cd; Centro Municipal de Arte, San Mart\u00edn 797<\/p>\n","protected":false},"excerpt":{"rendered":"<p>Acto de Apertura de Implementaci\u00f3n del Plan Federal de Capacitaci\u00f3n continuo, permanente y obligatorio en Derechos de Ni\u00f1os, Ni\u00f1as y Adolescentes para agentes p\u00fablicos. Capacitaci\u00f3n del Sistema de Protecci\u00f3n de Derechos de NNyA a trav\u00e9s de la Ley 15.348 Promoci\u00f3n del Buen Trato, que se iniciar\u00e1 con la Secretar\u00eda de Desarrollo y el Consejo de&hellip;<\/p>\n","protected":false},"author":1,"featured_media":129994,"comment_status":"open","ping_status":"open","sticky":false,"template":"","format":"standard","meta":{"footnotes":""},"categories":[3],"tags":[461,42707,30097,2450],"class_list":["post-129993","post","type-post","status-publish","format-standard","has-post-thumbnail","hentry","category-capacitacion","tag-avellaneda","tag-capacitacion-en-sistemas-de-proteccion-de-derechos-de-ninos","tag-cma","tag-diario-el-sindical"],"_links":{"self":[{"href":"https:\/\/www.elsindical.com.ar\/notas\/wp-json\/wp\/v2\/posts\/129993","targetHints":{"allow":["GET"]}}],"collection":[{"href":"https:\/\/www.elsindical.com.ar\/notas\/wp-json\/wp\/v2\/posts"}],"about":[{"href":"https:\/\/www.elsindical.com.ar\/notas\/wp-json\/wp\/v2\/types\/post"}],"author":[{"embeddable":true,"href":"https:\/\/www.elsindical.com.ar\/notas\/wp-json\/wp\/v2\/users\/1"}],"replies":[{"embeddable":true,"href":"https:\/\/www.elsindical.com.ar\/notas\/wp-json\/wp\/v2\/comments?post=129993"}],"version-history":[{"count":1,"href":"https:\/\/www.elsindical.com.ar\/notas\/wp-json\/wp\/v2\/posts\/129993\/revisions"}],"predecessor-version":[{"id":129995,"href":"https:\/\/www.elsindical.com.ar\/notas\/wp-json\/wp\/v2\/posts\/129993\/revisions\/129995"}],"wp:featuredmedia":[{"embeddable":true,"href":"https:\/\/www.elsindical.com.ar\/notas\/wp-json\/wp\/v2\/media\/129994"}],"wp:attachment":[{"href":"https:\/\/www.elsindical.com.ar\/notas\/wp-json\/wp\/v2\/media?parent=129993"}],"wp:term":[{"taxonomy":"category","embeddable":true,"href":"https:\/\/www.elsindical.com.ar\/notas\/wp-json\/wp\/v2\/categories?post=129993"},{"taxonomy":"post_tag","embeddable":true,"href":"https:\/\/www.elsindical.com.ar\/notas\/wp-json\/wp\/v2\/tags?post=129993"}],"curies":[{"name":"wp","href":"https:\/\/api.w.org\/{rel}","templated":true}]}}