{"id":129901,"date":"2024-04-13T22:28:44","date_gmt":"2024-04-14T01:28:44","guid":{"rendered":"https:\/\/www.elsindical.com.ar\/notas\/?p=129901"},"modified":"2024-04-13T22:31:21","modified_gmt":"2024-04-14T01:31:21","slug":"resto-dickens-un-lugar-para-visitar","status":"publish","type":"post","link":"https:\/\/www.elsindical.com.ar\/notas\/resto-dickens-un-lugar-para-visitar\/","title":{"rendered":"Resto Dickens, un lugar para visitar"},"content":{"rendered":"\n<figure class=\"wp-block-image size-large\"><a href=\"https:\/\/www.elsindical.com.ar\/notas\/var\/www\/html\/notas\/wp-content\/uploads\/2024\/04\/Dickens-resto.jpg\"><img loading=\"lazy\" decoding=\"async\" width=\"1024\" height=\"751\" src=\"https:\/\/www.elsindical.com.ar\/notas\/var\/www\/html\/notas\/wp-content\/uploads\/2024\/04\/Dickens-resto-1024x751.jpg\" alt=\"\" class=\"wp-image-129902\" srcset=\"https:\/\/www.elsindical.com.ar\/notas\/var\/www\/html\/notas\/wp-content\/uploads\/2024\/04\/Dickens-resto-1024x751.jpg 1024w, https:\/\/www.elsindical.com.ar\/notas\/var\/www\/html\/notas\/wp-content\/uploads\/2024\/04\/Dickens-resto-300x220.jpg 300w, https:\/\/www.elsindical.com.ar\/notas\/var\/www\/html\/notas\/wp-content\/uploads\/2024\/04\/Dickens-resto-768x563.jpg 768w, https:\/\/www.elsindical.com.ar\/notas\/var\/www\/html\/notas\/wp-content\/uploads\/2024\/04\/Dickens-resto-409x300.jpg 409w, https:\/\/www.elsindical.com.ar\/notas\/var\/www\/html\/notas\/wp-content\/uploads\/2024\/04\/Dickens-resto.jpg 1437w\" sizes=\"auto, (max-width: 1024px) 100vw, 1024px\" \/><\/a><\/figure>\n\n\n\n<p>   Por esas casualidades que no son casuales, me lleg\u00f3 una publicaci\u00f3n de un lugar llamado RESTO DICKENS donde postearon algo que deber\u00eda repetirse en m\u00e1s lugares, lo ideal ser\u00eda en toda la Argentina, pero no todos tienen el coraz\u00f3n preparado para esto.<\/p>\n\n\n\n<p><strong><em>Pedimos de todo coraz\u00f3n a todos nuestros clientes que no se molesten por la cantidad de perros callejeros que pueda haber dentro del restaurante. Somos un lugar que admite mascotas y damos agua, comida y mucho amor a estos dulces \u00e1ngeles.<\/em><\/strong><\/p>\n\n\n\n<p><strong><em>Lo siento si esto es dif\u00edcil, pero no est\u00e1n haciendo nada malo, solo vienen a buscar comida o refugio. \u00a1Muchas gracias!..<\/em><\/strong><\/p>\n\n\n\n<p><strong><em>Dickens Resto bar Avenida Sarmiento y las Heras, Chivilcoy, Provincia de Buenos Aires<\/em><\/strong><\/p>\n\n\n\n<p>Nuestro reconocimiento y admiraci\u00f3n a los due\u00f1os del lugar y agendamos la ubicaci\u00f3n para visitarlos.<\/p>\n\n\n\n<p>Seguilos:<\/p>\n\n\n\n<p><strong><a href=\"https:\/\/www.facebook.com\/restobarfacebook\">Facebook<\/a><\/strong><\/p>\n\n\n\n<p><strong><a href=\"https:\/\/www.instagram.com\/dickens_restobar\/\">Instagram<\/a><\/strong><\/p>\n","protected":false},"excerpt":{"rendered":"<p>Por esas casualidades que no son casuales, me lleg\u00f3 una publicaci\u00f3n de un lugar llamado RESTO DICKENS donde postearon algo que deber\u00eda repetirse en m\u00e1s lugares, lo ideal ser\u00eda en toda la Argentina, pero no todos tienen el coraz\u00f3n preparado para esto. Pedimos de todo coraz\u00f3n a todos nuestros clientes que no se molesten por&hellip;<\/p>\n","protected":false},"author":1,"featured_media":129902,"comment_status":"open","ping_status":"open","sticky":false,"template":"","format":"standard","meta":{"footnotes":""},"categories":[26],"tags":[154,1814,13926,2450,42675,468,1760,4758],"class_list":["post-129901","post","type-post","status-publish","format-standard","has-post-thumbnail","hentry","category-solidaridad","tag-buenos-aires","tag-callejeros","tag-chivilcoy","tag-diario-el-sindical","tag-dickens-resto-bar","tag-perros","tag-restaurante","tag-solidaridad-2"],"_links":{"self":[{"href":"https:\/\/www.elsindical.com.ar\/notas\/wp-json\/wp\/v2\/posts\/129901","targetHints":{"allow":["GET"]}}],"collection":[{"href":"https:\/\/www.elsindical.com.ar\/notas\/wp-json\/wp\/v2\/posts"}],"about":[{"href":"https:\/\/www.elsindical.com.ar\/notas\/wp-json\/wp\/v2\/types\/post"}],"author":[{"embeddable":true,"href":"https:\/\/www.elsindical.com.ar\/notas\/wp-json\/wp\/v2\/users\/1"}],"replies":[{"embeddable":true,"href":"https:\/\/www.elsindical.com.ar\/notas\/wp-json\/wp\/v2\/comments?post=129901"}],"version-history":[{"count":2,"href":"https:\/\/www.elsindical.com.ar\/notas\/wp-json\/wp\/v2\/posts\/129901\/revisions"}],"predecessor-version":[{"id":129905,"href":"https:\/\/www.elsindical.com.ar\/notas\/wp-json\/wp\/v2\/posts\/129901\/revisions\/129905"}],"wp:featuredmedia":[{"embeddable":true,"href":"https:\/\/www.elsindical.com.ar\/notas\/wp-json\/wp\/v2\/media\/129902"}],"wp:attachment":[{"href":"https:\/\/www.elsindical.com.ar\/notas\/wp-json\/wp\/v2\/media?parent=129901"}],"wp:term":[{"taxonomy":"category","embeddable":true,"href":"https:\/\/www.elsindical.com.ar\/notas\/wp-json\/wp\/v2\/categories?post=129901"},{"taxonomy":"post_tag","embeddable":true,"href":"https:\/\/www.elsindical.com.ar\/notas\/wp-json\/wp\/v2\/tags?post=129901"}],"curies":[{"name":"wp","href":"https:\/\/api.w.org\/{rel}","templated":true}]}}