{"id":129885,"date":"2024-04-12T12:53:52","date_gmt":"2024-04-12T15:53:52","guid":{"rendered":"https:\/\/www.elsindical.com.ar\/notas\/?p=129885"},"modified":"2024-04-12T12:53:57","modified_gmt":"2024-04-12T15:53:57","slug":"viernes-12-1630-hs-trabajadores-del-incaa-y-otros-sectores-convocan-a-la-puerta-del-cine-gaumont","status":"publish","type":"post","link":"https:\/\/www.elsindical.com.ar\/notas\/viernes-12-1630-hs-trabajadores-del-incaa-y-otros-sectores-convocan-a-la-puerta-del-cine-gaumont\/","title":{"rendered":"Viernes 12, 16:30 hs. Trabajadores del INCAA y otros sectores convocan a la puerta del Cine Gaumont"},"content":{"rendered":"<div class=\"wp-block-image\">\n<figure class=\"aligncenter size-full\"><a href=\"https:\/\/www.elsindical.com.ar\/notas\/var\/www\/html\/notas\/wp-content\/uploads\/2024\/04\/convocatoria-ATE-cine-Gaumont.jpg\"><img loading=\"lazy\" decoding=\"async\" width=\"500\" height=\"628\" src=\"https:\/\/www.elsindical.com.ar\/notas\/var\/www\/html\/notas\/wp-content\/uploads\/2024\/04\/convocatoria-ATE-cine-Gaumont.jpg\" alt=\"\" class=\"wp-image-129886\" srcset=\"https:\/\/www.elsindical.com.ar\/notas\/var\/www\/html\/notas\/wp-content\/uploads\/2024\/04\/convocatoria-ATE-cine-Gaumont.jpg 500w, https:\/\/www.elsindical.com.ar\/notas\/var\/www\/html\/notas\/wp-content\/uploads\/2024\/04\/convocatoria-ATE-cine-Gaumont-239x300.jpg 239w\" sizes=\"auto, (max-width: 500px) 100vw, 500px\" \/><\/a><\/figure>\n<\/div>\n\n\n<p>Seg\u00fan informaron desde la Junta Interna de ATE INCAA, <strong>este viernes 12 desde las 16:30 hs, convocar\u00e1n junto a otros sectores de trabajadores a las puertas del Cine Gaumont<\/strong>, donde realizar\u00e1n una <strong>conferencia de prensa y marchar\u00e1n al Ministerio de Trabajo<\/strong> (Callao 114).<\/p>\n\n\n\n<p>Al respecto, <strong>Ingrid<\/strong> <strong>Urrutia<\/strong>, Secr. Gral de ATE-INCAA analiz\u00f3: <em>\u00abNuestra situaci\u00f3n, con 200 despidos que se suman a los miles de otras reparticiones estatales, es desesperante. Indudablemente, el paro anunciado por la CGT para el 9 de mayo obecede a la presi\u00f3n que desde muchos sectores venimos haciendo, exigiendo que las centrales obreras convocaran a parar de forma activo. Pero el 9 de mayo nos queda lejos y no alcanza solo con una medida aislada: tiene que ser el primer paso de un conjunto de medidas escalonadas. Y que no sean para negociar con el gobierno de Milei ninguna &#8216;Ley Laboral Moderna\u00bb, sino para reincorporar a todos los despedidos, enterrar el DNU nefasto, la nueva Ley Bases y el conjunto del plan Milei. Ese tiene que ser el prop\u00f3sito\u00bb.<\/em><\/p>\n\n\n\n<p>Por su parte, la diputada porte\u00f1a <strong>Cele Fierro<\/strong> (MST-Frente de Izquierda), agreg\u00f3: <em>\u00abEste jueves estuvimos junto a una delegaci\u00f3n de trabajadores del INCAA, docente de la provincia de Santa Fe y diversos sectores sociales y pol\u00edticos, participando de la convocatoria y movilizaci\u00f3n de los trabajadores metal\u00fargicos en Villa Constituci\u00f3n que reclaman salario. Atravesamos un momento de muchas luchas: est\u00e1n los trabajadores del INCAA, de T\u00e9lam, de la Televisi\u00f3n Publica, de la Radio Nacional, los trabajadores del Banco Naci\u00f3n que enfrentan la privatizaci\u00f3n, trabajadores despedidos de ANSES en diversas reparticiones, los movimientos sociales, que no reciben hace 4 meses. Todas esas peleas por lugar, no logran revertir la situaci\u00f3n. Por eso, hace falta tomar en nuestras manos y construir una potente movilizaci\u00f3n y paro contundente el 9 de mayo. Pero insistimos, las medidas aisladas no terminan en nada. Para enterrar toda la orientaci\u00f3n antipueblo de Milei, hace falta un plan de lucha consecuente para ganar. Y una alerta, importante. No se trata de rosquear o cabildear, como pretende la c\u00fapula de la CGT, una nueva &#8216;Ley Bases&#8217; no tan mala, como la que ya enterramos en enero. Hay que derrotar toda la orientaci\u00f3n antipueblo de Milei. Desde la izquierda y los sectores combativos, vamos a sumar desde la Coordinaci\u00f3n Multisectorial un polo independiente para intervenir a fondo el 1<\/em><em>\u00b0<\/em><em> de Mayo, y para hacer este conjunto de planteos\u00bb.<\/em><\/p>\n","protected":false},"excerpt":{"rendered":"<p>Seg\u00fan informaron desde la Junta Interna de ATE INCAA, este viernes 12 desde las 16:30 hs, convocar\u00e1n junto a otros sectores de trabajadores a las puertas del Cine Gaumont, donde realizar\u00e1n una conferencia de prensa y marchar\u00e1n al Ministerio de Trabajo (Callao 114). Al respecto, Ingrid Urrutia, Secr. Gral de ATE-INCAA analiz\u00f3: \u00abNuestra situaci\u00f3n, con&hellip;<\/p>\n","protected":false},"author":1,"featured_media":129886,"comment_status":"open","ping_status":"open","sticky":false,"template":"","format":"standard","meta":{"footnotes":""},"categories":[13],"tags":[80,290,35825,38152,2450,13705,41976],"class_list":["post-129885","post","type-post","status-publish","format-standard","has-post-thumbnail","hentry","category-politica","tag-anses","tag-ate","tag-cele-fierro","tag-cine-gaumont","tag-diario-el-sindical","tag-incaa","tag-ingrid-urrutia"],"_links":{"self":[{"href":"https:\/\/www.elsindical.com.ar\/notas\/wp-json\/wp\/v2\/posts\/129885","targetHints":{"allow":["GET"]}}],"collection":[{"href":"https:\/\/www.elsindical.com.ar\/notas\/wp-json\/wp\/v2\/posts"}],"about":[{"href":"https:\/\/www.elsindical.com.ar\/notas\/wp-json\/wp\/v2\/types\/post"}],"author":[{"embeddable":true,"href":"https:\/\/www.elsindical.com.ar\/notas\/wp-json\/wp\/v2\/users\/1"}],"replies":[{"embeddable":true,"href":"https:\/\/www.elsindical.com.ar\/notas\/wp-json\/wp\/v2\/comments?post=129885"}],"version-history":[{"count":1,"href":"https:\/\/www.elsindical.com.ar\/notas\/wp-json\/wp\/v2\/posts\/129885\/revisions"}],"predecessor-version":[{"id":129887,"href":"https:\/\/www.elsindical.com.ar\/notas\/wp-json\/wp\/v2\/posts\/129885\/revisions\/129887"}],"wp:featuredmedia":[{"embeddable":true,"href":"https:\/\/www.elsindical.com.ar\/notas\/wp-json\/wp\/v2\/media\/129886"}],"wp:attachment":[{"href":"https:\/\/www.elsindical.com.ar\/notas\/wp-json\/wp\/v2\/media?parent=129885"}],"wp:term":[{"taxonomy":"category","embeddable":true,"href":"https:\/\/www.elsindical.com.ar\/notas\/wp-json\/wp\/v2\/categories?post=129885"},{"taxonomy":"post_tag","embeddable":true,"href":"https:\/\/www.elsindical.com.ar\/notas\/wp-json\/wp\/v2\/tags?post=129885"}],"curies":[{"name":"wp","href":"https:\/\/api.w.org\/{rel}","templated":true}]}}