{"id":129810,"date":"2024-04-09T15:30:06","date_gmt":"2024-04-09T18:30:06","guid":{"rendered":"https:\/\/www.elsindical.com.ar\/notas\/?p=129810"},"modified":"2024-04-09T15:30:12","modified_gmt":"2024-04-09T18:30:12","slug":"mas-de-350-000-familias-se-inscribieron-para-recibir-los-vouchers-educativos","status":"publish","type":"post","link":"https:\/\/www.elsindical.com.ar\/notas\/mas-de-350-000-familias-se-inscribieron-para-recibir-los-vouchers-educativos\/","title":{"rendered":"M\u00e1s de 350.000 familias se inscribieron para recibir los vouchers educativos"},"content":{"rendered":"\n<figure class=\"wp-block-image size-large\"><a href=\"https:\/\/www.elsindical.com.ar\/notas\/var\/www\/html\/notas\/wp-content\/uploads\/2024\/04\/vouchers-educativos.jpg\"><img loading=\"lazy\" decoding=\"async\" width=\"1024\" height=\"768\" src=\"https:\/\/www.elsindical.com.ar\/notas\/var\/www\/html\/notas\/wp-content\/uploads\/2024\/04\/vouchers-educativos-1024x768.jpg\" alt=\"\" class=\"wp-image-129811\" srcset=\"https:\/\/www.elsindical.com.ar\/notas\/var\/www\/html\/notas\/wp-content\/uploads\/2024\/04\/vouchers-educativos-1024x768.jpg 1024w, https:\/\/www.elsindical.com.ar\/notas\/var\/www\/html\/notas\/wp-content\/uploads\/2024\/04\/vouchers-educativos-300x225.jpg 300w, https:\/\/www.elsindical.com.ar\/notas\/var\/www\/html\/notas\/wp-content\/uploads\/2024\/04\/vouchers-educativos-768x576.jpg 768w, https:\/\/www.elsindical.com.ar\/notas\/var\/www\/html\/notas\/wp-content\/uploads\/2024\/04\/vouchers-educativos-400x300.jpg 400w, https:\/\/www.elsindical.com.ar\/notas\/var\/www\/html\/notas\/wp-content\/uploads\/2024\/04\/vouchers-educativos-1536x1152.jpg 1536w, https:\/\/www.elsindical.com.ar\/notas\/var\/www\/html\/notas\/wp-content\/uploads\/2024\/04\/vouchers-educativos.jpg 2000w\" sizes=\"auto, (max-width: 1024px) 100vw, 1024px\" \/><\/a><\/figure>\n\n\n\n<p>La inscripci\u00f3n para acceder a los vouchers educativos est\u00e1 abierta hasta el 30 de abril.<\/p>\n\n\n\n<p><strong>M\u00e1s de 350 mil familias se inscribieron para cobrar los vouchers educativos<\/strong> para poder hacer frente a las cuotas de colegios privados, en medio de la grave crisis que afecta al poder econ\u00f3mico.<\/p>\n\n\n\n<p>Luego de que el Gobierno <strong>abriera el mi\u00e9rcoles de la semana pasada la p\u00e1gina web para solicitar la ayuda <\/strong>destinada a afrontar el pago de las mensualidades de las instituciones educativas de gesti\u00f3n privada, un gran n\u00famero de padres, madres o tutores concluyeron el tr\u00e1mite requerido.<\/p>\n\n\n\n<p>Unas 353 mil familias lograron completar los datos solicitados y todos los pasos del formulario digital para pedir la asistencia econ\u00f3mica.<\/p>\n\n\n\n<p>En total, representan unos 542 mil alumnos, es decir cerca de un 30% del universo total al que apunta la medida, de acuerdo a las estimaciones de la Secretar\u00eda de Educaci\u00f3n.<\/p>\n\n\n\n<p><strong>El per\u00edodo de&nbsp;<a href=\"https:\/\/www.inforegion.com.ar\/2024\/03\/22\/como-acceder-a-los-vouchers-educativos-anunciados-por-el-gobierno\/\">inscripci\u00f3n<\/a>&nbsp;tendr\u00e1 lugar&nbsp;hasta el 30 de abril del 2024.<\/strong><\/p>\n\n\n\n<h2 class=\"wp-block-heading\">\u00bfCU\u00c1NDO SER\u00c1 EL PAGO?<\/h2>\n\n\n\n<p><strong>Los beneficiarios de la prestaci\u00f3n validados por las instituciones educativas&nbsp;hasta el 18 de abril recibir\u00e1n un pago mensual en los meses de mayo, junio y julio.&nbsp;<\/strong><\/p>\n\n\n\n<p>En cambio, quienes sean validados entre el 19 de abril y el 10 mayo&nbsp;recibir\u00e1n el primer pago junto con el segundo en junio y el pago restante en el mes de julio.<\/p>\n","protected":false},"excerpt":{"rendered":"<p>La inscripci\u00f3n para acceder a los vouchers educativos est\u00e1 abierta hasta el 30 de abril. M\u00e1s de 350 mil familias se inscribieron para cobrar los vouchers educativos para poder hacer frente a las cuotas de colegios privados, en medio de la grave crisis que afecta al poder econ\u00f3mico. Luego de que el Gobierno abriera el&hellip;<\/p>\n","protected":false},"author":1,"featured_media":129811,"comment_status":"open","ping_status":"open","sticky":false,"template":"","format":"standard","meta":{"footnotes":""},"categories":[9,25],"tags":[2450,1291,761,42649,42618],"class_list":["post-129810","post","type-post","status-publish","format-standard","has-post-thumbnail","hentry","category-economia","category-sociedad","tag-diario-el-sindical","tag-familias","tag-gobierno-nacional","tag-pago-mensual","tag-vouchers-educativos"],"_links":{"self":[{"href":"https:\/\/www.elsindical.com.ar\/notas\/wp-json\/wp\/v2\/posts\/129810","targetHints":{"allow":["GET"]}}],"collection":[{"href":"https:\/\/www.elsindical.com.ar\/notas\/wp-json\/wp\/v2\/posts"}],"about":[{"href":"https:\/\/www.elsindical.com.ar\/notas\/wp-json\/wp\/v2\/types\/post"}],"author":[{"embeddable":true,"href":"https:\/\/www.elsindical.com.ar\/notas\/wp-json\/wp\/v2\/users\/1"}],"replies":[{"embeddable":true,"href":"https:\/\/www.elsindical.com.ar\/notas\/wp-json\/wp\/v2\/comments?post=129810"}],"version-history":[{"count":1,"href":"https:\/\/www.elsindical.com.ar\/notas\/wp-json\/wp\/v2\/posts\/129810\/revisions"}],"predecessor-version":[{"id":129812,"href":"https:\/\/www.elsindical.com.ar\/notas\/wp-json\/wp\/v2\/posts\/129810\/revisions\/129812"}],"wp:featuredmedia":[{"embeddable":true,"href":"https:\/\/www.elsindical.com.ar\/notas\/wp-json\/wp\/v2\/media\/129811"}],"wp:attachment":[{"href":"https:\/\/www.elsindical.com.ar\/notas\/wp-json\/wp\/v2\/media?parent=129810"}],"wp:term":[{"taxonomy":"category","embeddable":true,"href":"https:\/\/www.elsindical.com.ar\/notas\/wp-json\/wp\/v2\/categories?post=129810"},{"taxonomy":"post_tag","embeddable":true,"href":"https:\/\/www.elsindical.com.ar\/notas\/wp-json\/wp\/v2\/tags?post=129810"}],"curies":[{"name":"wp","href":"https:\/\/api.w.org\/{rel}","templated":true}]}}