{"id":129798,"date":"2024-04-08T14:28:49","date_gmt":"2024-04-08T17:28:49","guid":{"rendered":"https:\/\/www.elsindical.com.ar\/notas\/?p=129798"},"modified":"2024-04-08T14:28:54","modified_gmt":"2024-04-08T17:28:54","slug":"se-podra-pagar-el-transporte-con-debito-y-credito-mas-negocios-para-los-bancos","status":"publish","type":"post","link":"https:\/\/www.elsindical.com.ar\/notas\/se-podra-pagar-el-transporte-con-debito-y-credito-mas-negocios-para-los-bancos\/","title":{"rendered":"Se podr\u00e1 pagar el transporte con d\u00e9bito y cr\u00e9dito, m\u00e1s negocios para los bancos"},"content":{"rendered":"<div class=\"wp-block-image\">\n<figure class=\"aligncenter size-full is-resized\"><a href=\"https:\/\/www.elsindical.com.ar\/notas\/var\/www\/html\/notas\/wp-content\/uploads\/2016\/05\/sube-subte.jpg\"><img loading=\"lazy\" decoding=\"async\" width=\"531\" height=\"299\" src=\"https:\/\/www.elsindical.com.ar\/notas\/var\/www\/html\/notas\/wp-content\/uploads\/2016\/05\/sube-subte.jpg\" alt=\"\" class=\"wp-image-59243\" style=\"width:755px;height:auto\" srcset=\"https:\/\/www.elsindical.com.ar\/notas\/var\/www\/html\/notas\/wp-content\/uploads\/2016\/05\/sube-subte.jpg 531w, https:\/\/www.elsindical.com.ar\/notas\/var\/www\/html\/notas\/wp-content\/uploads\/2016\/05\/sube-subte-300x169.jpg 300w, https:\/\/www.elsindical.com.ar\/notas\/var\/www\/html\/notas\/wp-content\/uploads\/2016\/05\/sube-subte-500x282.jpg 500w\" sizes=\"auto, (max-width: 531px) 100vw, 531px\" \/><\/a><\/figure>\n<\/div>\n\n\n<p class=\"wp-block-paragraph\">Manuel Adorni anunci\u00f3, sin fecha concreta, que se podr\u00e1 pagar el boleto con tarjetas, adem\u00e1s de la SUBE.<\/p>\n\n\n\n<p class=\"wp-block-paragraph\">El voceo presidencial,&nbsp;Manuel Adorni, anunci\u00f3 que el Gobierno instrument\u00f3&nbsp;el transporte p\u00fablico con cualquier medio de pago, adem\u00e1s de la SUBE.<\/p>\n\n\n\n<p class=\"wp-block-paragraph\">Si bien no hay precisiones respecto a la fecha en la que comenzar\u00e1 a regir, <strong>podr\u00e1 pagarse el boleto del viaje en colectivo, subte o tren a trav\u00e9s de medios de pago&nbsp;contactless&nbsp;(d\u00e9bito, cr\u00e9dito o billeteras virutales).&nbsp;<\/strong><\/p>\n\n\n\n<p class=\"wp-block-paragraph\">\u201c<strong>El Gobierno tom\u00f3 la decisi\u00f3n de liberar el sistema de pago en el transporte p\u00fablico; esto ocurre por supuesto en otras ciudades de del mundo, donde se puede abonar con el tel\u00e9fono o tarjeta de cr\u00e9dito\u201d<\/strong>, sostuvo.<\/p>\n\n\n\n<p class=\"wp-block-paragraph\">En la misma l\u00ednea, aclar\u00f3 que la (tarjeta) \u201c<strong>SUBE no va a dejar de existir<\/strong>, en tal caso, va a ser una de las opciones de los usuarios\u201d. \u201cPara nosotros sigue cumpliendo un rol clave para fiscalizar los servicios que prestan las empresas de colectivos y los gastos que realicen\u201d.<\/p>\n\n\n\n<p class=\"wp-block-paragraph\">Seg\u00fan declar\u00f3, la medida \u201c<strong>no solo significa simplificar un servicio que se cre\u00f3 hace quince a\u00f1os y sigue dependiendo de la carga en un kiosco, sino una federalizaci\u00f3n del sistema\u201d.<\/strong><\/p>\n\n\n\n<p class=\"wp-block-paragraph\">Para concretarla, deber\u00e1 eliminar el&nbsp;decreto 84\/2009,&nbsp;que implement\u00f3 el Sistema \u00danico de Boleto Electr\u00f3nico y que qued\u00f3 a cargo del Banco Naci\u00f3n.<\/p>\n\n\n\n<p class=\"wp-block-paragraph\">Los dispositivos se ubicar\u00e1n en colectivos, estaciones de trenes y subtes, y deber\u00e1n aceptar todas las tarjetas bancarias, de d\u00e9bito, cr\u00e9dito o prepagas,\u00a0por lo que no habr\u00e1 exclusividades de ning\u00fan tipo.<\/p>\n\n\n\n<p class=\"wp-block-paragraph\">Lo que el vocero Adorni no menciona es que el uso de las tarjetas bancarias tienen un costo cada vez que se utilizan, ser\u00eda muy bueno conocer los costos que tendr\u00edan para que los usuarios tengan libre elecci\u00f3n de m\u00e9todo de pago.<\/p>\n","protected":false},"excerpt":{"rendered":"<p>Manuel Adorni anunci\u00f3, sin fecha concreta, que se podr\u00e1 pagar el boleto con tarjetas, adem\u00e1s de la SUBE. El voceo presidencial,&nbsp;Manuel Adorni, anunci\u00f3 que el Gobierno instrument\u00f3&nbsp;el transporte p\u00fablico con cualquier medio de pago, adem\u00e1s de la SUBE. Si bien no hay precisiones respecto a la fecha en la que comenzar\u00e1 a regir, podr\u00e1 pagarse&hellip;<\/p>\n","protected":false},"author":1,"featured_media":59243,"comment_status":"open","ping_status":"open","sticky":false,"template":"","format":"standard","meta":{"footnotes":""},"categories":[9,13],"tags":[42644,2450,8186,18089,6572,3778],"class_list":["post-129798","post","type-post","status-publish","format-standard","has-post-thumbnail","hentry","category-economia","category-politica","tag-costos-bancarios","tag-diario-el-sindical","tag-sube","tag-tarjeta-de-credito","tag-tarjeta-de-debito","tag-viaje"],"_links":{"self":[{"href":"https:\/\/www.elsindical.com.ar\/notas\/wp-json\/wp\/v2\/posts\/129798","targetHints":{"allow":["GET"]}}],"collection":[{"href":"https:\/\/www.elsindical.com.ar\/notas\/wp-json\/wp\/v2\/posts"}],"about":[{"href":"https:\/\/www.elsindical.com.ar\/notas\/wp-json\/wp\/v2\/types\/post"}],"author":[{"embeddable":true,"href":"https:\/\/www.elsindical.com.ar\/notas\/wp-json\/wp\/v2\/users\/1"}],"replies":[{"embeddable":true,"href":"https:\/\/www.elsindical.com.ar\/notas\/wp-json\/wp\/v2\/comments?post=129798"}],"version-history":[{"count":1,"href":"https:\/\/www.elsindical.com.ar\/notas\/wp-json\/wp\/v2\/posts\/129798\/revisions"}],"predecessor-version":[{"id":129799,"href":"https:\/\/www.elsindical.com.ar\/notas\/wp-json\/wp\/v2\/posts\/129798\/revisions\/129799"}],"wp:featuredmedia":[{"embeddable":true,"href":"https:\/\/www.elsindical.com.ar\/notas\/wp-json\/wp\/v2\/media\/59243"}],"wp:attachment":[{"href":"https:\/\/www.elsindical.com.ar\/notas\/wp-json\/wp\/v2\/media?parent=129798"}],"wp:term":[{"taxonomy":"category","embeddable":true,"href":"https:\/\/www.elsindical.com.ar\/notas\/wp-json\/wp\/v2\/categories?post=129798"},{"taxonomy":"post_tag","embeddable":true,"href":"https:\/\/www.elsindical.com.ar\/notas\/wp-json\/wp\/v2\/tags?post=129798"}],"curies":[{"name":"wp","href":"https:\/\/api.w.org\/{rel}","templated":true}]}}