{"id":12976,"date":"2011-03-17T00:24:29","date_gmt":"2011-03-17T03:24:29","guid":{"rendered":"http:\/\/www.elsindical.com.ar\/notas\/?p=12976"},"modified":"2011-03-17T00:24:53","modified_gmt":"2011-03-17T03:24:53","slug":"absolvieron-a-delegado-de-subtes","status":"publish","type":"post","link":"https:\/\/www.elsindical.com.ar\/notas\/absolvieron-a-delegado-de-subtes\/","title":{"rendered":"Absolvieron a delegado de subtes"},"content":{"rendered":"<p style=\"text-align: justify;\"><em><a href=\"http:\/\/www.elsindical.com.ar\/notas\/var\/www\/html\/notas\/wp-content\/uploads\/2011\/03\/N\u00e9stor-Segovia.jpg\"><img loading=\"lazy\" decoding=\"async\" class=\"alignleft size-medium wp-image-12977\" title=\"N\u00e9stor-Segovia\" src=\"http:\/\/www.elsindical.com.ar\/notas\/var\/www\/html\/notas\/wp-content\/uploads\/2011\/03\/N\u00e9stor-Segovia-300x187.jpg\" alt=\"\" width=\"300\" height=\"187\" srcset=\"https:\/\/www.elsindical.com.ar\/notas\/var\/www\/html\/notas\/wp-content\/uploads\/2011\/03\/N\u00e9stor-Segovia-300x187.jpg 300w, https:\/\/www.elsindical.com.ar\/notas\/var\/www\/html\/notas\/wp-content\/uploads\/2011\/03\/N\u00e9stor-Segovia.jpg 413w\" sizes=\"auto, (max-width: 300px) 100vw, 300px\" \/><\/a>El delegado de los trabajadores del subte, N\u00e9stor Segovia, fue sobrese\u00eddo esta tarde en el juicio oral y p\u00fablico que se le sigui\u00f3 por la presunta agresi\u00f3n a empleados de seguridad y supuestos hechos de vandalismo. <\/em><\/p>\n<p style=\"text-align: justify;\">El Juzgado Oral y Correccional 16, compuesto por los jueces Mar\u00eda Cristina B\u00e9rtola, Fernando Larrain y Gustavo Rofrano, eximi\u00f3 al sindicalista de culpa y cargo, luego de que la fiscal\u00eda se abstuviera de acusarlo y pidiese la absoluci\u00f3n.<\/p>\n<p style=\"text-align: justify;\">Segovia, quien denunci\u00f3 \u00abpersecuci\u00f3n\u00bb, fue acusado ante la justicia por la empresa concesionaria del servicio de subterr\u00e1neos, Metrovias, y sometido a juicio por \u00abda\u00f1o agravado, lesiones y amenazas coactivas\u00bb. Poco antes del veredicto, Segovia se mostr\u00f3 confiado en obtener un resultado favorable al manifestar que ten\u00eda \u00abmucha fe\u00bb.<\/p>\n<p style=\"text-align: justify;\">\u00abTenemos a casi 70 compa\u00f1eros denunciados y, si esto sale bien, los trabajadores del subte podr\u00e1n seguir saliendo a pelear por sus derechos\u00bb, sostuvo el delegado gremial, trabajador de los talleres de la l\u00ednea C.<\/p>\n<p style=\"text-align: justify;\">En el juicio a Segovia se ventil\u00f3 si manch\u00f3 con pintura en el rostro al supervisor de seguridad Jos\u00e9 C\u00e1ceres y amenaz\u00f3 a la jefa de vigilancia Ver\u00f3nica S\u00e1nchez Sarina, en medio de una protesta realizada en la estaci\u00f3n Constituci\u00f3n de la l\u00ednea C el 31 de agosto de 2007.<\/p>\n<p style=\"text-align: justify;\">Adem\u00e1s, si hab\u00eda rociado con pintura en aerosol una c\u00e1mara manual y el parabrisas de la cabina de conducci\u00f3n de una formaci\u00f3n del subte durante la misma movilizaci\u00f3n.<\/p>\n<p style=\"text-align: justify;\">Pero nada de ello pudo probarse en el proceso y la fiscal\u00eda termin\u00f3 pidiendo la absoluci\u00f3n, asegur\u00f3 Segovia.<\/p>\n<p style=\"text-align: justify;\">El lunes, el delegado rechaz\u00f3 las acusaciones en su contra en la primera audiencia del juicio, al volver a definirlas como \u00abmentiras\u00bb promovidas por la empresa concesionaria del servicio, Metrov\u00edas.<\/p>\n<p style=\"text-align: justify;\">El gremialista insisti\u00f3 con que esa empresa alent\u00f3 una \u00abpersecuci\u00f3n sindical\u00bb para desprestigiar a la AGTSYP.<\/p>\n<p style=\"text-align: justify;\">Durante la jornada, a las puertas de la sede judicial, en Lavalle 1171, se concentraron en su apoyo manifestantes de la Asociaci\u00f3n Gremial de Trabajadores del Subterr\u00e1neo y el Premetro (AGTSYP) y del MST-Nueva Izquierda.<\/p>\n","protected":false},"excerpt":{"rendered":"<p>El delegado de los trabajadores del subte, N\u00e9stor Segovia, fue sobrese\u00eddo esta tarde en el juicio oral y p\u00fablico que se le sigui\u00f3 por la presunta agresi\u00f3n a empleados de seguridad y supuestos hechos de vandalismo. El Juzgado Oral y Correccional 16, compuesto por los jueces Mar\u00eda Cristina B\u00e9rtola, Fernando Larrain y Gustavo Rofrano, eximi\u00f3&hellip;<\/p>\n","protected":false},"author":1,"featured_media":0,"comment_status":"open","ping_status":"open","sticky":false,"template":"","format":"standard","meta":{"footnotes":""},"categories":[20],"tags":[523,41,350,4317,876],"class_list":["post-12976","post","type-post","status-publish","format-standard","hentry","category-judiciales","tag-delegado","tag-justicia","tag-metrovias","tag-nestor-segovia","tag-subte"],"_links":{"self":[{"href":"https:\/\/www.elsindical.com.ar\/notas\/wp-json\/wp\/v2\/posts\/12976","targetHints":{"allow":["GET"]}}],"collection":[{"href":"https:\/\/www.elsindical.com.ar\/notas\/wp-json\/wp\/v2\/posts"}],"about":[{"href":"https:\/\/www.elsindical.com.ar\/notas\/wp-json\/wp\/v2\/types\/post"}],"author":[{"embeddable":true,"href":"https:\/\/www.elsindical.com.ar\/notas\/wp-json\/wp\/v2\/users\/1"}],"replies":[{"embeddable":true,"href":"https:\/\/www.elsindical.com.ar\/notas\/wp-json\/wp\/v2\/comments?post=12976"}],"version-history":[{"count":2,"href":"https:\/\/www.elsindical.com.ar\/notas\/wp-json\/wp\/v2\/posts\/12976\/revisions"}],"predecessor-version":[{"id":12979,"href":"https:\/\/www.elsindical.com.ar\/notas\/wp-json\/wp\/v2\/posts\/12976\/revisions\/12979"}],"wp:attachment":[{"href":"https:\/\/www.elsindical.com.ar\/notas\/wp-json\/wp\/v2\/media?parent=12976"}],"wp:term":[{"taxonomy":"category","embeddable":true,"href":"https:\/\/www.elsindical.com.ar\/notas\/wp-json\/wp\/v2\/categories?post=12976"},{"taxonomy":"post_tag","embeddable":true,"href":"https:\/\/www.elsindical.com.ar\/notas\/wp-json\/wp\/v2\/tags?post=12976"}],"curies":[{"name":"wp","href":"https:\/\/api.w.org\/{rel}","templated":true}]}}