{"id":129702,"date":"2024-04-04T13:04:56","date_gmt":"2024-04-04T16:04:56","guid":{"rendered":"https:\/\/www.elsindical.com.ar\/notas\/?p=129702"},"modified":"2024-04-04T13:05:02","modified_gmt":"2024-04-04T16:05:02","slug":"milei-decide-borrarse-por-completo-ante-la-epidemia-de-dengue-mas-grave-de-la-historia","status":"publish","type":"post","link":"https:\/\/www.elsindical.com.ar\/notas\/milei-decide-borrarse-por-completo-ante-la-epidemia-de-dengue-mas-grave-de-la-historia\/","title":{"rendered":"\u201cMilei decide borrarse por completo ante la epidemia de Dengue m\u00e1s grave de la historia\u201d"},"content":{"rendered":"<div class=\"wp-block-image\">\n<figure class=\"aligncenter size-full is-resized\"><a href=\"https:\/\/www.elsindical.com.ar\/notas\/var\/www\/html\/notas\/wp-content\/uploads\/2024\/04\/Milei-Dengue.png\"><img loading=\"lazy\" decoding=\"async\" width=\"728\" height=\"410\" src=\"https:\/\/www.elsindical.com.ar\/notas\/var\/www\/html\/notas\/wp-content\/uploads\/2024\/04\/Milei-Dengue.png\" alt=\"\" class=\"wp-image-129703\" style=\"width:830px;height:auto\" srcset=\"https:\/\/www.elsindical.com.ar\/notas\/var\/www\/html\/notas\/wp-content\/uploads\/2024\/04\/Milei-Dengue.png 728w, https:\/\/www.elsindical.com.ar\/notas\/var\/www\/html\/notas\/wp-content\/uploads\/2024\/04\/Milei-Dengue-300x169.png 300w, https:\/\/www.elsindical.com.ar\/notas\/var\/www\/html\/notas\/wp-content\/uploads\/2024\/04\/Milei-Dengue-500x282.png 500w, https:\/\/www.elsindical.com.ar\/notas\/var\/www\/html\/notas\/wp-content\/uploads\/2024\/04\/Milei-Dengue-460x260.png 460w\" sizes=\"auto, (max-width: 728px) 100vw, 728px\" \/><\/a><\/figure>\n<\/div>\n\n\n<p>El gobernador Axel Kicillof renov\u00f3 cr\u00edticas por la inacci\u00f3n del Gobierno Nacional ante la epidemia de dengue.<\/p>\n\n\n\n<p>El gobernador de la provincia de Buenos Aires, <strong>Axel Kicillof<\/strong>, advirti\u00f3 que el presidente Javier Milei \u201cdecide borrarse por completo\u201d frente a la epidemia de dengue, que ya se cobr\u00f3 31 vidas en la Provincia.<\/p>\n\n\n\n<p><strong>\u201cParece broma, pero es muy serio. Y muy grave. Un presidente inspirado en una ideolog\u00eda o un credo \u00b4liberal libertario\u00b4, \u00b4anarcocapitalista\u00b4, \u00b4de la Escuela austriaca del siglo XIX\u00b4 que nunca se aplic\u00f3 en ning\u00fan lado, \u00b4decide\u00b4 borrarse por completo ante la epidemia de Dengue m\u00e1s grave de la historia\u201d<\/strong>, alerta Kicillof.<\/p>\n\n\n\n<p>Y agrega: \u201cAh, mientras tanto sostiene que va a fundir a las provincias porque no le aprueban su DNU inconstitucional y las leyes destructivas que ni siquiera escribi\u00f3 su Gobierno\u201d.<\/p>\n\n\n\n<h2 class=\"wp-block-heading\">El dengue en la Provincia<\/h2>\n\n\n\n<p>Vale destacar que Buenos Aires atraviesa la epidemia de dengue y los casos registrados aumentan, al igual que en todas las provincias del pa\u00eds.<\/p>\n\n\n\n<p>Seg\u00fan indic\u00f3 el bolet\u00edn epidemiol\u00f3gico provincial, durante la temporada actual <strong>se registraron 46.035 casos positivos, 31 los fallecidos<\/strong> y casi 600 casos que presentan signos de alarma.<\/p>\n\n\n\n<p>Son 400 los casos probables, y m\u00e1s de 14 mil que contin\u00faan siendo estudiados.<\/p>\n\n\n\n<p><\/p>\n","protected":false},"excerpt":{"rendered":"<p>El gobernador Axel Kicillof renov\u00f3 cr\u00edticas por la inacci\u00f3n del Gobierno Nacional ante la epidemia de dengue. El gobernador de la provincia de Buenos Aires, Axel Kicillof, advirti\u00f3 que el presidente Javier Milei \u201cdecide borrarse por completo\u201d frente a la epidemia de dengue, que ya se cobr\u00f3 31 vidas en la Provincia. \u201cParece broma, pero&hellip;<\/p>\n","protected":false},"author":1,"featured_media":129703,"comment_status":"open","ping_status":"open","sticky":false,"template":"","format":"standard","meta":{"footnotes":""},"categories":[13,23],"tags":[13798,8683,2450,15021,28812,22031],"class_list":["post-129702","post","type-post","status-publish","format-standard","has-post-thumbnail","hentry","category-politica","category-salud","tag-axel-kicillof","tag-dengue","tag-diario-el-sindical","tag-epidemia","tag-javier-milei","tag-salud"],"_links":{"self":[{"href":"https:\/\/www.elsindical.com.ar\/notas\/wp-json\/wp\/v2\/posts\/129702","targetHints":{"allow":["GET"]}}],"collection":[{"href":"https:\/\/www.elsindical.com.ar\/notas\/wp-json\/wp\/v2\/posts"}],"about":[{"href":"https:\/\/www.elsindical.com.ar\/notas\/wp-json\/wp\/v2\/types\/post"}],"author":[{"embeddable":true,"href":"https:\/\/www.elsindical.com.ar\/notas\/wp-json\/wp\/v2\/users\/1"}],"replies":[{"embeddable":true,"href":"https:\/\/www.elsindical.com.ar\/notas\/wp-json\/wp\/v2\/comments?post=129702"}],"version-history":[{"count":1,"href":"https:\/\/www.elsindical.com.ar\/notas\/wp-json\/wp\/v2\/posts\/129702\/revisions"}],"predecessor-version":[{"id":129704,"href":"https:\/\/www.elsindical.com.ar\/notas\/wp-json\/wp\/v2\/posts\/129702\/revisions\/129704"}],"wp:featuredmedia":[{"embeddable":true,"href":"https:\/\/www.elsindical.com.ar\/notas\/wp-json\/wp\/v2\/media\/129703"}],"wp:attachment":[{"href":"https:\/\/www.elsindical.com.ar\/notas\/wp-json\/wp\/v2\/media?parent=129702"}],"wp:term":[{"taxonomy":"category","embeddable":true,"href":"https:\/\/www.elsindical.com.ar\/notas\/wp-json\/wp\/v2\/categories?post=129702"},{"taxonomy":"post_tag","embeddable":true,"href":"https:\/\/www.elsindical.com.ar\/notas\/wp-json\/wp\/v2\/tags?post=129702"}],"curies":[{"name":"wp","href":"https:\/\/api.w.org\/{rel}","templated":true}]}}