{"id":129697,"date":"2024-04-03T14:04:26","date_gmt":"2024-04-03T17:04:26","guid":{"rendered":"https:\/\/www.elsindical.com.ar\/notas\/?p=129697"},"modified":"2024-04-03T14:04:32","modified_gmt":"2024-04-03T17:04:32","slug":"como-acceder-a-los-vouchers-educativos-de-escuelas-privadas","status":"publish","type":"post","link":"https:\/\/www.elsindical.com.ar\/notas\/como-acceder-a-los-vouchers-educativos-de-escuelas-privadas\/","title":{"rendered":"C\u00f3mo acceder a los vouchers educativos de escuelas privadas"},"content":{"rendered":"\n<figure class=\"wp-block-image size-full\"><a href=\"https:\/\/www.elsindical.com.ar\/notas\/var\/www\/html\/notas\/wp-content\/uploads\/2024\/04\/escuelas-privadas.jpg\"><img loading=\"lazy\" decoding=\"async\" width=\"913\" height=\"514\" src=\"https:\/\/www.elsindical.com.ar\/notas\/var\/www\/html\/notas\/wp-content\/uploads\/2024\/04\/escuelas-privadas.jpg\" alt=\"\" class=\"wp-image-129698\" srcset=\"https:\/\/www.elsindical.com.ar\/notas\/var\/www\/html\/notas\/wp-content\/uploads\/2024\/04\/escuelas-privadas.jpg 913w, https:\/\/www.elsindical.com.ar\/notas\/var\/www\/html\/notas\/wp-content\/uploads\/2024\/04\/escuelas-privadas-300x169.jpg 300w, https:\/\/www.elsindical.com.ar\/notas\/var\/www\/html\/notas\/wp-content\/uploads\/2024\/04\/escuelas-privadas-768x432.jpg 768w, https:\/\/www.elsindical.com.ar\/notas\/var\/www\/html\/notas\/wp-content\/uploads\/2024\/04\/escuelas-privadas-500x281.jpg 500w, https:\/\/www.elsindical.com.ar\/notas\/var\/www\/html\/notas\/wp-content\/uploads\/2024\/04\/escuelas-privadas-460x260.jpg 460w\" sizes=\"auto, (max-width: 913px) 100vw, 913px\" \/><\/a><\/figure>\n\n\n\n<p>El beneficio consiste en recibir el 50% del valor del arancel de jornada simple, excluyendo actividades extraprogram\u00e1ticas, correspondiente a mayo, junio y julio, basado en la cuota base de marzo de 2024.\u00a0<\/p>\n\n\n\n<p>El Gobierno anunci\u00f3 el inicio de la inscripci\u00f3n para el programa de\u00a0<strong>Vouchers Educativos,<\/strong>\u00a0que brinda asistencia a las familias con hijos en edad escolar que asistan a escuelas privadas. As\u00ed lo inform\u00f3 el vocero presidencial,\u00a0<strong>Manuel Adorni<\/strong>, quien precis\u00f3 que la inscripci\u00f3n debe hacerse a trav\u00e9s de la web\u00a0<a href=\"https:\/\/www.argentina.gob.ar\/vouchers-educativos\" target=\"_blank\" rel=\"noreferrer noopener\">www.argentina.gob.ar\/vouchers-educativos.<\/a><\/p>\n\n\n\n<p>El Ministerio de Capital Humano, a trav\u00e9s de la Secretar\u00eda de Educaci\u00f3n,<strong>&nbsp;proporciona una subvenci\u00f3n del 75% o m\u00e1s y una cuota m\u00e1xima de $54.396, y cada voucher tiene un tope de $27.198 por hijo.<\/strong><\/p>\n\n\n\n<p>Las familias interesadas en acceder a este programa deber\u00e1n completar un formulario disponible en argentina.gob.ar,&nbsp;<strong>desde el 3 hasta el 30 de abril<\/strong>. En este formulario se solicitar\u00e1 la inclusi\u00f3n del CBU donde se acreditar\u00e1 el dinero,<strong> as\u00ed como la informaci\u00f3n del establecimiento educativo al que asisten sus hijos.<\/strong><\/p>\n\n\n\n<p>El beneficio consiste en recibir el 50% del valor del arancel de jornada simple, excluyendo actividades extraprogram\u00e1ticas, <strong>correspondiente a mayo, junio y julio, basado en la cuota base de marzo de 2024.&nbsp;<\/strong><\/p>\n\n\n\n<p>De acuerdo con datos preliminares de la Secretar\u00eda de Educaci\u00f3n, se estima que cerca de 2 millones de estudiantes de m\u00e1s de 6 mil escuelas en todo el pa\u00eds podr\u00edan beneficiarse, siempre que sus padres tengan un ingreso familiar inferior a 7 veces el Salario M\u00ednimo Vital y M\u00f3vil, seg\u00fan lo establecido en el&nbsp;Consejo del Salario.<\/p>\n\n\n\n<p>A pesar de que a primera hora&nbsp;de la ma\u00f1ana&nbsp;<strong>la p\u00e1gina web para solicitar el beneficio permanec\u00eda ca\u00edda<\/strong>, el Ministerio de Capital Humano pudo regularizar la situaci\u00f3n. Las redes sociales fueron foco de quejas de usuarios imposibilitados a realizar el tr\u00e1mite virtual.<\/p>\n","protected":false},"excerpt":{"rendered":"<p>El beneficio consiste en recibir el 50% del valor del arancel de jornada simple, excluyendo actividades extraprogram\u00e1ticas, correspondiente a mayo, junio y julio, basado en la cuota base de marzo de 2024.\u00a0 El Gobierno anunci\u00f3 el inicio de la inscripci\u00f3n para el programa de\u00a0Vouchers Educativos,\u00a0que brinda asistencia a las familias con hijos en edad escolar&hellip;<\/p>\n","protected":false},"author":1,"featured_media":129698,"comment_status":"open","ping_status":"open","sticky":false,"template":"","format":"standard","meta":{"footnotes":""},"categories":[9],"tags":[22746,2450,22023,761,42202,42618],"class_list":["post-129697","post","type-post","status-publish","format-standard","has-post-thumbnail","hentry","category-economia","tag-cbu","tag-diario-el-sindical","tag-economia","tag-gobierno-nacional","tag-ministerio-de-capital-humano","tag-vouchers-educativos"],"_links":{"self":[{"href":"https:\/\/www.elsindical.com.ar\/notas\/wp-json\/wp\/v2\/posts\/129697","targetHints":{"allow":["GET"]}}],"collection":[{"href":"https:\/\/www.elsindical.com.ar\/notas\/wp-json\/wp\/v2\/posts"}],"about":[{"href":"https:\/\/www.elsindical.com.ar\/notas\/wp-json\/wp\/v2\/types\/post"}],"author":[{"embeddable":true,"href":"https:\/\/www.elsindical.com.ar\/notas\/wp-json\/wp\/v2\/users\/1"}],"replies":[{"embeddable":true,"href":"https:\/\/www.elsindical.com.ar\/notas\/wp-json\/wp\/v2\/comments?post=129697"}],"version-history":[{"count":1,"href":"https:\/\/www.elsindical.com.ar\/notas\/wp-json\/wp\/v2\/posts\/129697\/revisions"}],"predecessor-version":[{"id":129699,"href":"https:\/\/www.elsindical.com.ar\/notas\/wp-json\/wp\/v2\/posts\/129697\/revisions\/129699"}],"wp:featuredmedia":[{"embeddable":true,"href":"https:\/\/www.elsindical.com.ar\/notas\/wp-json\/wp\/v2\/media\/129698"}],"wp:attachment":[{"href":"https:\/\/www.elsindical.com.ar\/notas\/wp-json\/wp\/v2\/media?parent=129697"}],"wp:term":[{"taxonomy":"category","embeddable":true,"href":"https:\/\/www.elsindical.com.ar\/notas\/wp-json\/wp\/v2\/categories?post=129697"},{"taxonomy":"post_tag","embeddable":true,"href":"https:\/\/www.elsindical.com.ar\/notas\/wp-json\/wp\/v2\/tags?post=129697"}],"curies":[{"name":"wp","href":"https:\/\/api.w.org\/{rel}","templated":true}]}}