{"id":129637,"date":"2024-04-01T14:32:14","date_gmt":"2024-04-01T17:32:14","guid":{"rendered":"https:\/\/www.elsindical.com.ar\/notas\/?p=129637"},"modified":"2024-04-01T14:32:20","modified_gmt":"2024-04-01T17:32:20","slug":"los-aumentos-que-llegan-en-abril","status":"publish","type":"post","link":"https:\/\/www.elsindical.com.ar\/notas\/los-aumentos-que-llegan-en-abril\/","title":{"rendered":"Los aumentos que llegan en abril"},"content":{"rendered":"\n<figure class=\"wp-block-image size-large\"><a href=\"https:\/\/www.elsindical.com.ar\/notas\/var\/www\/html\/notas\/wp-content\/uploads\/2017\/08\/aumentos-tarifas-y-servicios.jpg\"><img loading=\"lazy\" decoding=\"async\" width=\"1024\" height=\"613\" src=\"https:\/\/www.elsindical.com.ar\/notas\/var\/www\/html\/notas\/wp-content\/uploads\/2017\/08\/aumentos-tarifas-y-servicios-1024x613.jpg\" alt=\"\" class=\"wp-image-71399\" srcset=\"https:\/\/www.elsindical.com.ar\/notas\/var\/www\/html\/notas\/wp-content\/uploads\/2017\/08\/aumentos-tarifas-y-servicios.jpg 1024w, https:\/\/www.elsindical.com.ar\/notas\/var\/www\/html\/notas\/wp-content\/uploads\/2017\/08\/aumentos-tarifas-y-servicios-300x180.jpg 300w, https:\/\/www.elsindical.com.ar\/notas\/var\/www\/html\/notas\/wp-content\/uploads\/2017\/08\/aumentos-tarifas-y-servicios-768x460.jpg 768w, https:\/\/www.elsindical.com.ar\/notas\/var\/www\/html\/notas\/wp-content\/uploads\/2017\/08\/aumentos-tarifas-y-servicios-500x300.jpg 500w\" sizes=\"auto, (max-width: 1024px) 100vw, 1024px\" \/><\/a><\/figure>\n\n\n\n<p>Agua, gas y combustibles son algunos de los aumentos que llegan en abril.<\/p>\n\n\n\n<p><strong>Comenz\u00f3 abril y con este mes llegan aumentos<\/strong> en distintos servicios, tales como el agua y el gas, pero tambi\u00e9n debe contemplarse el aumento del transporte (para los que no tengan registrada la SUBE).<\/p>\n\n\n\n<p>Por un lado, para aquellos pasajeros que no hayan registrado la tarjeta SUBE, el boleto m\u00ednimo de <strong>colectivo <\/strong>pasa a 429,30 pesos y el del <strong>tren <\/strong>llega a los 260. En los micros de corta distancia, el tramo m\u00e1s largo podr\u00eda llegar a valer hasta 589,54 pesos.<\/p>\n\n\n\n<p>Adem\u00e1s, el personal dom\u00e9stico que cobra por mes y que en los primeros d\u00edas de abril deben recibir el sueldo de marzo tendr\u00e1n un incremento del 15 por ciento.<\/p>\n\n\n\n<p>Asimismo, la <strong>medicina prepaga<\/strong> tendr\u00e1 su cuarto aumento consecutivo por encima de los dos d\u00edgitos. Ser\u00e1 de entre 16 y 19 por ciento, seg\u00fan la empresa.<\/p>\n\n\n\n<p>Tambi\u00e9n aumentan la <strong>nafta y el gasoil <\/strong>por la suba de los impuestos que se hab\u00edan congelado durante la gesti\u00f3n anterior. Las petroleras tambi\u00e9n aplicar\u00edan un incremento que compense la devaluaci\u00f3n mensual del peso contra el d\u00f3lar (+2% en el tipo de cambio oficial).<\/p>\n\n\n\n<p>Por otro lado, aumenta la tarifa de <strong>gas <\/strong>ya que habr\u00e1 un\u00a0ajuste\u00a0que abarcar\u00e1 tanto el precio del gas en s\u00ed mismo, como en el transporte y distribuci\u00f3n, aunque por ahora solo se conocen los detalles del primer caso. En cuanto al gas en s\u00ed, los hogares de altos ingresos (denominados N1) tendr\u00e1n un incremento del 179 por ciento, de 33,09 a 92,33 pesos por metro c\u00fabico en Buenos Aires.<\/p>\n\n\n\n<p>El <strong>agua <\/strong>podr\u00eda&nbsp;subir&nbsp;un 209% durante el cuarto mes del a\u00f1o en el \u00e1rea metropolitana que controla Aysa, aunque se podr\u00eda correr la actualizaci\u00f3n para mayo.<\/p>\n\n\n\n<p>Todos los <strong>alquileres <\/strong>de vivienda que se hayan iniciado entre julio de 2020 y el 17 de octubre de 2023 y est\u00e1n regidos por la ley 27.551, tienen un \u00fanico ajuste anual determinado por un \u00edndice oficial que ser\u00e1 de 197,7 por ciento.<\/p>\n\n\n\n<p>Adem\u00e1s, se habilitaron incrementos\u00a0promedio del 9% en Ciudad y 4,7% en Provincia para los <strong>institutos de ense\u00f1anza privada subsidiados <\/strong>de esas jurisdicciones.<\/p>\n\n\n\n<p>En tanto, los <strong>peajes <\/strong>de rutas nacionales y algunos accesos a la Ciudad de Buenos Aires&nbsp;aumentar\u00e1n&nbsp;un 200 por ciento.&nbsp;Con la actualizaci\u00f3n, la tarifa m\u00ednima en hora pico para los autos ser\u00e1 de 900 pesos.<\/p>\n","protected":false},"excerpt":{"rendered":"<p>Agua, gas y combustibles son algunos de los aumentos que llegan en abril. Comenz\u00f3 abril y con este mes llegan aumentos en distintos servicios, tales como el agua y el gas, pero tambi\u00e9n debe contemplarse el aumento del transporte (para los que no tengan registrada la SUBE). Por un lado, para aquellos pasajeros que no&hellip;<\/p>\n","protected":false},"author":1,"featured_media":71399,"comment_status":"open","ping_status":"open","sticky":false,"template":"","format":"standard","meta":{"footnotes":""},"categories":[9],"tags":[1923,2115,42598,7585,2450,24311,2398,8491,11564],"class_list":["post-129637","post","type-post","status-publish","format-standard","has-post-thumbnail","hentry","category-economia","tag-agua","tag-alquileres","tag-aumentos-de-tarifas","tag-combustibles","tag-diario-el-sindical","tag-medicina-prepaga","tag-peajes","tag-telefonia","tag-transporte"],"_links":{"self":[{"href":"https:\/\/www.elsindical.com.ar\/notas\/wp-json\/wp\/v2\/posts\/129637","targetHints":{"allow":["GET"]}}],"collection":[{"href":"https:\/\/www.elsindical.com.ar\/notas\/wp-json\/wp\/v2\/posts"}],"about":[{"href":"https:\/\/www.elsindical.com.ar\/notas\/wp-json\/wp\/v2\/types\/post"}],"author":[{"embeddable":true,"href":"https:\/\/www.elsindical.com.ar\/notas\/wp-json\/wp\/v2\/users\/1"}],"replies":[{"embeddable":true,"href":"https:\/\/www.elsindical.com.ar\/notas\/wp-json\/wp\/v2\/comments?post=129637"}],"version-history":[{"count":1,"href":"https:\/\/www.elsindical.com.ar\/notas\/wp-json\/wp\/v2\/posts\/129637\/revisions"}],"predecessor-version":[{"id":129638,"href":"https:\/\/www.elsindical.com.ar\/notas\/wp-json\/wp\/v2\/posts\/129637\/revisions\/129638"}],"wp:featuredmedia":[{"embeddable":true,"href":"https:\/\/www.elsindical.com.ar\/notas\/wp-json\/wp\/v2\/media\/71399"}],"wp:attachment":[{"href":"https:\/\/www.elsindical.com.ar\/notas\/wp-json\/wp\/v2\/media?parent=129637"}],"wp:term":[{"taxonomy":"category","embeddable":true,"href":"https:\/\/www.elsindical.com.ar\/notas\/wp-json\/wp\/v2\/categories?post=129637"},{"taxonomy":"post_tag","embeddable":true,"href":"https:\/\/www.elsindical.com.ar\/notas\/wp-json\/wp\/v2\/tags?post=129637"}],"curies":[{"name":"wp","href":"https:\/\/api.w.org\/{rel}","templated":true}]}}