{"id":12963,"date":"2011-03-15T16:37:29","date_gmt":"2011-03-15T19:37:29","guid":{"rendered":"http:\/\/www.elsindical.com.ar\/notas\/?p=12963"},"modified":"2011-03-15T16:37:29","modified_gmt":"2011-03-15T19:37:29","slug":"mafalda-cumple-49-anos","status":"publish","type":"post","link":"https:\/\/www.elsindical.com.ar\/notas\/mafalda-cumple-49-anos\/","title":{"rendered":"Mafalda cumple 49 a\u00f1os"},"content":{"rendered":"<p style=\"text-align: justify;\"><em><a href=\"http:\/\/www.elsindical.com.ar\/notas\/var\/www\/html\/notas\/wp-content\/uploads\/2011\/03\/Mafalda-cumplea\u00f1os.jpg\"><img loading=\"lazy\" decoding=\"async\" class=\"alignleft size-medium wp-image-12964\" title=\"Mafalda-cumplea\u00f1os\" src=\"http:\/\/www.elsindical.com.ar\/notas\/var\/www\/html\/notas\/wp-content\/uploads\/2011\/03\/Mafalda-cumplea\u00f1os-284x300.jpg\" alt=\"\" width=\"284\" height=\"300\" srcset=\"https:\/\/www.elsindical.com.ar\/notas\/var\/www\/html\/notas\/wp-content\/uploads\/2011\/03\/Mafalda-cumplea\u00f1os-284x300.jpg 284w, https:\/\/www.elsindical.com.ar\/notas\/var\/www\/html\/notas\/wp-content\/uploads\/2011\/03\/Mafalda-cumplea\u00f1os.jpg 325w\" sizes=\"auto, (max-width: 284px) 100vw, 284px\" \/><\/a>Naci\u00f3 el 15 de marzo de 1962. Apareci\u00f3 por primera vez en papel en 1964 en Primera Plana.<\/em><\/p>\n<p style=\"text-align: justify;\">\u00ab\u00a1Paren el mundo, me quiero bajar!\u00bb es quiz\u00e1s una de las frases m\u00e1s famosas de Mafalda, esa ni\u00f1a incisiva e ir\u00f3nica que supo ganarse el coraz\u00f3n de los argentinos y que hoy est\u00e1 de festejo.<\/p>\n<p style=\"text-align: justify;\">Son casi 50 a\u00f1os desde ese 15 de marzo en que Mafalda surgi\u00f3 del trazo de su creador, Joaqu\u00edn Lavado -m\u00e1s conocido como Quino.<\/p>\n<p style=\"text-align: justify;\">Seg\u00fan sus versiones, esta ni\u00f1a surgi\u00f3 cuando le encargaron que creara un personaje para una campa\u00f1a publicitaria de una empresa de electrodom\u00e9sticos. \u00abLa agencia quer\u00eda una tira con ciertas caracter\u00edsticas: t\u00edpica familia media y que un personaje tuviera el nombre con dos letras de la marca: una M y una A\u00bb, se lee en el sitio oficial del creador.<\/p>\n<p style=\"text-align: justify;\">Mafalda tiene otra explicaci\u00f3n, quiz\u00e1s m\u00e1s rom\u00e1ntica, que es la que se lee en una carta que el personaje dirigi\u00f3 al editor de la revista Siete D\u00edas a modo de presentaci\u00f3n: \u00abEl nombre que me pusieron (mis padres) fue en homenaje a una pibita que trabajaba en la pel\u00edcula Dar la cara, que se hizo leyendo el libro del escritor David Vi\u00f1as\u00bb.<\/p>\n<p style=\"text-align: justify;\">La campa\u00f1a nunca se hizo y la peque\u00f1a \u00abenfant terrible\u00bb descans\u00f3 en alg\u00fan caj\u00f3n del humorista. Un a\u00f1o m\u00e1s tarde, m\u00e1s precisamente el 22 de septiembre de 1964, se empez\u00f3 a publicar la historieta en el semanal informativo Primera Plana.<\/p>\n<p style=\"text-align: justify;\">Seg\u00fan explica Quino en su p\u00e1gina, le pidieron \u00abuna colaboraci\u00f3n fija, sat\u00edrica pero innovadora\u00bb.En ese momento, los \u00fanicos personajes que aparecieron en la tira fueron Mafalda y su pap\u00e1.<\/p>\n<p style=\"text-align: justify;\">Era la Argentina de Illia, en el mundo aumentaban el n\u00famero de pa\u00edses que adher\u00eda al bloqueo de Estados Unidos a Cuba y los Beatles estaban en pleno apogeo. Todos estos temas eran analizados por la cuestionadora y brillante Mafalda.<\/p>\n<p style=\"text-align: justify;\">En el 65 la tira pasa a El Mundo, y permanece all\u00ed hasta su cierre en el a\u00f1o 67. Al a\u00f1o siguiente vuelve a publicarse en el semanario Siete D\u00edas. Su primera aparici\u00f3n arranca con una carta que ella le dirige al editor en la cual comparte su \u00abcurr\u00edculum\u00bb de vida.<\/p>\n<p style=\"text-align: justify;\">Entre otras cosas dice que le gusta \u00ableer, escuchar los noticiosos, mirar la TV (menos las series), jugar al ajedrez, al bowling y a las hamacas\u00bb. Y cuenta que entre las cosas que no le gustan est\u00e1n \u00abprimero, la sopa, despu\u00e9s, que me pregunten si quiero m\u00e1s a mi pap\u00e1 o a mi mam\u00e1, el calor y la violencia\u00bb.<\/p>\n<p style=\"text-align: justify;\">Para ese entonces se hab\u00edan sumado muchos personajes m\u00e1s a la tira: la mam\u00e1 de Mafalda; Felipe, el eterno so\u00f1ador; Manolito; Susanita, representante, quiz\u00e1s, de las aspiraciones de la t\u00edpica mujer de clase media; el impredecible Miguelito y el hermanito de la protagonista, Guille.<\/p>\n<p style=\"text-align: justify;\">Los 60 fueron a\u00f1os intensos que el famoso personaje de Quino supo analizar con agudeza y humor. \u00abM\u00e1s que planeta, \u00e9ste es un inmenso conventillo espacial\u00bb, es una de las conclusiones a las que lleg\u00f3 Mafalda.<\/p>\n<p style=\"text-align: justify;\">Su principal preocupaci\u00f3n era la falta de paz en el mundo. \u00abNo es que no haya bondad, lo que pasa es que est\u00e1 de inc\u00f3gnito\u00bb, reflexion\u00f3 alguna vez con iron\u00eda.<\/p>\n<p style=\"text-align: justify;\">Idealista y ut\u00f3pica por naturaleza, no paraba de idear formas para convertir al mundo en un lugar mejor. \u00abCuando sea grande voy a trabajar de int\u00e9rprete en la ONU y cuando un delegado le diga a otro que su pa\u00eds es un asco yo voy a traducir que su pa\u00eds es un encanto y, claro, nadie podr\u00e1 pelearse\u00bb, confes\u00f3 desde una de las vi\u00f1etas.<\/p>\n<p style=\"text-align: justify;\">La \u00faltima tira se public\u00f3 el 25 de junio de 1973. Mafalda se despidi\u00f3 con esta frase: \u00abDice el director que bueno, que a partir de hoy podemos darle un descanso a los lectores, pero que si alguno de nosotros se mudare, trasladare y\/o apareciere en otra revista y\/o diario, \u00e9l a patas nos agarrare\u00bb.<\/p>\n","protected":false},"excerpt":{"rendered":"<p>Naci\u00f3 el 15 de marzo de 1962. Apareci\u00f3 por primera vez en papel en 1964 en Primera Plana. \u00ab\u00a1Paren el mundo, me quiero bajar!\u00bb es quiz\u00e1s una de las frases m\u00e1s famosas de Mafalda, esa ni\u00f1a incisiva e ir\u00f3nica que supo ganarse el coraz\u00f3n de los argentinos y que hoy est\u00e1 de festejo. Son casi&hellip;<\/p>\n","protected":false},"author":1,"featured_media":0,"comment_status":"open","ping_status":"open","sticky":false,"template":"","format":"standard","meta":{"footnotes":""},"categories":[25],"tags":[3477,718,6197,6196,711],"class_list":["post-12963","post","type-post","status-publish","format-standard","hentry","category-sociedad","tag-argentinos","tag-cumpleanos","tag-famosa","tag-frases","tag-mafalda"],"_links":{"self":[{"href":"https:\/\/www.elsindical.com.ar\/notas\/wp-json\/wp\/v2\/posts\/12963","targetHints":{"allow":["GET"]}}],"collection":[{"href":"https:\/\/www.elsindical.com.ar\/notas\/wp-json\/wp\/v2\/posts"}],"about":[{"href":"https:\/\/www.elsindical.com.ar\/notas\/wp-json\/wp\/v2\/types\/post"}],"author":[{"embeddable":true,"href":"https:\/\/www.elsindical.com.ar\/notas\/wp-json\/wp\/v2\/users\/1"}],"replies":[{"embeddable":true,"href":"https:\/\/www.elsindical.com.ar\/notas\/wp-json\/wp\/v2\/comments?post=12963"}],"version-history":[{"count":2,"href":"https:\/\/www.elsindical.com.ar\/notas\/wp-json\/wp\/v2\/posts\/12963\/revisions"}],"predecessor-version":[{"id":12966,"href":"https:\/\/www.elsindical.com.ar\/notas\/wp-json\/wp\/v2\/posts\/12963\/revisions\/12966"}],"wp:attachment":[{"href":"https:\/\/www.elsindical.com.ar\/notas\/wp-json\/wp\/v2\/media?parent=12963"}],"wp:term":[{"taxonomy":"category","embeddable":true,"href":"https:\/\/www.elsindical.com.ar\/notas\/wp-json\/wp\/v2\/categories?post=12963"},{"taxonomy":"post_tag","embeddable":true,"href":"https:\/\/www.elsindical.com.ar\/notas\/wp-json\/wp\/v2\/tags?post=12963"}],"curies":[{"name":"wp","href":"https:\/\/api.w.org\/{rel}","templated":true}]}}