{"id":129595,"date":"2024-03-29T21:11:10","date_gmt":"2024-03-30T00:11:10","guid":{"rendered":"https:\/\/www.elsindical.com.ar\/notas\/?p=129595"},"modified":"2024-03-29T21:33:35","modified_gmt":"2024-03-30T00:33:35","slug":"despidos-y-la-andis-en-peligro","status":"publish","type":"post","link":"https:\/\/www.elsindical.com.ar\/notas\/despidos-y-la-andis-en-peligro\/","title":{"rendered":"Despidos y la ANDIS en peligro"},"content":{"rendered":"<div class=\"wp-block-image\">\n<figure class=\"aligncenter size-large is-resized\"><a href=\"https:\/\/www.elsindical.com.ar\/notas\/var\/www\/html\/notas\/wp-content\/uploads\/2024\/03\/Natalia-Tesone.jpg\"><img loading=\"lazy\" decoding=\"async\" width=\"576\" height=\"1024\" src=\"https:\/\/www.elsindical.com.ar\/notas\/var\/www\/html\/notas\/wp-content\/uploads\/2024\/03\/Natalia-Tesone-576x1024.jpg\" alt=\"\" class=\"wp-image-129596\" style=\"width:326px;height:auto\" srcset=\"https:\/\/www.elsindical.com.ar\/notas\/var\/www\/html\/notas\/wp-content\/uploads\/2024\/03\/Natalia-Tesone-576x1024.jpg 576w, https:\/\/www.elsindical.com.ar\/notas\/var\/www\/html\/notas\/wp-content\/uploads\/2024\/03\/Natalia-Tesone-169x300.jpg 169w, https:\/\/www.elsindical.com.ar\/notas\/var\/www\/html\/notas\/wp-content\/uploads\/2024\/03\/Natalia-Tesone.jpg 720w\" sizes=\"auto, (max-width: 576px) 100vw, 576px\" \/><\/a><\/figure>\n<\/div>\n\n\n<p>M\u00c1S DE 340 DESPIDOS EN LA AGENCIA NACIONAL DE DISCAPACIDAD*<\/p>\n\n\n\n<p>El  27 de marzo de 2024, 14 compa\u00f1eras y compa\u00f1eros de la Direcci\u00f3n de Accesibilidad de ANDIS fueron despedidos por la gesti\u00f3n de Diego Spagnuolo, director ejecutivo, abogado personal de Javier Milei y Romina N\u00fa\u00f1ez, directora de Inclusi\u00f3n para las personas con discapacidad. No se respet\u00f3 el cupo laboral de discapacidad ni el cupo trans. La discapacidad no es variable de ajuste. \u00a1Las pol\u00edticas p\u00fablicas en discapacidad las hacen los trabajadores y trabajadoras!<\/p>\n\n\n\n<p>*SIN ACCESIBILIDAD, NO HAY EJERCICIO DE DERECHOS*<\/p>\n\n\n\n<figure class=\"wp-block-embed is-type-video is-provider-youtube wp-block-embed-youtube wp-embed-aspect-16-9 wp-has-aspect-ratio\"><div class=\"wp-block-embed__wrapper\">\n<iframe loading=\"lazy\" title=\"Despidos en la ANDIS\" width=\"700\" height=\"394\" src=\"https:\/\/www.youtube.com\/embed\/Fmyrde437Qg?feature=oembed\" frameborder=\"0\" allow=\"accelerometer; autoplay; clipboard-write; encrypted-media; gyroscope; picture-in-picture; web-share\" referrerpolicy=\"strict-origin-when-cross-origin\" allowfullscreen><\/iframe>\n<\/div><\/figure>\n","protected":false},"excerpt":{"rendered":"<p>M\u00c1S DE 340 DESPIDOS EN LA AGENCIA NACIONAL DE DISCAPACIDAD* El 27 de marzo de 2024, 14 compa\u00f1eras y compa\u00f1eros de la Direcci\u00f3n de Accesibilidad de ANDIS fueron despedidos por la gesti\u00f3n de Diego Spagnuolo, director ejecutivo, abogado personal de Javier Milei y Romina N\u00fa\u00f1ez, directora de Inclusi\u00f3n para las personas con discapacidad. No se&hellip;<\/p>\n","protected":false},"author":1,"featured_media":129596,"comment_status":"open","ping_status":"open","sticky":false,"template":"","format":"standard","meta":{"footnotes":""},"categories":[6],"tags":[29706,24053,53,2450,42582,28812,42581,42583],"class_list":["post-129595","post","type-post","status-publish","format-standard","has-post-thumbnail","hentry","category-denuncias","tag-andis","tag-cupo-personas-con-discapacidad","tag-despidos","tag-diario-el-sindical","tag-diego-spanuolo","tag-javier-milei","tag-natalia-tesone","tag-romina-nunez"],"_links":{"self":[{"href":"https:\/\/www.elsindical.com.ar\/notas\/wp-json\/wp\/v2\/posts\/129595","targetHints":{"allow":["GET"]}}],"collection":[{"href":"https:\/\/www.elsindical.com.ar\/notas\/wp-json\/wp\/v2\/posts"}],"about":[{"href":"https:\/\/www.elsindical.com.ar\/notas\/wp-json\/wp\/v2\/types\/post"}],"author":[{"embeddable":true,"href":"https:\/\/www.elsindical.com.ar\/notas\/wp-json\/wp\/v2\/users\/1"}],"replies":[{"embeddable":true,"href":"https:\/\/www.elsindical.com.ar\/notas\/wp-json\/wp\/v2\/comments?post=129595"}],"version-history":[{"count":2,"href":"https:\/\/www.elsindical.com.ar\/notas\/wp-json\/wp\/v2\/posts\/129595\/revisions"}],"predecessor-version":[{"id":129598,"href":"https:\/\/www.elsindical.com.ar\/notas\/wp-json\/wp\/v2\/posts\/129595\/revisions\/129598"}],"wp:featuredmedia":[{"embeddable":true,"href":"https:\/\/www.elsindical.com.ar\/notas\/wp-json\/wp\/v2\/media\/129596"}],"wp:attachment":[{"href":"https:\/\/www.elsindical.com.ar\/notas\/wp-json\/wp\/v2\/media?parent=129595"}],"wp:term":[{"taxonomy":"category","embeddable":true,"href":"https:\/\/www.elsindical.com.ar\/notas\/wp-json\/wp\/v2\/categories?post=129595"},{"taxonomy":"post_tag","embeddable":true,"href":"https:\/\/www.elsindical.com.ar\/notas\/wp-json\/wp\/v2\/tags?post=129595"}],"curies":[{"name":"wp","href":"https:\/\/api.w.org\/{rel}","templated":true}]}}