{"id":129574,"date":"2024-03-28T19:09:13","date_gmt":"2024-03-28T22:09:13","guid":{"rendered":"https:\/\/www.elsindical.com.ar\/notas\/?p=129574"},"modified":"2024-03-28T19:09:18","modified_gmt":"2024-03-28T22:09:18","slug":"aysa-reclamo-aumentos-de-hasta-209-en-sus-facturas-desde-abril","status":"publish","type":"post","link":"https:\/\/www.elsindical.com.ar\/notas\/aysa-reclamo-aumentos-de-hasta-209-en-sus-facturas-desde-abril\/","title":{"rendered":"AySA reclam\u00f3 aumentos de hasta 209% en sus facturas desde abril"},"content":{"rendered":"<div class=\"wp-block-image\">\n<figure class=\"aligncenter size-full is-resized\"><a href=\"https:\/\/www.elsindical.com.ar\/notas\/var\/www\/html\/notas\/wp-content\/uploads\/2022\/02\/Aysa-logo.jpg\"><img loading=\"lazy\" decoding=\"async\" width=\"670\" height=\"251\" src=\"https:\/\/www.elsindical.com.ar\/notas\/var\/www\/html\/notas\/wp-content\/uploads\/2022\/02\/Aysa-logo.jpg\" alt=\"\" class=\"wp-image-111409\" style=\"width:766px;height:auto\" srcset=\"https:\/\/www.elsindical.com.ar\/notas\/var\/www\/html\/notas\/wp-content\/uploads\/2022\/02\/Aysa-logo.jpg 670w, https:\/\/www.elsindical.com.ar\/notas\/var\/www\/html\/notas\/wp-content\/uploads\/2022\/02\/Aysa-logo-300x112.jpg 300w, https:\/\/www.elsindical.com.ar\/notas\/var\/www\/html\/notas\/wp-content\/uploads\/2022\/02\/Aysa-logo-500x187.jpg 500w\" sizes=\"auto, (max-width: 670px) 100vw, 670px\" \/><\/a><\/figure>\n<\/div>\n\n\n<p>As\u00ed, el valor promedio de la factura -sin impuestos- pasar\u00eda de $5.290 a $16.300.<\/p>\n\n\n\n<p><strong>La empresa estatal AySA reclam\u00f3 un aumento de hasta 209% en las tarifas de agua y cloacas desde abril, para los usuarios del \u00c1rea Metropolitana de Buenos Aires (AMBA)<\/strong>.\u00a0<\/p>\n\n\n\n<p>Con un aumento de esas proporciones, el valor promedio de la boleta -sin impuestos-<strong> pasar\u00eda de $5.290 a $16.300 desde el mes que viene<\/strong>. La compa\u00f1\u00eda realiz\u00f3 su pedido en el marco de la audiencia p\u00fablica virtual que convoc\u00f3 la Secretar\u00eda de Obras P\u00fablicas.<\/p>\n\n\n\n<p>De concretarse la solicitud de AySA,&nbsp;<strong>los usuarios de los niveles zonales alto, medio y bajo abonar\u00edan las siguientes tarifas:<\/strong><\/p>\n\n\n\n<ul class=\"wp-block-list\">\n<li>&nbsp;Zonal alto: de $6.236 en marzo a $19.269 en abril.<\/li>\n\n\n\n<li>&nbsp;Zonal medio: de $5.663 a $17.500 en abril.<\/li>\n\n\n\n<li>&nbsp;Zonal bajo: de $4.551 en marzo a $14.062 en abril.<\/li>\n<\/ul>\n\n\n\n<p>En tanto, para m\u00e1s de 300.000 usuarios no residenciales \u2013<strong>como comercios e industrias- las tarifas promedio de agua y cloacas pasar\u00edan de $23.102 en marzo a $71.386 en abril, siempre sin impuestos<\/strong>. En caso de contar solo con el servicio de agua, subir\u00eda a $43.002, detall\u00f3 la compa\u00f1\u00eda.<\/p>\n\n\n\n<p>Por otra parte,<strong>&nbsp;AySA garantiz\u00f3 que la Tarifa Social y Comunitaria<\/strong>&nbsp;seguir\u00e1 vigente: se mantendr\u00e1 el subsidio del 15%&nbsp;para los usuarios residenciales y bald\u00edos que se encuentren en las \u00e1reas calificadas con coeficientes \u201czonales bajos\u201d. &nbsp; &nbsp; &nbsp;<\/p>\n\n\n\n<p>En la audiencia, AySA prometi\u00f3 llegar al \u201cequilibrio\u201d de sus cuentas entre septiembre y octubre de este a\u00f1o, por la reducci\u00f3n de subsidios. &nbsp;A la vez, propuso un mecanismo de actualizaci\u00f3n mensual de las tarifas en funci\u00f3n de la evoluci\u00f3n de los salarios y la inflaci\u00f3n. &nbsp; &nbsp; &nbsp;<\/p>\n","protected":false},"excerpt":{"rendered":"<p>As\u00ed, el valor promedio de la factura -sin impuestos- pasar\u00eda de $5.290 a $16.300. La empresa estatal AySA reclam\u00f3 un aumento de hasta 209% en las tarifas de agua y cloacas desde abril, para los usuarios del \u00c1rea Metropolitana de Buenos Aires (AMBA).\u00a0 Con un aumento de esas proporciones, el valor promedio de la boleta&hellip;<\/p>\n","protected":false},"author":1,"featured_media":111409,"comment_status":"open","ping_status":"open","sticky":false,"template":"","format":"standard","meta":{"footnotes":""},"categories":[9],"tags":[3468,8342,31225,2450,22023,376],"class_list":["post-129574","post","type-post","status-publish","format-standard","has-post-thumbnail","hentry","category-economia","tag-amba","tag-aumento-tarifas","tag-aysa-s-a","tag-diario-el-sindical","tag-economia","tag-usuarios"],"_links":{"self":[{"href":"https:\/\/www.elsindical.com.ar\/notas\/wp-json\/wp\/v2\/posts\/129574","targetHints":{"allow":["GET"]}}],"collection":[{"href":"https:\/\/www.elsindical.com.ar\/notas\/wp-json\/wp\/v2\/posts"}],"about":[{"href":"https:\/\/www.elsindical.com.ar\/notas\/wp-json\/wp\/v2\/types\/post"}],"author":[{"embeddable":true,"href":"https:\/\/www.elsindical.com.ar\/notas\/wp-json\/wp\/v2\/users\/1"}],"replies":[{"embeddable":true,"href":"https:\/\/www.elsindical.com.ar\/notas\/wp-json\/wp\/v2\/comments?post=129574"}],"version-history":[{"count":1,"href":"https:\/\/www.elsindical.com.ar\/notas\/wp-json\/wp\/v2\/posts\/129574\/revisions"}],"predecessor-version":[{"id":129575,"href":"https:\/\/www.elsindical.com.ar\/notas\/wp-json\/wp\/v2\/posts\/129574\/revisions\/129575"}],"wp:featuredmedia":[{"embeddable":true,"href":"https:\/\/www.elsindical.com.ar\/notas\/wp-json\/wp\/v2\/media\/111409"}],"wp:attachment":[{"href":"https:\/\/www.elsindical.com.ar\/notas\/wp-json\/wp\/v2\/media?parent=129574"}],"wp:term":[{"taxonomy":"category","embeddable":true,"href":"https:\/\/www.elsindical.com.ar\/notas\/wp-json\/wp\/v2\/categories?post=129574"},{"taxonomy":"post_tag","embeddable":true,"href":"https:\/\/www.elsindical.com.ar\/notas\/wp-json\/wp\/v2\/tags?post=129574"}],"curies":[{"name":"wp","href":"https:\/\/api.w.org\/{rel}","templated":true}]}}