{"id":129553,"date":"2024-03-27T20:16:59","date_gmt":"2024-03-27T23:16:59","guid":{"rendered":"https:\/\/www.elsindical.com.ar\/notas\/?p=129553"},"modified":"2024-03-27T20:17:04","modified_gmt":"2024-03-27T23:17:04","slug":"el-sindicato-de-trabajadores-viales-nacionales-denuncio-desfinanciamiento-y-mas-de-150-despidos-de-trabajadores","status":"publish","type":"post","link":"https:\/\/www.elsindical.com.ar\/notas\/el-sindicato-de-trabajadores-viales-nacionales-denuncio-desfinanciamiento-y-mas-de-150-despidos-de-trabajadores\/","title":{"rendered":"El Sindicato de Trabajadores Viales Nacionales denunci\u00f3 desfinanciamiento y m\u00e1s de 150 despidos de trabajadores"},"content":{"rendered":"\n<figure class=\"wp-block-image size-full\"><a href=\"https:\/\/www.elsindical.com.ar\/notas\/var\/www\/html\/notas\/wp-content\/uploads\/2024\/03\/Sindicato-Trabajadores-Viales-Nacionales-2.jpeg\"><img loading=\"lazy\" decoding=\"async\" width=\"810\" height=\"540\" src=\"https:\/\/www.elsindical.com.ar\/notas\/var\/www\/html\/notas\/wp-content\/uploads\/2024\/03\/Sindicato-Trabajadores-Viales-Nacionales-2.jpeg\" alt=\"\" class=\"wp-image-129554\" srcset=\"https:\/\/www.elsindical.com.ar\/notas\/var\/www\/html\/notas\/wp-content\/uploads\/2024\/03\/Sindicato-Trabajadores-Viales-Nacionales-2.jpeg 810w, https:\/\/www.elsindical.com.ar\/notas\/var\/www\/html\/notas\/wp-content\/uploads\/2024\/03\/Sindicato-Trabajadores-Viales-Nacionales-2-300x200.jpeg 300w, https:\/\/www.elsindical.com.ar\/notas\/var\/www\/html\/notas\/wp-content\/uploads\/2024\/03\/Sindicato-Trabajadores-Viales-Nacionales-2-768x512.jpeg 768w, https:\/\/www.elsindical.com.ar\/notas\/var\/www\/html\/notas\/wp-content\/uploads\/2024\/03\/Sindicato-Trabajadores-Viales-Nacionales-2-450x300.jpeg 450w\" sizes=\"auto, (max-width: 810px) 100vw, 810px\" \/><\/a><\/figure>\n\n\n\n<p>El Sindicato de Trabajadores Viales y Afines (STVyARA), que encabeza Graciela Ale\u00f1\u00e1, acus\u00f3 al actual Gobierno de desfinanciar a Vialidad Nacional y de llevar a cabo m\u00e1s de 150 despidos en el sector. \u201cDesde que asumi\u00f3 Milei, todav\u00eda no lleg\u00f3 la plata del presupuesto que nos corresponde para este a\u00f1o. La realidad es que el Ministerio de Econom\u00eda se sent\u00f3 sobre la caja de Vialidad\u201d, sostuvo Ale\u00f1\u00e1.<\/p>\n\n\n\n<p>En este marco, la dirigente gremial advirti\u00f3 sobre la situaci\u00f3n cr\u00edtica que atraviesa el organismo por el fuerte ajuste llevado a cabo por Javier Milei y se\u00f1al\u00f3 que no s\u00f3lo \u201cno est\u00e1n recibiendo ni un peso\u201d con el consecuente vaciamiento de Vialidad Nacional sino que tambi\u00e9n \u201chay m\u00e1s de 150 compa\u00f1eros despedidos\u201d.<\/p>\n\n\n\n<p>En la misma l\u00ednea, Ale\u00f1\u00e1 destac\u00f3 la importancia de los trabajadores viales y la \u201cfunci\u00f3n esencial\u201d que cumple el organismo conectando las distintas localidades de todo el pa\u00eds, manteniendo los caminos en condiciones para la comunicaci\u00f3n entre los pueblos y el movimiento entre provincias para evitar cualquier tipo de accidente. Adem\u00e1s, record\u00f3 que los trabajadores del sector fueron esenciales en las tareas que llev\u00f3 adelante el organismo, pr\u00e1cticamente desde el inicio de la cuarentena decretada por el Poder Ejecutivo Nacional en el a\u00f1o 2020, atendiendo la conservaci\u00f3n, emergencias y el operativo invernal, entre otras funciones.<\/p>\n\n\n\n<p>Para finalizar, la Sindicalista expres\u00f3 su preocupaci\u00f3n por los intentos de privatizaci\u00f3n del organismo, que pueden manifestarse de diversas formas, ya sea a trav\u00e9s de decretos o desfinanciamiento. \u201cVamos a defender el organismo por encima de cualquier inter\u00e9s pol\u00edtico o econ\u00f3mico, priorizando siempre el servicio a las comunidades que dependen de las infraestructuras viales para su desarrollo y bienestar\u201d, concluy\u00f3.<\/p>\n\n\n\n<figure class=\"wp-block-image size-full\"><a href=\"https:\/\/www.elsindical.com.ar\/notas\/var\/www\/html\/notas\/wp-content\/uploads\/2024\/03\/Sindicato-Trabajadores-Viales-Nacionales-1.jpeg\"><img loading=\"lazy\" decoding=\"async\" width=\"960\" height=\"720\" src=\"https:\/\/www.elsindical.com.ar\/notas\/var\/www\/html\/notas\/wp-content\/uploads\/2024\/03\/Sindicato-Trabajadores-Viales-Nacionales-1.jpeg\" alt=\"\" class=\"wp-image-129555\" srcset=\"https:\/\/www.elsindical.com.ar\/notas\/var\/www\/html\/notas\/wp-content\/uploads\/2024\/03\/Sindicato-Trabajadores-Viales-Nacionales-1.jpeg 960w, https:\/\/www.elsindical.com.ar\/notas\/var\/www\/html\/notas\/wp-content\/uploads\/2024\/03\/Sindicato-Trabajadores-Viales-Nacionales-1-300x225.jpeg 300w, https:\/\/www.elsindical.com.ar\/notas\/var\/www\/html\/notas\/wp-content\/uploads\/2024\/03\/Sindicato-Trabajadores-Viales-Nacionales-1-768x576.jpeg 768w, https:\/\/www.elsindical.com.ar\/notas\/var\/www\/html\/notas\/wp-content\/uploads\/2024\/03\/Sindicato-Trabajadores-Viales-Nacionales-1-400x300.jpeg 400w\" sizes=\"auto, (max-width: 960px) 100vw, 960px\" \/><\/a><\/figure>\n","protected":false},"excerpt":{"rendered":"<p>El Sindicato de Trabajadores Viales y Afines (STVyARA), que encabeza Graciela Ale\u00f1\u00e1, acus\u00f3 al actual Gobierno de desfinanciar a Vialidad Nacional y de llevar a cabo m\u00e1s de 150 despidos en el sector. \u201cDesde que asumi\u00f3 Milei, todav\u00eda no lleg\u00f3 la plata del presupuesto que nos corresponde para este a\u00f1o. La realidad es que el&hellip;<\/p>\n","protected":false},"author":1,"featured_media":129554,"comment_status":"open","ping_status":"open","sticky":false,"template":"","format":"standard","meta":{"footnotes":""},"categories":[16],"tags":[175,24288,2450,39529,28812,7852,5245],"class_list":["post-129553","post","type-post","status-publish","format-standard","has-post-thumbnail","hentry","category-gremiales","tag-denuncia","tag-desfinanciamiento","tag-diario-el-sindical","tag-graciela-alena-2","tag-javier-milei","tag-stv-y-ara","tag-vialidad-nacional"],"_links":{"self":[{"href":"https:\/\/www.elsindical.com.ar\/notas\/wp-json\/wp\/v2\/posts\/129553","targetHints":{"allow":["GET"]}}],"collection":[{"href":"https:\/\/www.elsindical.com.ar\/notas\/wp-json\/wp\/v2\/posts"}],"about":[{"href":"https:\/\/www.elsindical.com.ar\/notas\/wp-json\/wp\/v2\/types\/post"}],"author":[{"embeddable":true,"href":"https:\/\/www.elsindical.com.ar\/notas\/wp-json\/wp\/v2\/users\/1"}],"replies":[{"embeddable":true,"href":"https:\/\/www.elsindical.com.ar\/notas\/wp-json\/wp\/v2\/comments?post=129553"}],"version-history":[{"count":1,"href":"https:\/\/www.elsindical.com.ar\/notas\/wp-json\/wp\/v2\/posts\/129553\/revisions"}],"predecessor-version":[{"id":129556,"href":"https:\/\/www.elsindical.com.ar\/notas\/wp-json\/wp\/v2\/posts\/129553\/revisions\/129556"}],"wp:featuredmedia":[{"embeddable":true,"href":"https:\/\/www.elsindical.com.ar\/notas\/wp-json\/wp\/v2\/media\/129554"}],"wp:attachment":[{"href":"https:\/\/www.elsindical.com.ar\/notas\/wp-json\/wp\/v2\/media?parent=129553"}],"wp:term":[{"taxonomy":"category","embeddable":true,"href":"https:\/\/www.elsindical.com.ar\/notas\/wp-json\/wp\/v2\/categories?post=129553"},{"taxonomy":"post_tag","embeddable":true,"href":"https:\/\/www.elsindical.com.ar\/notas\/wp-json\/wp\/v2\/tags?post=129553"}],"curies":[{"name":"wp","href":"https:\/\/api.w.org\/{rel}","templated":true}]}}