{"id":129526,"date":"2024-03-26T01:22:47","date_gmt":"2024-03-26T04:22:47","guid":{"rendered":"https:\/\/www.elsindical.com.ar\/notas\/?p=129526"},"modified":"2024-03-26T01:22:52","modified_gmt":"2024-03-26T04:22:52","slug":"dengue-los-ministros-de-salud-coincidieron-en-que-aun-se-desconoce-la-eficacia-de-la-vacuna","status":"publish","type":"post","link":"https:\/\/www.elsindical.com.ar\/notas\/dengue-los-ministros-de-salud-coincidieron-en-que-aun-se-desconoce-la-eficacia-de-la-vacuna\/","title":{"rendered":"Dengue: Los ministros de Salud coincidieron en que a\u00fan se desconoce la eficacia de la vacuna"},"content":{"rendered":"\n<figure class=\"wp-block-image size-large\"><a href=\"https:\/\/www.elsindical.com.ar\/notas\/var\/www\/html\/notas\/wp-content\/uploads\/2024\/03\/vacuna-Dengue.jpg\"><img loading=\"lazy\" decoding=\"async\" width=\"1024\" height=\"576\" src=\"https:\/\/www.elsindical.com.ar\/notas\/var\/www\/html\/notas\/wp-content\/uploads\/2024\/03\/vacuna-Dengue-1024x576.jpg\" alt=\"\" class=\"wp-image-129527\" srcset=\"https:\/\/www.elsindical.com.ar\/notas\/var\/www\/html\/notas\/wp-content\/uploads\/2024\/03\/vacuna-Dengue-1024x576.jpg 1024w, https:\/\/www.elsindical.com.ar\/notas\/var\/www\/html\/notas\/wp-content\/uploads\/2024\/03\/vacuna-Dengue-300x169.jpg 300w, https:\/\/www.elsindical.com.ar\/notas\/var\/www\/html\/notas\/wp-content\/uploads\/2024\/03\/vacuna-Dengue-768x432.jpg 768w, https:\/\/www.elsindical.com.ar\/notas\/var\/www\/html\/notas\/wp-content\/uploads\/2024\/03\/vacuna-Dengue-500x281.jpg 500w, https:\/\/www.elsindical.com.ar\/notas\/var\/www\/html\/notas\/wp-content\/uploads\/2024\/03\/vacuna-Dengue-460x260.jpg 460w, https:\/\/www.elsindical.com.ar\/notas\/var\/www\/html\/notas\/wp-content\/uploads\/2024\/03\/vacuna-Dengue.jpg 1140w\" sizes=\"auto, (max-width: 1024px) 100vw, 1024px\" \/><\/a><\/figure>\n\n\n\n<p>Adem\u00e1s, se lanz\u00f3 la campa\u00f1a nacional de vacunaci\u00f3n contra la gripe de cara al invierno, que ser\u00e1 gratuita.<\/p>\n\n\n\n<p>El ministro de Salud de la Naci\u00f3n, Mario Russo, convoc\u00f3 hoy a los titulares de las carteras de Salud de las 24 jurisdicciones del pa\u00eds para analizar <strong>principales desaf\u00edos de la agenda sanitaria, sobre todo el r\u00e9cord de casos de dengue, <\/strong>sobre lo cual coincidieron en que a\u00fan se desconoce el grado de eficacia de la vacuna.<\/p>\n\n\n\n<p>En paralelo, en la reuni\u00f3n se lanz\u00f3 la campa\u00f1a nacional de <strong>vacunaci\u00f3n contra la gripe de cara al invierno, que ser\u00e1 gratuita en todo el pa\u00eds,<\/strong> con el objetivo de disminuir las complicaciones, hospitalizaciones, secuelas y muertes ocasionadas por la infecci\u00f3n del virus influenza en la poblaci\u00f3n de riesgo.<\/p>\n\n\n\n<p>En lo que refiere al dengue, se est\u00e1 alcanzando cifras r\u00e9cord en el pa\u00eds, que ya <strong>superaron la cantidad de casos de todo el a\u00f1o pasado, con 151.310 afectados y 106 muertes confirmadas<\/strong>.<\/p>\n\n\n\n<p>\u201cEst\u00e1 claro que va a seguir habiendo dengue en los pr\u00f3ximos a\u00f1os, la vacuna se est\u00e1 aplicando en Brasil. Hay que ver si se va a incorporar al calendario de vacunas para el pr\u00f3ximo a\u00f1o porque <strong>por ahora no hay suficientes recomendaciones para poder darla, en casi ning\u00fan pa\u00eds forma parte del calendario\u201d,<\/strong> coment\u00f3 al t\u00e9rmino de la reuni\u00f3n el ministro de Salud bonaerense, Nicol\u00e1s Kreplak.<\/p>\n\n\n\n<p>En el marco del Consejo Federal de Salud (COFESA), los ministros se reunieron en el CCK para analizar los principales desaf\u00edos de la agenda sanitaria y avanzar en acciones conjuntas. <strong>\u201cEstamos absolutamente abiertos a escucharlos a todos y a que definamos una agenda prioritaria\u201d,<\/strong> sostuvo Russo al iniciar el encuentro.<\/p>\n\n\n\n<p>All\u00ed se expuso la situaci\u00f3n epidemiol\u00f3gica actual del dengue y se<strong> compartieron los lineamientos para la reorganizaci\u00f3n de los servicios de salud en situaciones de brotes o epidemias, destinados a autoridades sanitarias jurisdiccionales y municipales y responsables de servicios de salud<\/strong> con el objetivo de garantizar una atenci\u00f3n adecuada y oportuna de las personas que consultan con s\u00edntomas compatibles con dengue, se inform\u00f3.<\/p>\n\n\n\n<p>Durante la jornada, el vocero presidencial, Manuel Adorni, sali\u00f3 a respaldar al ministro de Salud, ante los cuestionamientos por su bajo perfil en pleno brote de dengue. \u201cSe ha expresado no solo en los medios sino a trav\u00e9s de comunicados\u201d, lo defendi\u00f3.<\/p>\n\n\n\n<p>Y agreg\u00f3 que \u201cla clave con el dengue est\u00e1 en la prevenci\u00f3n y la vacuna no ha mostrado la efectividad para combatir un brote\u201d.<\/p>\n\n\n\n<p>Respecto a las estrategias y al rol del Ministerio de Salud de la Naci\u00f3n y los ministerios provinciales, las autoridades sanitarias reunidas este lunes<strong> coincidieron en la importancia de fortalecer la prevenci\u00f3n, para la eliminaci\u00f3n del mosquito en el territorio es la primera l\u00ednea de defensa<\/strong> para frenar el dengue.<\/p>\n","protected":false},"excerpt":{"rendered":"<p>Adem\u00e1s, se lanz\u00f3 la campa\u00f1a nacional de vacunaci\u00f3n contra la gripe de cara al invierno, que ser\u00e1 gratuita. El ministro de Salud de la Naci\u00f3n, Mario Russo, convoc\u00f3 hoy a los titulares de las carteras de Salud de las 24 jurisdicciones del pa\u00eds para analizar principales desaf\u00edos de la agenda sanitaria, sobre todo el r\u00e9cord&hellip;<\/p>\n","protected":false},"author":1,"featured_media":129527,"comment_status":"open","ping_status":"open","sticky":false,"template":"","format":"standard","meta":{"footnotes":""},"categories":[23],"tags":[42563,8683,2450,42562,22031,17720],"class_list":["post-129526","post","type-post","status-publish","format-standard","has-post-thumbnail","hentry","category-salud","tag-cofesa","tag-dengue","tag-diario-el-sindical","tag-mario-russo","tag-salud","tag-vacunas"],"_links":{"self":[{"href":"https:\/\/www.elsindical.com.ar\/notas\/wp-json\/wp\/v2\/posts\/129526","targetHints":{"allow":["GET"]}}],"collection":[{"href":"https:\/\/www.elsindical.com.ar\/notas\/wp-json\/wp\/v2\/posts"}],"about":[{"href":"https:\/\/www.elsindical.com.ar\/notas\/wp-json\/wp\/v2\/types\/post"}],"author":[{"embeddable":true,"href":"https:\/\/www.elsindical.com.ar\/notas\/wp-json\/wp\/v2\/users\/1"}],"replies":[{"embeddable":true,"href":"https:\/\/www.elsindical.com.ar\/notas\/wp-json\/wp\/v2\/comments?post=129526"}],"version-history":[{"count":1,"href":"https:\/\/www.elsindical.com.ar\/notas\/wp-json\/wp\/v2\/posts\/129526\/revisions"}],"predecessor-version":[{"id":129528,"href":"https:\/\/www.elsindical.com.ar\/notas\/wp-json\/wp\/v2\/posts\/129526\/revisions\/129528"}],"wp:featuredmedia":[{"embeddable":true,"href":"https:\/\/www.elsindical.com.ar\/notas\/wp-json\/wp\/v2\/media\/129527"}],"wp:attachment":[{"href":"https:\/\/www.elsindical.com.ar\/notas\/wp-json\/wp\/v2\/media?parent=129526"}],"wp:term":[{"taxonomy":"category","embeddable":true,"href":"https:\/\/www.elsindical.com.ar\/notas\/wp-json\/wp\/v2\/categories?post=129526"},{"taxonomy":"post_tag","embeddable":true,"href":"https:\/\/www.elsindical.com.ar\/notas\/wp-json\/wp\/v2\/tags?post=129526"}],"curies":[{"name":"wp","href":"https:\/\/api.w.org\/{rel}","templated":true}]}}