{"id":129522,"date":"2024-03-26T01:19:07","date_gmt":"2024-03-26T04:19:07","guid":{"rendered":"https:\/\/www.elsindical.com.ar\/notas\/?p=129522"},"modified":"2024-03-26T01:19:17","modified_gmt":"2024-03-26T04:19:17","slug":"por-despidos-anses-en-asamblea-permanente-y-sin-atencion-al-publico","status":"publish","type":"post","link":"https:\/\/www.elsindical.com.ar\/notas\/por-despidos-anses-en-asamblea-permanente-y-sin-atencion-al-publico\/","title":{"rendered":"Por despidos, ANSES en asamblea permanente y sin atenci\u00f3n al p\u00fablico"},"content":{"rendered":"\n<figure class=\"wp-block-image size-large\"><a href=\"https:\/\/www.elsindical.com.ar\/notas\/var\/www\/html\/notas\/wp-content\/uploads\/2024\/03\/ANSES-despidos.jpg\"><img loading=\"lazy\" decoding=\"async\" width=\"1024\" height=\"574\" src=\"https:\/\/www.elsindical.com.ar\/notas\/var\/www\/html\/notas\/wp-content\/uploads\/2024\/03\/ANSES-despidos-1024x574.jpg\" alt=\"\" class=\"wp-image-129523\" srcset=\"https:\/\/www.elsindical.com.ar\/notas\/var\/www\/html\/notas\/wp-content\/uploads\/2024\/03\/ANSES-despidos-1024x574.jpg 1024w, https:\/\/www.elsindical.com.ar\/notas\/var\/www\/html\/notas\/wp-content\/uploads\/2024\/03\/ANSES-despidos-300x168.jpg 300w, https:\/\/www.elsindical.com.ar\/notas\/var\/www\/html\/notas\/wp-content\/uploads\/2024\/03\/ANSES-despidos-768x431.jpg 768w, https:\/\/www.elsindical.com.ar\/notas\/var\/www\/html\/notas\/wp-content\/uploads\/2024\/03\/ANSES-despidos-500x280.jpg 500w, https:\/\/www.elsindical.com.ar\/notas\/var\/www\/html\/notas\/wp-content\/uploads\/2024\/03\/ANSES-despidos.jpg 1200w\" sizes=\"auto, (max-width: 1024px) 100vw, 1024px\" \/><\/a><\/figure>\n\n\n\n<p>Hay 48 oficinas de ANSES cerradas en todo el pa\u00eds y m\u00e1s de 700 despidos.<\/p>\n\n\n\n<p>Trabajadores de ANSES denunciaron despidos indiscriminados y vaciamiento de las oficinas en el marco de lo que consideran que es <strong>un plan sistem\u00e1tico del Gobierno nacional de vaciar el organismo y despedir trabajadores del estado<\/strong>.<\/p>\n\n\n\n<p>En la oficina de Lan\u00fas Oeste despidieron una trabajadora y en la UDAI de <strong>Chingolo dejaron cesantes a seis por lo cual ambas oficinas no atienden al p\u00fablico <\/strong>mientras que definir\u00e1n en asamblea los pasos a seguir. Hay 50 delegaciones en situaciones parecidas.<\/p>\n\n\n\n<p>El concejal lanusense y trabajador de ANSES, Daniel Dragoni, advirti\u00f3: \u201cEstas son <strong>medidas cl\u00e1sicas del gobierno para vaciar ANSES e ir hacia el sistema de AFJP<\/strong>\u201c.<\/p>\n\n\n\n<p>En tanto adelant\u00f3 que hay \u00e1reas de ANSES como el <strong>Fondo de Garant\u00eda y Sustentabilidad que padecieron 35 despidos y otros 50 en Sistemas<\/strong> adem\u00e1s de que hay rumores de 400 telegramas de despido por salir en el marco de un <strong>plan de despedir al al 30 por ciento de trabajadores lo que representar\u00e1 3600 familias sin ingresos.<\/strong><\/p>\n\n\n\n<p>Por su parte, la oficina de <strong>Dock Sud est\u00e1 cerrada porque despidieron a todos sus trabajadores<\/strong>.<\/p>\n\n\n\n<p>El localidades, como La Plata y Mar del Plata, los empleados <strong>denunciaron que no fueron notificados legalmente de sus despidos<\/strong>, a la vez que medio centenar de oficinas permanecer\u00e1n cerradas por asamblea permanente.<\/p>\n\n\n\n<p>Desde la Asociaci\u00f3n de Trabajadores del Estado Anses, denunciaron: \u201cEn Anses no vamos a edulcorar la realidad ni tolerar m\u00e1s despidos. <strong>En las primeras horas del d\u00eda de hoy muchas compa\u00f1eras y compa\u00f1eros recibieron telegramas de despido<\/strong>. El gobierno intenta destrozar el Estado y tenemos que resistir. No podemos permitir que lo desarmen y tampoco a todas las pol\u00edticas que benefician y protegen a la poblaci\u00f3n\u201d.<\/p>\n\n\n\n<p>En territorio bonaerense, los Centros De Referencia de Anses se encuentran distribuidos en las localidades con la intenci\u00f3n de <strong>ayudar a la poblaci\u00f3n en la gesti\u00f3n de tr\u00e1mites que mayormente se har\u00edan las ciudades cabecera.<\/strong><\/p>\n\n\n\n<p>Su tarea es recibir <strong>consultas y gestionar programas como Potenciar Trabajo, Mi Pieza, Mi Ba\u00f1o <\/strong>o tramitar medicaciones de alto costo para pacientes que no pueden cubrirla.<\/p>\n\n\n\n<p>Entre las oficinas del conurbano cerradas al p\u00fablico este lunes figuran Lan\u00fas, Solano, Wilde, Chingolo, Fiorito, Dock Sud, Banfield, Burzaco, San Vicente, Longchamps, Albertina y Turdera.<\/p>\n\n\n\n<figure class=\"wp-block-image size-large\"><a href=\"https:\/\/www.elsindical.com.ar\/notas\/var\/www\/html\/notas\/wp-content\/uploads\/2024\/03\/comunicado-ATE-ANSES-despidos.jpeg\"><img loading=\"lazy\" decoding=\"async\" width=\"1024\" height=\"1024\" src=\"https:\/\/www.elsindical.com.ar\/notas\/var\/www\/html\/notas\/wp-content\/uploads\/2024\/03\/comunicado-ATE-ANSES-despidos-1024x1024.jpeg\" alt=\"\" class=\"wp-image-129524\" srcset=\"https:\/\/www.elsindical.com.ar\/notas\/var\/www\/html\/notas\/wp-content\/uploads\/2024\/03\/comunicado-ATE-ANSES-despidos-1024x1024.jpeg 1024w, https:\/\/www.elsindical.com.ar\/notas\/var\/www\/html\/notas\/wp-content\/uploads\/2024\/03\/comunicado-ATE-ANSES-despidos-300x300.jpeg 300w, https:\/\/www.elsindical.com.ar\/notas\/var\/www\/html\/notas\/wp-content\/uploads\/2024\/03\/comunicado-ATE-ANSES-despidos-150x150.jpeg 150w, https:\/\/www.elsindical.com.ar\/notas\/var\/www\/html\/notas\/wp-content\/uploads\/2024\/03\/comunicado-ATE-ANSES-despidos-768x768.jpeg 768w, https:\/\/www.elsindical.com.ar\/notas\/var\/www\/html\/notas\/wp-content\/uploads\/2024\/03\/comunicado-ATE-ANSES-despidos-1536x1536.jpeg 1536w, https:\/\/www.elsindical.com.ar\/notas\/var\/www\/html\/notas\/wp-content\/uploads\/2024\/03\/comunicado-ATE-ANSES-despidos-50x50.jpeg 50w, https:\/\/www.elsindical.com.ar\/notas\/var\/www\/html\/notas\/wp-content\/uploads\/2024\/03\/comunicado-ATE-ANSES-despidos.jpeg 1600w\" sizes=\"auto, (max-width: 1024px) 100vw, 1024px\" \/><\/a><\/figure>\n","protected":false},"excerpt":{"rendered":"<p>Hay 48 oficinas de ANSES cerradas en todo el pa\u00eds y m\u00e1s de 700 despidos. Trabajadores de ANSES denunciaron despidos indiscriminados y vaciamiento de las oficinas en el marco de lo que consideran que es un plan sistem\u00e1tico del Gobierno nacional de vaciar el organismo y despedir trabajadores del estado. En la oficina de Lan\u00fas&hellip;<\/p>\n","protected":false},"author":1,"featured_media":129523,"comment_status":"open","ping_status":"open","sticky":false,"template":"","format":"standard","meta":{"footnotes":""},"categories":[16],"tags":[6337,80,290,53,42561,2450,21956],"class_list":["post-129522","post","type-post","status-publish","format-standard","has-post-thumbnail","hentry","category-gremiales","tag-afjp","tag-anses","tag-ate","tag-despidos","tag-despifos","tag-diario-el-sindical","tag-udai"],"_links":{"self":[{"href":"https:\/\/www.elsindical.com.ar\/notas\/wp-json\/wp\/v2\/posts\/129522","targetHints":{"allow":["GET"]}}],"collection":[{"href":"https:\/\/www.elsindical.com.ar\/notas\/wp-json\/wp\/v2\/posts"}],"about":[{"href":"https:\/\/www.elsindical.com.ar\/notas\/wp-json\/wp\/v2\/types\/post"}],"author":[{"embeddable":true,"href":"https:\/\/www.elsindical.com.ar\/notas\/wp-json\/wp\/v2\/users\/1"}],"replies":[{"embeddable":true,"href":"https:\/\/www.elsindical.com.ar\/notas\/wp-json\/wp\/v2\/comments?post=129522"}],"version-history":[{"count":1,"href":"https:\/\/www.elsindical.com.ar\/notas\/wp-json\/wp\/v2\/posts\/129522\/revisions"}],"predecessor-version":[{"id":129525,"href":"https:\/\/www.elsindical.com.ar\/notas\/wp-json\/wp\/v2\/posts\/129522\/revisions\/129525"}],"wp:featuredmedia":[{"embeddable":true,"href":"https:\/\/www.elsindical.com.ar\/notas\/wp-json\/wp\/v2\/media\/129523"}],"wp:attachment":[{"href":"https:\/\/www.elsindical.com.ar\/notas\/wp-json\/wp\/v2\/media?parent=129522"}],"wp:term":[{"taxonomy":"category","embeddable":true,"href":"https:\/\/www.elsindical.com.ar\/notas\/wp-json\/wp\/v2\/categories?post=129522"},{"taxonomy":"post_tag","embeddable":true,"href":"https:\/\/www.elsindical.com.ar\/notas\/wp-json\/wp\/v2\/tags?post=129522"}],"curies":[{"name":"wp","href":"https:\/\/api.w.org\/{rel}","templated":true}]}}