{"id":129484,"date":"2024-03-23T20:25:47","date_gmt":"2024-03-23T23:25:47","guid":{"rendered":"https:\/\/www.elsindical.com.ar\/notas\/?p=129484"},"modified":"2024-03-23T20:25:52","modified_gmt":"2024-03-23T23:25:52","slug":"longvie-por-las-caidas-en-las-ventas-evalua-despidos-masivos","status":"publish","type":"post","link":"https:\/\/www.elsindical.com.ar\/notas\/longvie-por-las-caidas-en-las-ventas-evalua-despidos-masivos\/","title":{"rendered":"Longvie, por las ca\u00eddas en las ventas eval\u00faa despidos masivos"},"content":{"rendered":"<div class=\"wp-block-image\">\n<figure class=\"aligncenter size-full\"><a href=\"https:\/\/www.elsindical.com.ar\/notas\/var\/www\/html\/notas\/wp-content\/uploads\/2024\/03\/Longvie.jpg\"><img loading=\"lazy\" decoding=\"async\" width=\"800\" height=\"450\" src=\"https:\/\/www.elsindical.com.ar\/notas\/var\/www\/html\/notas\/wp-content\/uploads\/2024\/03\/Longvie.jpg\" alt=\"\" class=\"wp-image-129485\" srcset=\"https:\/\/www.elsindical.com.ar\/notas\/var\/www\/html\/notas\/wp-content\/uploads\/2024\/03\/Longvie.jpg 800w, https:\/\/www.elsindical.com.ar\/notas\/var\/www\/html\/notas\/wp-content\/uploads\/2024\/03\/Longvie-300x169.jpg 300w, https:\/\/www.elsindical.com.ar\/notas\/var\/www\/html\/notas\/wp-content\/uploads\/2024\/03\/Longvie-768x432.jpg 768w, https:\/\/www.elsindical.com.ar\/notas\/var\/www\/html\/notas\/wp-content\/uploads\/2024\/03\/Longvie-500x281.jpg 500w, https:\/\/www.elsindical.com.ar\/notas\/var\/www\/html\/notas\/wp-content\/uploads\/2024\/03\/Longvie-460x260.jpg 460w\" sizes=\"auto, (max-width: 800px) 100vw, 800px\" \/><\/a><\/figure>\n<\/div>\n\n\n<p class=\"wp-block-paragraph\">La planta de Longvie en Paran\u00e1, provincia de Entre R\u00edos; eval\u00faa suspender el 50% de su personal.<\/p>\n\n\n\n<p class=\"wp-block-paragraph\">Unos 40 trabajadores de la planta que produce calefones y estufas, ser\u00edan suspendidos y pasar\u00edan a cobrar el 75% del sueldo, confirm\u00f3 el portal Elonce. Desde diciembre se habr\u00edan despedido a casi 20 empleados con unos 10 a\u00f1os de antig\u00fcedad.<\/p>\n\n\n\n<p class=\"wp-block-paragraph\">Comenz\u00f3 a notarse una p\u00e9rdida de puestos de trabajo en el sector industria, en sus diferentes ramas, producto de la baja de la actividad. Uno de los afectados es el sider\u00fargico y la se\u00f1al m\u00e1s importante fue lo ocurrido con Acindar, lo cual puso en alerta al gremio que agrupa a los trabajadores, la Uni\u00f3n Obrera Metal\u00fargica (UOM), que planea efectivizar varios d\u00edas de paro a ra\u00edz de la falta de acuerdo con los empresarios.<\/p>\n\n\n\n<p class=\"wp-block-paragraph\">En una de las empresas entrerrianas de mayor renombre, la situaci\u00f3n no es diferente. Se trata de una de las firmas m\u00e1s reconocidas, que est\u00e1 radicada en el Parque Industrial de Paran\u00e1 y que tiene plantas en Catamarca y Buenos Aires: LONGVIE. Seg\u00fan trascendi\u00f3, comenzar\u00eda a suspender en los pr\u00f3ximos d\u00edas, el 50 por ciento de su personal. Adem\u00e1s, desde diciembre pasado, habr\u00eda comenzado a despedir trabajadores y seg\u00fan se supo, casi 20 personas ya fueron cesanteadas de la planta fabril en la capital entrerriana.<\/p>\n\n\n\n<p class=\"wp-block-paragraph\"><strong>Suspensiones<\/strong><\/p>\n\n\n\n<p class=\"wp-block-paragraph\">La empresa Longvie produce calefones, termotanques y estufas en su planta del Parque Industrial de Paran\u00e1 y cuenta con unos 90 trabajadores. Seg\u00fan pudo confirmar Elonce, la firma podr\u00eda suspender gran parte de sus actividades en los pr\u00f3ximos d\u00edas. \u00abS\u00f3lo quedar\u00e1n algunos trabajadores para cargar los camiones y algunas tareas de mantenimiento\u00bb, dijo la fuente que dialog\u00f3 con este medio.<\/p>\n\n\n\n<p class=\"wp-block-paragraph\">Los trabajadores ser\u00edan suspendidos, y por lo tanto ver\u00e1n reducidos sus salarios. Por estas horas, se negocia con los empresarios, de cu\u00e1nto ser\u00e1 esa merma. Seg\u00fan se explic\u00f3 a este medio, durante el per\u00edodo que dure la interrupci\u00f3n de las tareas, los empleados percibir\u00edan, entre el 75 y el 80 por ciento de sus sueldos.<\/p>\n\n\n\n<p class=\"wp-block-paragraph\"><strong>Incertidumbre<\/strong><\/p>\n\n\n\n<p class=\"wp-block-paragraph\">La medida se tom\u00f3 ante la baja en las ventas y por tal motivo se inici\u00f3 un plan de ajuste y reducci\u00f3n laboral que comenz\u00f3 en diciembre pasado, con el despido de casi 20 trabajadores, algunos de ellos con 10 y hasta m\u00e1s de 15 a\u00f1os de antig\u00fcedad en la empresa.<\/p>\n\n\n\n<p class=\"wp-block-paragraph\">Asimismo, los trabajadores hicieron notar la incertidumbre reinante ante la situaci\u00f3n y hay rumores de que podr\u00eda haber m\u00e1s despidos. Cabe recordar que la empresa ha generado desde 2018, una reducci\u00f3n de personal que rondaba los 240, hasta los m\u00e1s de 80 que hay en la actualidad.<\/p>\n","protected":false},"excerpt":{"rendered":"<p>La planta de Longvie en Paran\u00e1, provincia de Entre R\u00edos; eval\u00faa suspender el 50% de su personal. Unos 40 trabajadores de la planta que produce calefones y estufas, ser\u00edan suspendidos y pasar\u00edan a cobrar el 75% del sueldo, confirm\u00f3 el portal Elonce. Desde diciembre se habr\u00edan despedido a casi 20 empleados con unos 10 a\u00f1os&hellip;<\/p>\n","protected":false},"author":1,"featured_media":129485,"comment_status":"open","ping_status":"open","sticky":false,"template":"","format":"standard","meta":{"footnotes":""},"categories":[28],"tags":[42550,53,2450,22023,1386,30871,4385,4798,1264],"class_list":["post-129484","post","type-post","status-publish","format-standard","has-post-thumbnail","hentry","category-empresariales","tag-caida-de-ventas","tag-despidos","tag-diario-el-sindical","tag-economia","tag-entre-rios","tag-longvie","tag-parana","tag-suspensiones","tag-uom"],"_links":{"self":[{"href":"https:\/\/www.elsindical.com.ar\/notas\/wp-json\/wp\/v2\/posts\/129484","targetHints":{"allow":["GET"]}}],"collection":[{"href":"https:\/\/www.elsindical.com.ar\/notas\/wp-json\/wp\/v2\/posts"}],"about":[{"href":"https:\/\/www.elsindical.com.ar\/notas\/wp-json\/wp\/v2\/types\/post"}],"author":[{"embeddable":true,"href":"https:\/\/www.elsindical.com.ar\/notas\/wp-json\/wp\/v2\/users\/1"}],"replies":[{"embeddable":true,"href":"https:\/\/www.elsindical.com.ar\/notas\/wp-json\/wp\/v2\/comments?post=129484"}],"version-history":[{"count":1,"href":"https:\/\/www.elsindical.com.ar\/notas\/wp-json\/wp\/v2\/posts\/129484\/revisions"}],"predecessor-version":[{"id":129486,"href":"https:\/\/www.elsindical.com.ar\/notas\/wp-json\/wp\/v2\/posts\/129484\/revisions\/129486"}],"wp:featuredmedia":[{"embeddable":true,"href":"https:\/\/www.elsindical.com.ar\/notas\/wp-json\/wp\/v2\/media\/129485"}],"wp:attachment":[{"href":"https:\/\/www.elsindical.com.ar\/notas\/wp-json\/wp\/v2\/media?parent=129484"}],"wp:term":[{"taxonomy":"category","embeddable":true,"href":"https:\/\/www.elsindical.com.ar\/notas\/wp-json\/wp\/v2\/categories?post=129484"},{"taxonomy":"post_tag","embeddable":true,"href":"https:\/\/www.elsindical.com.ar\/notas\/wp-json\/wp\/v2\/tags?post=129484"}],"curies":[{"name":"wp","href":"https:\/\/api.w.org\/{rel}","templated":true}]}}