{"id":129380,"date":"2024-03-18T20:32:39","date_gmt":"2024-03-18T23:32:39","guid":{"rendered":"https:\/\/www.elsindical.com.ar\/notas\/?p=129380"},"modified":"2024-03-18T20:32:44","modified_gmt":"2024-03-18T23:32:44","slug":"los-cuatro-futbolistas-de-velez-acusados-de-abuso-sexual-fueron-detenidos-y-se-les-suspendio-el-contrato","status":"publish","type":"post","link":"https:\/\/www.elsindical.com.ar\/notas\/los-cuatro-futbolistas-de-velez-acusados-de-abuso-sexual-fueron-detenidos-y-se-les-suspendio-el-contrato\/","title":{"rendered":"Los cuatro futbolistas de V\u00e9lez acusados de abuso sexual fueron detenidos y se les suspendi\u00f3 el contrato"},"content":{"rendered":"\n<figure class=\"wp-block-image size-large\"><a href=\"https:\/\/www.elsindical.com.ar\/notas\/var\/www\/html\/notas\/wp-content\/uploads\/2024\/03\/jugadores-de-Velez-detenidos.jpg\"><img loading=\"lazy\" decoding=\"async\" width=\"1024\" height=\"553\" src=\"https:\/\/www.elsindical.com.ar\/notas\/var\/www\/html\/notas\/wp-content\/uploads\/2024\/03\/jugadores-de-Velez-detenidos-1024x553.jpg\" alt=\"\" class=\"wp-image-129381\" srcset=\"https:\/\/www.elsindical.com.ar\/notas\/var\/www\/html\/notas\/wp-content\/uploads\/2024\/03\/jugadores-de-Velez-detenidos-1024x553.jpg 1024w, https:\/\/www.elsindical.com.ar\/notas\/var\/www\/html\/notas\/wp-content\/uploads\/2024\/03\/jugadores-de-Velez-detenidos-300x162.jpg 300w, https:\/\/www.elsindical.com.ar\/notas\/var\/www\/html\/notas\/wp-content\/uploads\/2024\/03\/jugadores-de-Velez-detenidos-768x415.jpg 768w, https:\/\/www.elsindical.com.ar\/notas\/var\/www\/html\/notas\/wp-content\/uploads\/2024\/03\/jugadores-de-Velez-detenidos-500x270.jpg 500w, https:\/\/www.elsindical.com.ar\/notas\/var\/www\/html\/notas\/wp-content\/uploads\/2024\/03\/jugadores-de-Velez-detenidos.jpg 1200w\" sizes=\"auto, (max-width: 1024px) 100vw, 1024px\" \/><\/a><\/figure>\n\n\n\n<p>Sebasti\u00e1n Sosa, Braian Cufr\u00e9, Abiel Osorio y Jos\u00e9 Florentin se hab\u00edan presentado a declarar ante las autoridades.<\/p>\n\n\n\n<p>Los cuatro futbolistas de <strong>V\u00e9lez Sarsfield<\/strong> que son <strong>acusados de abusar sexualmente de una jove<\/strong>n quedaron <strong>detenidos\u00a0<\/strong>por decisi\u00f3n de la fiscal <strong>Eugenia Mar\u00eda Posse<\/strong>, tomada tras la declaraci\u00f3n de la denunciante en C\u00e1mara Gesell.<\/p>\n\n\n\n<p>Los jugadores llegaron este lunes por la ma\u00f1ana a los <strong>tribunales de San Miguel de Tucum\u00e1n<\/strong> acompa\u00f1ados por sus familiares y abogados defensores, y quedaron detenidos pasado el mediod\u00eda.<\/p>\n\n\n\n<p>Si bien<strong> la medida es por 48 horas y debe ser ratificada por el juzgado<\/strong>, la fiscal orden\u00f3 la detenci\u00f3n tras escuchar durante m\u00e1s de tres horas a la mujer que los denunci\u00f3.<\/p>\n\n\n\n<p>Quienes fueron acusados en la Unidad Fiscal de Delitos Contra la Integridad Sexual I de la provincia de Tucum\u00e1n, ya hab\u00edan sido notificados de la prohibici\u00f3n que pesaba sobre ellos respecto a no salir del pa\u00eds por 90 d\u00edas.<\/p>\n\n\n\n<p>Una chica de 24 a\u00f1os denunci\u00f3 que, en la noche del <strong>3 de marzo<\/strong> despu\u00e9s del partido que V\u00e9lez disput\u00f3 contra Atl\u00e9tico Tucum\u00e1n, <strong>Sebasti\u00e1n Sosa la invit\u00f3 a la habitaci\u00f3n 407 del Hotel Hilton<\/strong> donde paraba la delegaci\u00f3n velezana.<\/p>\n\n\n\n<p>Al llegar a la habitaci\u00f3n, la joven se habr\u00eda encontrado con los otros tres jugadores que ahora se encuentran seriamente comprometidos en la causa: <strong>Cufr\u00e9, Osorio y Florent\u00edn<\/strong>.<\/p>\n\n\n\n<p>La mujer coment\u00f3 haber quedado inconsciente despu\u00e9s de tomar dos latas de cerveza y fernet proveniente de un termo, lo que hizo crecer las <strong>sospechas de que la bebida conten\u00eda una sustancia sopor\u00edfera<\/strong>.<\/p>\n\n\n\n<p>Ante esta situaci\u00f3n, el <strong>abuso sexual <\/strong>habr\u00eda tenido lugar, lo que la llev\u00f3 a hacer la denuncia d\u00edas despu\u00e9s\u00a0acompa\u00f1ada por su abogada.<\/p>\n\n\n\n<p>En un comunicado difundido en sus redes sociales, la entidad del barrio de Liniers inform\u00f3 que <strong>\u00abresolvi\u00f3 la suspensi\u00f3n del contrato de trabajo\u00bb<\/strong> de Sebasti\u00e1n Sosa, Jos\u00e9 Florentin, Braian Cufr\u00e9 y Abiel Osorio, y dispuso \u00abel inicio de un sumario interno para que, a la m\u00e1xima brevedad, se determinen las medidas definitivas a tomar respecto de los cuatro jugadores\u00bb.<\/p>\n\n\n\n<p>De este modo, <strong>V\u00e9lez dej\u00f3 en suspenso el contrato de los futbolistas acusados de abuso sexual<\/strong> y que quedaron \u00abprivados de libertad\u00bb, anunci\u00f3 el club argentino que \u00abreitera su m\u00e1s profunda preocupaci\u00f3n por los hechos denunciados, que claramente son <strong>contrarios a los principios y valores de nuestra Instituci\u00f3n<\/strong>\u00ab.<\/p>\n","protected":false},"excerpt":{"rendered":"<p>Sebasti\u00e1n Sosa, Braian Cufr\u00e9, Abiel Osorio y Jos\u00e9 Florentin se hab\u00edan presentado a declarar ante las autoridades. Los cuatro futbolistas de V\u00e9lez Sarsfield que son acusados de abusar sexualmente de una joven quedaron detenidos\u00a0por decisi\u00f3n de la fiscal Eugenia Mar\u00eda Posse, tomada tras la declaraci\u00f3n de la denunciante en C\u00e1mara Gesell. Los jugadores llegaron este&hellip;<\/p>\n","protected":false},"author":1,"featured_media":129381,"comment_status":"open","ping_status":"open","sticky":false,"template":"","format":"standard","meta":{"footnotes":""},"categories":[20],"tags":[42447,783,42446,42516,25465,42517,42445,3121,8314],"class_list":["post-129380","post","type-post","status-publish","format-standard","has-post-thumbnail","hentry","category-judiciales","tag-abiel-osorio","tag-abuso-sexual","tag-braian-cufre","tag-fiscal-eugenia-maria-posse","tag-hotel-hilton","tag-jose-florentin","tag-sebastian-sosa","tag-tucuman","tag-velez-sarfield"],"_links":{"self":[{"href":"https:\/\/www.elsindical.com.ar\/notas\/wp-json\/wp\/v2\/posts\/129380","targetHints":{"allow":["GET"]}}],"collection":[{"href":"https:\/\/www.elsindical.com.ar\/notas\/wp-json\/wp\/v2\/posts"}],"about":[{"href":"https:\/\/www.elsindical.com.ar\/notas\/wp-json\/wp\/v2\/types\/post"}],"author":[{"embeddable":true,"href":"https:\/\/www.elsindical.com.ar\/notas\/wp-json\/wp\/v2\/users\/1"}],"replies":[{"embeddable":true,"href":"https:\/\/www.elsindical.com.ar\/notas\/wp-json\/wp\/v2\/comments?post=129380"}],"version-history":[{"count":1,"href":"https:\/\/www.elsindical.com.ar\/notas\/wp-json\/wp\/v2\/posts\/129380\/revisions"}],"predecessor-version":[{"id":129382,"href":"https:\/\/www.elsindical.com.ar\/notas\/wp-json\/wp\/v2\/posts\/129380\/revisions\/129382"}],"wp:featuredmedia":[{"embeddable":true,"href":"https:\/\/www.elsindical.com.ar\/notas\/wp-json\/wp\/v2\/media\/129381"}],"wp:attachment":[{"href":"https:\/\/www.elsindical.com.ar\/notas\/wp-json\/wp\/v2\/media?parent=129380"}],"wp:term":[{"taxonomy":"category","embeddable":true,"href":"https:\/\/www.elsindical.com.ar\/notas\/wp-json\/wp\/v2\/categories?post=129380"},{"taxonomy":"post_tag","embeddable":true,"href":"https:\/\/www.elsindical.com.ar\/notas\/wp-json\/wp\/v2\/tags?post=129380"}],"curies":[{"name":"wp","href":"https:\/\/api.w.org\/{rel}","templated":true}]}}