{"id":129361,"date":"2024-03-17T13:04:29","date_gmt":"2024-03-17T16:04:29","guid":{"rendered":"https:\/\/www.elsindical.com.ar\/notas\/?p=129361"},"modified":"2024-03-17T13:04:35","modified_gmt":"2024-03-17T16:04:35","slug":"industria-pyme-la-produccion-cayo-por-tercer-mes-consecutivo","status":"publish","type":"post","link":"https:\/\/www.elsindical.com.ar\/notas\/industria-pyme-la-produccion-cayo-por-tercer-mes-consecutivo\/","title":{"rendered":"Industria pyme: la producci\u00f3n cay\u00f3 por tercer mes consecutivo"},"content":{"rendered":"<div class=\"wp-block-image\">\n<figure class=\"aligncenter size-full\"><a href=\"https:\/\/www.elsindical.com.ar\/notas\/var\/www\/html\/notas\/wp-content\/uploads\/2019\/09\/industria-Pyme.jpg\"><img loading=\"lazy\" decoding=\"async\" width=\"600\" height=\"338\" src=\"https:\/\/www.elsindical.com.ar\/notas\/var\/www\/html\/notas\/wp-content\/uploads\/2019\/09\/industria-Pyme.jpg\" alt=\"\" class=\"wp-image-90134\" srcset=\"https:\/\/www.elsindical.com.ar\/notas\/var\/www\/html\/notas\/wp-content\/uploads\/2019\/09\/industria-Pyme.jpg 600w, https:\/\/www.elsindical.com.ar\/notas\/var\/www\/html\/notas\/wp-content\/uploads\/2019\/09\/industria-Pyme-300x169.jpg 300w, https:\/\/www.elsindical.com.ar\/notas\/var\/www\/html\/notas\/wp-content\/uploads\/2019\/09\/industria-Pyme-500x282.jpg 500w, https:\/\/www.elsindical.com.ar\/notas\/var\/www\/html\/notas\/wp-content\/uploads\/2019\/09\/industria-Pyme-460x260.jpg 460w\" sizes=\"auto, (max-width: 600px) 100vw, 600px\" \/><\/a><\/figure>\n<\/div>\n\n\n<p>Se registr\u00f3 un descenso de 7,7% y en el acumulado del a\u00f1o la actividad industrial cae 21,7%.<\/p>\n\n\n\n<p>La producci\u00f3n de la industria manufacturera pyme recort\u00f3 el nivel de ca\u00edda en febrero, al <strong>retroceder 9,9% frente al mismo mes del a\u00f1o pasado, <\/strong>a precios constantes, de acuerdo al relevamiento elaborado por la Confederaci\u00f3n Argentina de la Mediana Empresa (CAME).<\/p>\n\n\n\n<p>De esta manera, es el tercer mes consecutivo en que la actividad fabril cae, aunque <strong>aminor\u00f3 la tasa luego de haberse retra\u00eddo entre 27% y 30% en diciembre y enero, <\/strong>respectivamente. En cuanto a la comparaci\u00f3n mensual, desestacionalizada, el an\u00e1lisis revel\u00f3 que tambi\u00e9n se registr\u00f3 un descenso de 7,7% y en el acumulado del a\u00f1o la actividad cae 21,7%.<\/p>\n\n\n\n<p>El \u00cdndice de Producci\u00f3n Industrial Pyme (IPIP) reflej\u00f3 que las empresas <strong>operaron en febrero con 70,9% de su capacidad instalada, manteniendo los niveles de enero (70,8%).<\/strong> Asimismo, aport\u00f3 que \u201csi bien 32,7% de las industrias siguen reportando problemas para la reposici\u00f3n de stock, son dificultades de mucha menor escala que meses anteriores\u201d.<\/p>\n\n\n\n<p>Desde la entidad gremial-empresaria indicaron que \u201clo que m\u00e1s <strong>preocup\u00f3 en febrero fueron las subas de costos, especialmente en servicios<\/strong> y combustibles\u201d y precisaron que \u201clas industrias consultadas manifestaron las dificultades que conlleva trasladar a precios esos incrementos en el contexto actual\u201d.<\/p>\n\n\n\n<p>Al mismo tiempo, recogieron las primeras repercusiones del sector con respecto a la autorizaci\u00f3n del Gobierno para el ingreso al pa\u00eds sin restricciones de productos de la canasta b\u00e1sica producidos en el extranjero. En este sentido, CAME indic\u00f3 que \u201chay <strong>incertidumbre por el impacto que pudiera tener la apertura de importacione<\/strong>s en algunos sectores\u201d.<\/p>\n\n\n\n<p>Cinco de los seis sectores manufactureros del segmento pyme relevados tuvieron ca\u00eddas en la comparaci\u00f3n anual, pero los m\u00e1s afectados fueron \u201cPapel e Impresiones\u201d (-24,6%) y \u201cQu\u00edmicos y Pl\u00e1sticos\u201d (-23,1%).<\/p>\n\n\n\n<h2 class=\"wp-block-heading\">El rendimiento de cada sector<\/h2>\n\n\n\n<ul class=\"wp-block-list\">\n<li><strong>Alimentos y bebidas: <\/strong>el sector registr\u00f3 una ca\u00edda de 0,3% anual a precios constantes en febrero y de 1,1% en la comparaci\u00f3n intermensual. En los primeros dos meses del a\u00f1o acumula una baja de 14,6% anual. Las industrias operaron con 71,9% de su capacidad instalada.<\/li>\n\n\n\n<li><strong>Indumentaria y textil: <\/strong>el sector creci\u00f3 10,5% anual en febrero, aunque registr\u00f3 una ca\u00edda de 2,4% frente a enero. En los primeros dos meses del a\u00f1o acumula una baja de 1,3% anual. Las industrias operaron con 72,6% de su capacidad instalada, 4,4 puntos por encima del mes pasado, lo que refleja el repunte en la producci\u00f3n.<\/li>\n\n\n\n<li><strong>Maderas y muebles<\/strong>: en febrero el sector se retrajo 10% anual a precios constantes y 3% en la comparaci\u00f3n intermensual. Para los primeros dos meses del a\u00f1o acumula una baja interanual de 24,6%. Las industrias operaron con s\u00f3lo 70,2% de su capacidad instalada, 0,2 puntos por debajo de enero.<\/li>\n\n\n\n<li><strong>Met\u00e1licos, Maquinarias, Equipos y Material de Transporte: <\/strong>el sector tuvo una contracci\u00f3n de 15,2% anual a precios constantes en febrero y del 4,9% en la comparaci\u00f3n intermensual. En los primeros dos meses del a\u00f1o acumula una ca\u00edda de 27,9% en relaci\u00f3n con el mismo per\u00edodo del a\u00f1o pasado. Las industrias operaron al 68,9% de su capacidad instalada, casi 2 puntos por encima de enero.<\/li>\n\n\n\n<li><strong>Productos qu\u00edmicos y pl\u00e1sticos: <\/strong>la actividad del sector se contrajo 23,1% anual en febrero, siempre a precios constantes, y 6,2% en la comparaci\u00f3n intermensual. Con ese resultado, en los primeros dos meses del a\u00f1o acumula una baja de 31,2% frente al mismo per\u00edodo del a\u00f1o pasado. Durante este mes las industrias operaron con 69,9% de su capacidad instalada, casi sin cambios en relaci\u00f3n con enero (70,6%).<\/li>\n\n\n\n<li><strong>Papel, cart\u00f3n, edici\u00f3n e impresi\u00f3n<\/strong>: el sector experiment\u00f3 una marcada ca\u00edda de 24,6% anual a precios constantes en febrero y acumula un descenso de 26% en el primer bimestre del a\u00f1o. En t\u00e9rminos mensuales tambi\u00e9n se registr\u00f3 una retracci\u00f3n de 4,8%. Las empresas operaron con 76,3% de su capacidad instalada, 1,8 puntos m\u00e1s que en enero.<\/li>\n<\/ul>\n","protected":false},"excerpt":{"rendered":"<p>Se registr\u00f3 un descenso de 7,7% y en el acumulado del a\u00f1o la actividad industrial cae 21,7%. La producci\u00f3n de la industria manufacturera pyme recort\u00f3 el nivel de ca\u00edda en febrero, al retroceder 9,9% frente al mismo mes del a\u00f1o pasado, a precios constantes, de acuerdo al relevamiento elaborado por la Confederaci\u00f3n Argentina de la&hellip;<\/p>\n","protected":false},"author":1,"featured_media":90134,"comment_status":"open","ping_status":"open","sticky":false,"template":"","format":"standard","meta":{"footnotes":""},"categories":[9],"tags":[30396,7187,2450,22023,42513,24078],"class_list":["post-129361","post","type-post","status-publish","format-standard","has-post-thumbnail","hentry","category-economia","tag-caida-2","tag-came","tag-diario-el-sindical","tag-economia","tag-industria-pyme","tag-ipip"],"_links":{"self":[{"href":"https:\/\/www.elsindical.com.ar\/notas\/wp-json\/wp\/v2\/posts\/129361","targetHints":{"allow":["GET"]}}],"collection":[{"href":"https:\/\/www.elsindical.com.ar\/notas\/wp-json\/wp\/v2\/posts"}],"about":[{"href":"https:\/\/www.elsindical.com.ar\/notas\/wp-json\/wp\/v2\/types\/post"}],"author":[{"embeddable":true,"href":"https:\/\/www.elsindical.com.ar\/notas\/wp-json\/wp\/v2\/users\/1"}],"replies":[{"embeddable":true,"href":"https:\/\/www.elsindical.com.ar\/notas\/wp-json\/wp\/v2\/comments?post=129361"}],"version-history":[{"count":1,"href":"https:\/\/www.elsindical.com.ar\/notas\/wp-json\/wp\/v2\/posts\/129361\/revisions"}],"predecessor-version":[{"id":129362,"href":"https:\/\/www.elsindical.com.ar\/notas\/wp-json\/wp\/v2\/posts\/129361\/revisions\/129362"}],"wp:featuredmedia":[{"embeddable":true,"href":"https:\/\/www.elsindical.com.ar\/notas\/wp-json\/wp\/v2\/media\/90134"}],"wp:attachment":[{"href":"https:\/\/www.elsindical.com.ar\/notas\/wp-json\/wp\/v2\/media?parent=129361"}],"wp:term":[{"taxonomy":"category","embeddable":true,"href":"https:\/\/www.elsindical.com.ar\/notas\/wp-json\/wp\/v2\/categories?post=129361"},{"taxonomy":"post_tag","embeddable":true,"href":"https:\/\/www.elsindical.com.ar\/notas\/wp-json\/wp\/v2\/tags?post=129361"}],"curies":[{"name":"wp","href":"https:\/\/api.w.org\/{rel}","templated":true}]}}