{"id":129354,"date":"2024-03-16T15:30:41","date_gmt":"2024-03-16T18:30:41","guid":{"rendered":"https:\/\/www.elsindical.com.ar\/notas\/?p=129354"},"modified":"2024-03-16T15:30:46","modified_gmt":"2024-03-16T18:30:46","slug":"espert-llamo-a-no-pagar-el-impuestazo-de-la-provincia","status":"publish","type":"post","link":"https:\/\/www.elsindical.com.ar\/notas\/espert-llamo-a-no-pagar-el-impuestazo-de-la-provincia\/","title":{"rendered":"Espert llam\u00f3 a no pagar el \u201cimpuestazo\u201d de la Provincia"},"content":{"rendered":"\n<figure class=\"wp-block-image size-full\"><a href=\"https:\/\/www.elsindical.com.ar\/notas\/var\/www\/html\/notas\/wp-content\/uploads\/2018\/03\/Jos\u00e9-Luis-Espert.jpg\"><img loading=\"lazy\" decoding=\"async\" width=\"900\" height=\"620\" src=\"https:\/\/www.elsindical.com.ar\/notas\/var\/www\/html\/notas\/wp-content\/uploads\/2018\/03\/Jos\u00e9-Luis-Espert.jpg\" alt=\"\" class=\"wp-image-76654\" srcset=\"https:\/\/www.elsindical.com.ar\/notas\/var\/www\/html\/notas\/wp-content\/uploads\/2018\/03\/Jos\u00e9-Luis-Espert.jpg 900w, https:\/\/www.elsindical.com.ar\/notas\/var\/www\/html\/notas\/wp-content\/uploads\/2018\/03\/Jos\u00e9-Luis-Espert-300x207.jpg 300w, https:\/\/www.elsindical.com.ar\/notas\/var\/www\/html\/notas\/wp-content\/uploads\/2018\/03\/Jos\u00e9-Luis-Espert-768x529.jpg 768w, https:\/\/www.elsindical.com.ar\/notas\/var\/www\/html\/notas\/wp-content\/uploads\/2018\/03\/Jos\u00e9-Luis-Espert-435x300.jpg 435w\" sizes=\"auto, (max-width: 900px) 100vw, 900px\" \/><\/a><\/figure>\n\n\n\n<p class=\"wp-block-paragraph\">El diputado consider\u00f3 que es una \u00abrebeli\u00f3n fiscal con sentido com\u00fan\u00bb, tras la suba de impuestos en la Provincia.<\/p>\n\n\n\n<p class=\"wp-block-paragraph\">El diputado nacional<strong>&nbsp;Jos\u00e9 Luis Espert<\/strong>, flamante integrante del bloque de&nbsp;La Libertad Avanza, cuestion\u00f3 duramente al gobernador bonaerense, Axel&nbsp;Kicillof, y <strong>llam\u00f3 a los vecinos de la Provincia a no pagar los impuestos <\/strong>para realizar una \u201crebeli\u00f3n fiscal con sentido com\u00fan\u201d.<\/p>\n\n\n\n<p class=\"wp-block-paragraph\"><strong>\u201cKicillof ha generado un impuestazo fenomenal, pero nunca le alcanza. \u00bfEs un vampiro dentro de un banco de sangre? \u00bfMastica plata? El aumento de patentes, del inmobiliario residencial y del inmobiliario rural no hay que pagarlo. Y eso no es rebeli\u00f3n fiscal al pedo, sino rebeli\u00f3n fiscal con sentido com\u00fan\u201d<\/strong>, sostuvo el legislador oficialista.<\/p>\n\n\n\n<p class=\"wp-block-paragraph\">En declaraciones radiales, el economista liberal defendi\u00f3 su postura y explic\u00f3: \u201cYo soy el presidente de la Comisi\u00f3n de Presupuesto y Hacienda, pero antes de eso soy diputado nacional por la Provincia de Buenos Aires y mi obligaci\u00f3n es defender al pueblo\u201d.<\/p>\n\n\n\n<p class=\"wp-block-paragraph\">Al ser consultado sobre por qu\u00e9 la gente deber\u00eda abonar los impuestos nacionales o hacer frente a la reimplantaci\u00f3n de Ganancias, Espert manifest\u00f3: <strong>\u201cEs completamente diferente el caso del Gobierno del presidente Milei, que lo \u00fanico que est\u00e1 haciendo es restituir Ganancias, porque es un impuesto que existe en todo el mundo y si no lo ponemos, la OCDE no nos permite el ingreso\u201d<\/strong>.<\/p>\n\n\n\n<p class=\"wp-block-paragraph\">\u201cLa \u00fanica defensa que tenemos los contribuyentes cuando los pol\u00edticos no nos dan algo como contrapartida por los impuestos que pagamos no hay que pagar los impuestos\u201d, insisti\u00f3.<\/p>\n\n\n\n<p class=\"wp-block-paragraph\">Y concluy\u00f3: \u201cLa pol\u00edtica se quiere fumar en pipa al pueblo. Llamo a los bonaerenses a que no paguen el aumento impositivo\u201d.<\/p>\n","protected":false},"excerpt":{"rendered":"<p>El diputado consider\u00f3 que es una \u00abrebeli\u00f3n fiscal con sentido com\u00fan\u00bb, tras la suba de impuestos en la Provincia. El diputado nacional&nbsp;Jos\u00e9 Luis Espert, flamante integrante del bloque de&nbsp;La Libertad Avanza, cuestion\u00f3 duramente al gobernador bonaerense, Axel&nbsp;Kicillof, y llam\u00f3 a los vecinos de la Provincia a no pagar los impuestos para realizar una \u201crebeli\u00f3n fiscal&hellip;<\/p>\n","protected":false},"author":1,"featured_media":76654,"comment_status":"open","ping_status":"open","sticky":false,"template":"","format":"standard","meta":{"footnotes":""},"categories":[13],"tags":[42512,13798,2450,2520,28399,17582,42511],"class_list":["post-129354","post","type-post","status-publish","format-standard","has-post-thumbnail","hentry","category-politica","tag-axel-kiccillof","tag-axel-kicillof","tag-diario-el-sindical","tag-impuestos","tag-jose-luis-espert","tag-ocde","tag-rebelion-fiscal"],"_links":{"self":[{"href":"https:\/\/www.elsindical.com.ar\/notas\/wp-json\/wp\/v2\/posts\/129354","targetHints":{"allow":["GET"]}}],"collection":[{"href":"https:\/\/www.elsindical.com.ar\/notas\/wp-json\/wp\/v2\/posts"}],"about":[{"href":"https:\/\/www.elsindical.com.ar\/notas\/wp-json\/wp\/v2\/types\/post"}],"author":[{"embeddable":true,"href":"https:\/\/www.elsindical.com.ar\/notas\/wp-json\/wp\/v2\/users\/1"}],"replies":[{"embeddable":true,"href":"https:\/\/www.elsindical.com.ar\/notas\/wp-json\/wp\/v2\/comments?post=129354"}],"version-history":[{"count":1,"href":"https:\/\/www.elsindical.com.ar\/notas\/wp-json\/wp\/v2\/posts\/129354\/revisions"}],"predecessor-version":[{"id":129355,"href":"https:\/\/www.elsindical.com.ar\/notas\/wp-json\/wp\/v2\/posts\/129354\/revisions\/129355"}],"wp:featuredmedia":[{"embeddable":true,"href":"https:\/\/www.elsindical.com.ar\/notas\/wp-json\/wp\/v2\/media\/76654"}],"wp:attachment":[{"href":"https:\/\/www.elsindical.com.ar\/notas\/wp-json\/wp\/v2\/media?parent=129354"}],"wp:term":[{"taxonomy":"category","embeddable":true,"href":"https:\/\/www.elsindical.com.ar\/notas\/wp-json\/wp\/v2\/categories?post=129354"},{"taxonomy":"post_tag","embeddable":true,"href":"https:\/\/www.elsindical.com.ar\/notas\/wp-json\/wp\/v2\/tags?post=129354"}],"curies":[{"name":"wp","href":"https:\/\/api.w.org\/{rel}","templated":true}]}}